{"id":636098,"date":"2026-01-02T12:00:08","date_gmt":"2026-01-02T12:00:08","guid":{"rendered":"https:\/\/www.europesays.com\/fr\/636098\/"},"modified":"2026-01-02T12:00:08","modified_gmt":"2026-01-02T12:00:08","slug":"amazon-brade-enfin-le-pixel-10-pro-fold-le-smartphone-pliant-de-google-a-un-prix-avantageux-frandroid","status":"publish","type":"post","link":"https:\/\/www.europesays.com\/fr\/636098\/","title":{"rendered":"Amazon brade enfin le Pixel 10 Pro Fold, le smartphone pliant de Google, \u00e0 un prix avantageux &#8211; Frandroid"},"content":{"rendered":"<ol>\n<li><a href=\"https:\/\/news.google.com\/rss\/articles\/CBMi-wFBVV95cUxPWTlEc1FEN0RRaXRreFNuX1JKbDVIU2pmYXR2REVhWHdaclZGdFg3WWItb2F3QU9FOVE0VG56NEFFZGhkcGVybnZ1M0ZQX3pObENsbUtlMl9hMEN4QWZncUpyT3pCc0lNVk5scTlzVjhoQjU5R3h0WWRUUm5ocjRtcTRLeXp2WDdHRVk0SDFRUVgwMjZ1OGdhcEhuV19hZUp6R3Y3Z3J5WjJTZ0Uwdi12UjY3ekoybXQ2WHRiTFZaNkk1Vldjb3RjWG9SRkZsUk12aEUzUk04eW5xclNjYVM2YXJTLV93bTd2YkQzcWxWYjE4V29mcm5MWDJOVQ?oc=5\" target=\"_blank\" rel=\"noopener\">Amazon brade enfin le Pixel 10 Pro Fold, le smartphone pliant de Google, \u00e0 un prix avantageux<\/a>&nbsp;&nbsp;Frandroid<\/li>\n<li><a href=\"https:\/\/news.google.com\/rss\/articles\/CBMimwFBVV95cUxPZVJXcjZrMHlIOHIyV0VEaVZzSWpFN3hrM1FLY3dZaUVQbzAzMXQ2SjdVVGxfUGVZd3EwOEN0UTAzSXlDS2RMellsVE5VaURHNmpDSVJSYmJ5RlE5LVJYU0VIUWY5REtDczdhZDBkV2Z2Tk8xVkxPNU1HcDNMd1paRWpITWFTNzZyODBFZ3VYVzVwTlhpNy1LZUhvYw?oc=5\" target=\"_blank\" rel=\"noopener\">\u00c9v\u00e9nement : Le Google Pixel 10 est \u00e0 moins de 900 euros<\/a>&nbsp;&nbsp;20 Minutes<\/li>\n<li><a href=\"https:\/\/news.google.com\/rss\/articles\/CBMitgFBVV95cUxNSE9JWHhpNjAyS3RZMEM0eGRUaktUbGRPcl9aSWo4TDJ2U0dDZmxsa1did05EcmVLVldwSmJsX2RQWFZSbE1Dc0tkZUhLSW9pZkU2V3dybjEzOVRUMXRwd3ZMbkFIeW5jaU1Cb1FVOWYyTy1lRE54SG5BcE55QXdQNHB6NzN1UE9mZmNnVlozY3dVaFBqbGkzRGF1NFJpN1RraVpKN2xiNEcyek45elNrQWw5S0NqQQ?oc=5\" target=\"_blank\" rel=\"noopener\">Google Pixel 9a : le smartphone IA tombe \u00e0 un prix jamais vu sur Amazon<\/a>&nbsp;&nbsp;Clubic<\/li>\n<li><a href=\"https:\/\/news.google.com\/rss\/articles\/CBMiuAFBVV95cUxOa1lSRjBIeTk2M2xGbVRlVmR2alI5aVlGUkJ2ckVRZThucEVzQUVHREdVYTR2ZGdsdWhnaVVzRF9YZWtqb0xkdXZTdjE3cU92c29LNHpRU3RLTnRpd3ROYk5KSEdheE9XRXNpaEsybnFLOUpVRmd5VnZXNWM0RF9DTXpnbEpfaEQxRG8zbjI5d3VaNmtleXNhVmpoaV9KdGJ3b0pEZVFlRnB1RzlLYUJLOTVPNWxwdDVn?oc=5\" target=\"_blank\" rel=\"noopener\">Le smartphone \u00e0 petit prix du march\u00e9 le plus novateur, c&rsquo;est lui (et il va vous surprendre) !<\/a>&nbsp;&nbsp;LesMobiles<\/li>\n<li><a href=\"https:\/\/news.google.com\/rss\/articles\/CBMi2gFBVV95cUxPcS1rVXo5Q2lweDBKWGxZeXpDVVk4blhvVWJCaUEtekh2Qkk2MDBHTkdwOWo3UkxKSUNWV0JDNDlwamxEb0g3UkhGbkxBWHBaMFBxOTBkazh4M2dfRFp2cU55UXVoMG5YQ2lBSGw3NG5sckRYSDdUOExUcEdzcmZSRVZnd3JMaWVhSXU2T1VZVTMzQTlmWGE4U25EbEdaUjM5MldXOGNteEFIZ2hRUTZ5c1dXeTFJaDJ6UlhQbW1NYS11VlhPa05oWlNWc0JRZkFrTGhMQ3ZGNHRjQQ?oc=5\" target=\"_blank\" rel=\"noopener\">Double r\u00e9duction sur le Google Pixel 9 Pro XL : profitez de la remise \u00e0 -38% ET du code promo !<\/a>&nbsp;&nbsp;Futura, Le m\u00e9dia qui explore le monde<\/li>\n<\/ol>\n","protected":false},"excerpt":{"rendered":"Amazon brade enfin le Pixel 10 Pro Fold, le smartphone pliant de Google, \u00e0 un prix avantageux&nbsp;&nbsp;Frandroid \u00c9v\u00e9nement&hellip;\n","protected":false},"author":2,"featured_media":395849,"comment_status":"","ping_status":"","sticky":false,"template":"","format":"standard","meta":{"footnotes":""},"categories":[7],"tags":[1011,27,43,40,41,39,42,44],"class_list":{"0":"post-636098","1":"post","2":"type-post","3":"status-publish","4":"format-standard","5":"has-post-thumbnail","7":"category-sciences-et-technologies","8":"tag-fr","9":"tag-france","10":"tag-science","11":"tag-science-and-technology","12":"tag-sciences","13":"tag-sciences-et-technologies","14":"tag-technologies","15":"tag-technology"},"share_on_mastodon":{"url":"https:\/\/pubeurope.com\/@fr\/115825398922433617","error":""},"_links":{"self":[{"href":"https:\/\/www.europesays.com\/fr\/wp-json\/wp\/v2\/posts\/636098","targetHints":{"allow":["GET"]}}],"collection":[{"href":"https:\/\/www.europesays.com\/fr\/wp-json\/wp\/v2\/posts"}],"about":[{"href":"https:\/\/www.europesays.com\/fr\/wp-json\/wp\/v2\/types\/post"}],"author":[{"embeddable":true,"href":"https:\/\/www.europesays.com\/fr\/wp-json\/wp\/v2\/users\/2"}],"replies":[{"embeddable":true,"href":"https:\/\/www.europesays.com\/fr\/wp-json\/wp\/v2\/comments?post=636098"}],"version-history":[{"count":0,"href":"https:\/\/www.europesays.com\/fr\/wp-json\/wp\/v2\/posts\/636098\/revisions"}],"wp:featuredmedia":[{"embeddable":true,"href":"https:\/\/www.europesays.com\/fr\/wp-json\/wp\/v2\/media\/395849"}],"wp:attachment":[{"href":"https:\/\/www.europesays.com\/fr\/wp-json\/wp\/v2\/media?parent=636098"}],"wp:term":[{"taxonomy":"category","embeddable":true,"href":"https:\/\/www.europesays.com\/fr\/wp-json\/wp\/v2\/categories?post=636098"},{"taxonomy":"post_tag","embeddable":true,"href":"https:\/\/www.europesays.com\/fr\/wp-json\/wp\/v2\/tags?post=636098"}],"curies":[{"name":"wp","href":"https:\/\/api.w.org\/{rel}","templated":true}]}}