{"id":636101,"date":"2026-01-02T12:02:12","date_gmt":"2026-01-02T12:02:12","guid":{"rendered":"https:\/\/www.europesays.com\/fr\/636101\/"},"modified":"2026-01-02T12:02:12","modified_gmt":"2026-01-02T12:02:12","slug":"je-sais-bien-que-ce-genre-dachat-pese-dans-mon-quotidien-mais-lorsque-je-le-porte-toutes-mes-hesitations-senvolent","status":"publish","type":"post","link":"https:\/\/www.europesays.com\/fr\/636101\/","title":{"rendered":"\u00ab\u00a0Je sais bien que ce genre d\u2019achat p\u00e8se dans mon quotidien, mais lorsque je le porte, toutes mes h\u00e9sitations s\u2019envolent\u00a0\u00bb"},"content":{"rendered":"<p>                     <img loading=\"lazy\" decoding=\"async\" src=\"https:\/\/www.europesays.com\/fr\/wp-content\/uploads\/2026\/01\/dea1b8c_upload-1-o7prsisyyzai-petitsluxes-pierre-5.jpg\" alt=\"Pierre fouille dans son linge sale pour en tirer son tee-shirt pr\u00e9f\u00e9r\u00e9, s\u2019excusant qu\u2019il soit froiss\u00e9 pour la photo. \u00ab\u00a0Je n\u2019ai pas r\u00e9sist\u00e9 \u00e0 le porter\u00a0\u00bb, nous dit-il. Lorient, le 23\u00a0novembre\u00a02025.\"   width=\"664\" height=\"443\"\/>    Pierre fouille dans son linge sale pour en tirer son tee-shirt pr\u00e9f\u00e9r\u00e9, s\u2019excusant qu\u2019il soit froiss\u00e9 pour la photo. \u00ab\u00a0Je n\u2019ai pas r\u00e9sist\u00e9 \u00e0 le porter\u00a0\u00bb, nous dit-il. Lorient, le 23\u00a0novembre\u00a02025.  PIERRE X.                 <\/p>\n<p class=\"article__paragraph  \">\u00ab\u00a0Quand je flashe sur un tee-shirt, j\u2019ai toujours un moment de doute quand je passe en caisse. C\u2019est presque une remise en question\u00a0: est-ce que ce ne serait pas un achat compulsif\u00a0? Est-ce que je ne devrais pas plut\u00f4t garder ces 10 ou 15\u00a0euros pour l\u2019essence, la nourriture ou m\u00eame les sorties\u00a0? Je sais tr\u00e8s bien que ce genre d\u2019achat finit toujours par peser quelque part dans mon quotidien. Je suis \u00e9tudiant, en CAP cuisine en alternance, et clairement, je n\u2019ai pas beaucoup de moyens.<\/p>\n<p class=\"article__paragraph  \">Mais, lorsque je porte mon tee-shirt pour la premi\u00e8re fois, toutes mes h\u00e9sitations s\u2019envolent. Je suis heureux \u00e0 l\u2019id\u00e9e que les gens puissent appr\u00e9cier mon nouveau style. J\u2019ai l\u2019impression de faire un d\u00e9fil\u00e9 de mode dans la rue. \u201cTu as vu, j\u2019ai un nouveau tee-shirt, il m\u2019a co\u00fbt\u00e9 cher mais il est pas mal, non\u00a0?\u201d, voil\u00e0 ce que je pense. Evidemment, tout \u00e7a c\u2019est dans ma t\u00eate, je ne suis pas certain que qui que ce soit me remarque. Quand des amis me donnent leur avis, \u00e7a me touche, mais, au fond, je n\u2019attends pas vraiment de compliments.<\/p>\n<p class=\"reading-mode-only \"><strong>Il vous reste 81.47% de cet article \u00e0 lire. La suite est r\u00e9serv\u00e9e aux abonn\u00e9s.<\/strong><\/p>\n","protected":false},"excerpt":{"rendered":"Pierre fouille dans son linge sale pour en tirer son tee-shirt pr\u00e9f\u00e9r\u00e9, s\u2019excusant qu\u2019il soit froiss\u00e9 pour la&hellip;\n","protected":false},"author":2,"featured_media":636102,"comment_status":"","ping_status":"","sticky":false,"template":"","format":"standard","meta":{"footnotes":""},"categories":[5],"tags":[11,1011,27,14,12,28],"class_list":{"0":"post-636101","1":"post","2":"type-post","3":"status-publish","4":"format-standard","5":"has-post-thumbnail","7":"category-international","8":"tag-actualites","9":"tag-fr","10":"tag-france","11":"tag-international","12":"tag-news","13":"tag-world"},"share_on_mastodon":{"url":"https:\/\/pubeurope.com\/@fr\/115825406470008426","error":""},"_links":{"self":[{"href":"https:\/\/www.europesays.com\/fr\/wp-json\/wp\/v2\/posts\/636101","targetHints":{"allow":["GET"]}}],"collection":[{"href":"https:\/\/www.europesays.com\/fr\/wp-json\/wp\/v2\/posts"}],"about":[{"href":"https:\/\/www.europesays.com\/fr\/wp-json\/wp\/v2\/types\/post"}],"author":[{"embeddable":true,"href":"https:\/\/www.europesays.com\/fr\/wp-json\/wp\/v2\/users\/2"}],"replies":[{"embeddable":true,"href":"https:\/\/www.europesays.com\/fr\/wp-json\/wp\/v2\/comments?post=636101"}],"version-history":[{"count":0,"href":"https:\/\/www.europesays.com\/fr\/wp-json\/wp\/v2\/posts\/636101\/revisions"}],"wp:featuredmedia":[{"embeddable":true,"href":"https:\/\/www.europesays.com\/fr\/wp-json\/wp\/v2\/media\/636102"}],"wp:attachment":[{"href":"https:\/\/www.europesays.com\/fr\/wp-json\/wp\/v2\/media?parent=636101"}],"wp:term":[{"taxonomy":"category","embeddable":true,"href":"https:\/\/www.europesays.com\/fr\/wp-json\/wp\/v2\/categories?post=636101"},{"taxonomy":"post_tag","embeddable":true,"href":"https:\/\/www.europesays.com\/fr\/wp-json\/wp\/v2\/tags?post=636101"}],"curies":[{"name":"wp","href":"https:\/\/api.w.org\/{rel}","templated":true}]}}