{"id":63611,"date":"2025-04-30T05:42:14","date_gmt":"2025-04-30T05:42:14","guid":{"rendered":"https:\/\/www.europesays.com\/fr\/63611\/"},"modified":"2025-04-30T05:42:14","modified_gmt":"2025-04-30T05:42:14","slug":"rennes-un-homme-blesse-suite-a-une-agression-a-larme-blanche-place-sainte-anne","status":"publish","type":"post","link":"https:\/\/www.europesays.com\/fr\/63611\/","title":{"rendered":"Rennes\u00a0: un homme bless\u00e9 suite \u00e0 une agression \u00e0 l\u2019arme blanche, place Sainte-Anne"},"content":{"rendered":"<p>\u00c0 Rennes, dans la nuit de mardi 29 \u00e0 mercredi 30 avril, les sapeurs-pompiers ont \u00e9t\u00e9 appel\u00e9s peu avant 1 h du matin, \u00e0 00h48, afin d\u2019intervenir au niveau de la place Sainte-Anne : suite \u00e0 une agression \u00e0 l\u2019arme blanche, un homme \u00e2g\u00e9 de 30 ans \u00e9tait bless\u00e9, et pr\u00e9sentait plusieurs plaies au thorax et \u00e0 l\u2019\u00e9paule. Il a \u00e9t\u00e9 transport\u00e9 en urgence absolue \u00e0 l\u2019h\u00f4pital Pontchaillou.<\/p>\n","protected":false},"excerpt":{"rendered":"\u00c0 Rennes, dans la nuit de mardi 29 \u00e0 mercredi 30 avril, les sapeurs-pompiers ont \u00e9t\u00e9 appel\u00e9s peu&hellip;\n","protected":false},"author":2,"featured_media":63612,"comment_status":"","ping_status":"","sticky":false,"template":"","format":"standard","meta":{"footnotes":""},"categories":[2821],"tags":[1111,11,829,765,1777,674,118,3383,1011,27,848,12,584,25],"class_list":{"0":"post-63611","1":"post","2":"type-post","3":"status-publish","4":"format-standard","5":"has-post-thumbnail","7":"category-rennes","8":"tag-actu","9":"tag-actualites","10":"tag-bretagne","11":"tag-en-continu","12":"tag-eu","13":"tag-europe","14":"tag-faits-divers","15":"tag-faits-divers-a-rennes","16":"tag-fr","17":"tag-france","18":"tag-ille-et-vilaine","19":"tag-news","20":"tag-rennes","21":"tag-republique-francaise"},"share_on_mastodon":{"url":"https:\/\/pubeurope.com\/@fr\/114425321499962520","error":""},"_links":{"self":[{"href":"https:\/\/www.europesays.com\/fr\/wp-json\/wp\/v2\/posts\/63611","targetHints":{"allow":["GET"]}}],"collection":[{"href":"https:\/\/www.europesays.com\/fr\/wp-json\/wp\/v2\/posts"}],"about":[{"href":"https:\/\/www.europesays.com\/fr\/wp-json\/wp\/v2\/types\/post"}],"author":[{"embeddable":true,"href":"https:\/\/www.europesays.com\/fr\/wp-json\/wp\/v2\/users\/2"}],"replies":[{"embeddable":true,"href":"https:\/\/www.europesays.com\/fr\/wp-json\/wp\/v2\/comments?post=63611"}],"version-history":[{"count":0,"href":"https:\/\/www.europesays.com\/fr\/wp-json\/wp\/v2\/posts\/63611\/revisions"}],"wp:featuredmedia":[{"embeddable":true,"href":"https:\/\/www.europesays.com\/fr\/wp-json\/wp\/v2\/media\/63612"}],"wp:attachment":[{"href":"https:\/\/www.europesays.com\/fr\/wp-json\/wp\/v2\/media?parent=63611"}],"wp:term":[{"taxonomy":"category","embeddable":true,"href":"https:\/\/www.europesays.com\/fr\/wp-json\/wp\/v2\/categories?post=63611"},{"taxonomy":"post_tag","embeddable":true,"href":"https:\/\/www.europesays.com\/fr\/wp-json\/wp\/v2\/tags?post=63611"}],"curies":[{"name":"wp","href":"https:\/\/api.w.org\/{rel}","templated":true}]}}