{"id":636125,"date":"2026-01-02T12:15:15","date_gmt":"2026-01-02T12:15:15","guid":{"rendered":"https:\/\/www.europesays.com\/fr\/636125\/"},"modified":"2026-01-02T12:15:15","modified_gmt":"2026-01-02T12:15:15","slug":"dylan-pris-pour-un-imbecile-dans-lemission-voici-larticle-le-plus-lu-en-2025","status":"publish","type":"post","link":"https:\/\/www.europesays.com\/fr\/636125\/","title":{"rendered":"Dylan \u00ab\u00a0pris pour un imb\u00e9cile\u00a0\u00bb dans l&rsquo;\u00e9mission, voici l&rsquo;article le plus lu en 2025"},"content":{"rendered":"<p>                    Par<br \/>\n        <strong><br \/>\n            <a href=\"https:\/\/actu.fr\/auteur\/redaction-grenoble\" title=\"Consulter tous les articles de R\u00e9daction Grenoble\" target=\"_blank\" rel=\"noopener\">R\u00e9daction Grenoble<\/a><br \/>\n                    <\/strong><\/p>\n<p>        Publi\u00e9 le<\/p>\n<p>            2 janv. 2026 \u00e0 11h33        <\/p>\n<p>[Alors que 2025 vient de toucher \u00e0 sa fin, c\u2019est le moment de se pencher sur l\u2019article qui a eu le plus de succ\u00e8s sur <a href=\"https:\/\/actu.fr\/grenoble\/\" target=\"_blank\" rel=\"noopener\">actu Grenoble<\/a> l\u2019ann\u00e9e pass\u00e9e. Publi\u00e9 le 25 f\u00e9vrier 2025, l\u2019article \u00ab\u2009Arr\u00eat de TPMP\u2009: une d\u00e9cision m\u00e9rit\u00e9e pour Dylan \u00ab\u2009pris pour un imb\u00e9cile\u2009\u00bb dans l\u2019\u00e9mission\u2009\u00bb est le plus lu de l\u2019ann\u00e9e, avec pr\u00e8s de 346\u2009000 pages vues enregistr\u00e9es. Nous vous proposons de le (re) d\u00e9couvrir en ce d\u00e9but d\u2019ann\u00e9e 2026.]<\/p>\n<p>L\u2019\u00e9mission qui a fait percer Dylan sur les r\u00e9seaux sociaux<\/p>\n<p class=\" wall-content\">D\u00e8s vendredi 28\u00a0f\u00e9vrier, c\u2019en est fini des cha\u00eenes NRJ12 et C8 sur la TNT. Le Conseil d\u2019\u00c9tat a confirm\u00e9, mercredi 19\u00a0f\u00e9vrier, la d\u00e9cision de l\u2019Arcom. Les deux cha\u00eenes seront remplac\u00e9es par CMI TV et OFTV.<\/p>\n<p class=\" wall-content\">C\u2019est aussi la fin pour l\u2019\u00e9mission de Cyril Hanouna, Touche pas \u00e0 mon poste (TPMP), dans laquelle l\u2019Is\u00e9rois <a href=\"https:\/\/actu.fr\/auvergne-rhone-alpes\/grenoble_38185\/arret-de-tpmp-une-decision-meritee-pour-dylan-pris-pour-un-imbecile-dans-l-emission_62296805.html\" target=\"_blank\" rel=\"noopener\">Dylan Demontis<\/a> a, bien malgr\u00e9 lui,<strong> fait le buzz<\/strong> lors d\u2019une s\u00e9quence tourn\u00e9e \u00e0 la gare Montparnasse en 2023.<\/p>\n<p>\u00ab\u2009Dommage\u2009\u00bb pour les autres programmes de la cha\u00eene<\/p>\n<p class=\" wall-content\">\u00ab\u2009On m\u2019a pris pour un imb\u00e9cile, ils m\u2019avaient dit qu\u2019ils avaient les autorisations de la SNCF, regrette le jeune homme, joint par la r\u00e9daction. J\u2019aurais peut-\u00eatre d\u00fb me renseigner avant. C\u2019est le jeu.\u2009\u00bb<\/p>\n<p class=\" wall-content\">Concernant la d\u00e9cision de l\u2019Arcom de stopper l\u2019autorisation de diffusion de C8, \u00ab\u2009je trouve \u00e7a dommage car il y avait de bons programmes sur cette cha\u00eene. Ils sont oblig\u00e9s de subir pour une \u00e9mission probl\u00e9matique. En plus, \u00e7a va s\u00fbrement mettre des gens au ch\u00f4mage\u2026\u2009\u00bb<\/p>\n<p class=\" wall-content\">Pour Dylan Demontis, la d\u00e9cision est tout de m\u00eame<strong> \u00ab\u2009m\u00e9rit\u00e9e\u2009\u00bb<\/strong> pour TPMP.<\/p>\n<blockquote class=\"ac-article-quote wall-content\">\n<p>Interdire seulement l&rsquo;\u00e9mission et Cyril Hanouna sur la TNT, \u00e7a aurait peut-\u00eatre \u00e9t\u00e9 plus logique. M\u00eame si on parle de libert\u00e9 d&rsquo;expression, on n&rsquo;insulte pas les gens.\u00a0\u00a0<\/p>\n<p>    <strong>Dylan Demontis<\/strong>\n            <\/p><\/blockquote>\n<p class=\" wall-content\">Le jeune homme craint toutefois que l\u2019\u00e9mission \u00ab\u2009reparte sur une autre cha\u00eene\u2009\u00bb et provoque les m\u00eames probl\u00e9matiques chez un nouveau diffuseur.<\/p>\n<p>Votre r\u00e9gion, votre actu !<\/p>\n<p>Recevez chaque jour les infos qui comptent pour vous.<\/p>\n<p>\t<a href=\"https:\/\/actu.fr\/newsletter\" class=\"ac-btn ac-btn--corner ac-btn--medium ac-btn--blue800\" target=\"_blank\" rel=\"noopener\">S&rsquo;incrire<\/a><br \/>\nIl ne sera pas pr\u00e9sent pour la derni\u00e8re<\/p>\n<p class=\" wall-content\">Malgr\u00e9 le mauvais souvenir de son passage dans l\u2019\u00e9mission, Dylan Demontis a \u00e9t\u00e9 r\u00e9cemment contact\u00e9 par TPMP pour participer \u00e0 la derni\u00e8re, mais il a <strong>refus\u00e9<\/strong>.<\/p>\n<p class=\" wall-content\">\u00ab\u2009Ils ne se sont m\u00eame pas excus\u00e9s, apr\u00e8s deux ans de silence. L\u00e0, \u00e7a aurait certainement \u00e9t\u00e9 une dinguerie suppl\u00e9mentaire. Je m\u2019attends \u00e0 tout maintenant\u2009! En plus, comme ce sera la derni\u00e8re, ils n\u2019auront plus rien \u00e0 perdre\u2026\u2009\u00bb<\/p>\n<p class=\" wall-content\">Pour rappel, le Conseil d\u2019\u00c9tat a estim\u00e9 que la d\u00e9cision de l\u2019Arcom de ne pas renouveler l\u2019autorisation de diffusion de C8 \u00e9tait \u00ab\u2009juridiquement fond\u00e9e \u00e0 prendre en compte les manquements r\u00e9it\u00e9r\u00e9s commis par la cha\u00eene au cours des derni\u00e8res ann\u00e9es \u00e0 ses obligations l\u00e9gales et conventionnelles, notamment en mati\u00e8re de respect des droits de la personne, de protection des mineurs et de ma\u00eetrise de l\u2019antenne.\u2009\u00bb<\/p>\n<p class=\" wall-content\">Personnalisez votre actualit\u00e9 en ajoutant vos villes et m\u00e9dias en favori avec <a href=\"https:\/\/moncompte.actu.fr\" title=\"D\u00e9couvez Mon Actu\" rel=\"nofollow noopener\" data-trk=\"{&quot;cta&quot;:{&quot;action&quot;:&quot;https:\\\/\\\/moncompte.actu.fr&quot;,&quot;category&quot;:&quot;mon compte&quot;,&quot;from&quot;:&quot;article footer&quot;,&quot;name&quot;:&quot;Mon actu&quot;,&quot;type&quot;:&quot;cta&quot;}}\" target=\"_blank\">Mon Actu<\/a>.<\/p>\n","protected":false},"excerpt":{"rendered":"Par R\u00e9daction Grenoble Publi\u00e9 le 2 janv. 2026 \u00e0 11h33 [Alors que 2025 vient de toucher \u00e0 sa&hellip;\n","protected":false},"author":2,"featured_media":636126,"comment_status":"","ping_status":"","sticky":false,"template":"","format":"standard","meta":{"footnotes":""},"categories":[9566],"tags":[1111,11,2430,1777,674,1011,27,2731,500,12,25,104],"class_list":{"0":"post-636125","1":"post","2":"type-post","3":"status-publish","4":"format-standard","5":"has-post-thumbnail","7":"category-grenoble","8":"tag-actu","9":"tag-actualites","10":"tag-auvergne-rhone-alpes","11":"tag-eu","12":"tag-europe","13":"tag-fr","14":"tag-france","15":"tag-grenoble","16":"tag-medias","17":"tag-news","18":"tag-republique-francaise","19":"tag-societe"},"share_on_mastodon":{"url":"https:\/\/pubeurope.com\/@fr\/115825457780238917","error":""},"_links":{"self":[{"href":"https:\/\/www.europesays.com\/fr\/wp-json\/wp\/v2\/posts\/636125","targetHints":{"allow":["GET"]}}],"collection":[{"href":"https:\/\/www.europesays.com\/fr\/wp-json\/wp\/v2\/posts"}],"about":[{"href":"https:\/\/www.europesays.com\/fr\/wp-json\/wp\/v2\/types\/post"}],"author":[{"embeddable":true,"href":"https:\/\/www.europesays.com\/fr\/wp-json\/wp\/v2\/users\/2"}],"replies":[{"embeddable":true,"href":"https:\/\/www.europesays.com\/fr\/wp-json\/wp\/v2\/comments?post=636125"}],"version-history":[{"count":0,"href":"https:\/\/www.europesays.com\/fr\/wp-json\/wp\/v2\/posts\/636125\/revisions"}],"wp:featuredmedia":[{"embeddable":true,"href":"https:\/\/www.europesays.com\/fr\/wp-json\/wp\/v2\/media\/636126"}],"wp:attachment":[{"href":"https:\/\/www.europesays.com\/fr\/wp-json\/wp\/v2\/media?parent=636125"}],"wp:term":[{"taxonomy":"category","embeddable":true,"href":"https:\/\/www.europesays.com\/fr\/wp-json\/wp\/v2\/categories?post=636125"},{"taxonomy":"post_tag","embeddable":true,"href":"https:\/\/www.europesays.com\/fr\/wp-json\/wp\/v2\/tags?post=636125"}],"curies":[{"name":"wp","href":"https:\/\/api.w.org\/{rel}","templated":true}]}}