{"id":636127,"date":"2026-01-02T12:16:12","date_gmt":"2026-01-02T12:16:12","guid":{"rendered":"https:\/\/www.europesays.com\/fr\/636127\/"},"modified":"2026-01-02T12:16:12","modified_gmt":"2026-01-02T12:16:12","slug":"football-ligue-2-quatre-absents-des-grenoblois-ambitieux-les-infos-avant-bastia","status":"publish","type":"post","link":"https:\/\/www.europesays.com\/fr\/636127\/","title":{"rendered":"Football &#8211; Ligue 2. Quatre absents, des Grenoblois ambitieux\u2026 les infos avant Bastia"},"content":{"rendered":"<p>  Des bless\u00e9s mais aussi quelques retours attendus<\/p>\n<p>Le Grenoble Foot 38 se d\u00e9place \u00e0 Bastia ce samedi et compte dans ses rangs plusieurs joueurs bless\u00e9s. Parmi eux, deux attaquants, Nesta Elphege, sorti sur blessure lors du match de Coupe de France contre <a href=\"https:\/\/www.ledauphine.com\/sport\/2025\/12\/20\/la-porte-ou-le-reve-suivez-le-32e-de-finale-gf38-nancy-en-direct\" target=\"_blank\" rel=\"noopener\">Nancy avant la tr\u00eave (1-1, 3-5 tab)<\/a> mais aussi Moussa Djitt\u00e9, touch\u00e9 au mollet. Le gardien de but Mamadou Diop, qui a recommenc\u00e9 son travail d\u2019athl\u00e9tisation n\u2019est pas encore totalement remis de son probl\u00e8me musculaire au dos et fait \u00e9galement l\u2019impasse pour cette rencontre \u00e0 Bastia. Enfin, Baptiste Mouazan a lui aussi retrouv\u00e9 les terrains d\u2019entra\u00eenement apr\u00e8s sa blessure au pied. Il ne sera pas du voyage \u00e0 Bastia pour la reprise.<\/p>\n<p><a href=\"https:\/\/www.ledauphine.com\/sport\/calendrier-resultats\/football\/national-ligue-2\" target=\"_blank\" rel=\"noopener\">&gt;&gt; Retrouvez le calendrier, le classement et les r\u00e9sultats de la Ligue 2<\/a><\/p>\n<p>Ce contenu est bloqu\u00e9 car vous n&rsquo;avez pas accept\u00e9 les cookies et autres traceurs.<\/p>\n<p>En cliquant sur \u00ab J\u2019accepte \u00bb, les cookies et autres traceurs seront d\u00e9pos\u00e9s et vous pourrez visualiser les contenus  (<a href=\"\" class=\"consentModule_policy\" target=\"_blank\" title=\"Consulter la politique de protection des donn\u00e9es du fournisseur\">plus d&rsquo;informations<\/a>).<\/p>\n<p>En cliquant sur \u00ab J\u2019accepte tous les cookies \u00bb, vous autorisez des d\u00e9p\u00f4ts de cookies et autres traceurs pour le stockage de vos donn\u00e9es sur nos sites et applications \u00e0 des fins de personnalisation et de ciblage publicitaire.<\/p>\n<p class=\"consentModule_secondaryText\">Vous gardez la possibilit\u00e9 de retirer votre consentement \u00e0 tout moment en consultant notre <a href=\"https:\/\/www.ledauphine.com\/protection-des-donnees\" target=\"_blank\" title=\"Consulter notre politique de protection des donn\u00e9es\" rel=\"noopener\">politique de protection des donn\u00e9es<\/a>. <br \/>&#13;<br \/>\n            <a href=\"https:\/\/www.ledauphine.com\/sport\/2026\/01\/02\/javascript:Didomi.notice.show()\" class=\"consentModule_cmp\" target=\"_blank\" rel=\"noopener\">G\u00e9rer mes choix<\/a>&#13;\n        <\/p>\n<p>&#13;<br \/>\n                        J&rsquo;accepte&#13;<br \/>\n            J&rsquo;accepte tous les cookies&#13;\n        <\/p>\n<p>  Un premier d\u00e9placement p\u00e9rilleux<\/p>\n<p>Pour ce premier match de l\u2019ann\u00e9e, les Grenoblois se rendent chez la lanterne rouge du championnat de Ligue 2. Les Bastiais, qui n\u2019ont gagn\u00e9 qu\u2019une seule fois depuis le d\u00e9but de saison, sont bons derniers du classement et font partie des favoris pour la descente en National en fin de saison.<\/p>\n<p>Malgr\u00e9 tout, les joueurs du GF38 restent m\u00e9fiants depuis, notamment, le changement d\u2019entra\u00eeneur sur le banc du Sporting, o\u00f9 R\u00e9ginald Ray a pris la place de <a href=\"https:\/\/www.ledauphine.com\/p\/benoit-tavenot\" target=\"_blank\" rel=\"noopener\">Beno\u00eet Tavenot<\/a>. Les Grenoblois, qui ont marqu\u00e9 sept points (deux victoires, un nul) \u00e0 l\u2019ext\u00e9rieur depuis le d\u00e9but de saison, se retrouvent seulement \u00e0 la 17e place du classement ext\u00e9rieur. Les joueurs de <a href=\"https:\/\/www.ledauphine.com\/p\/franck-rizzetto\" target=\"_blank\" rel=\"noopener\">Franck Rizzetto<\/a> seraient bien inspir\u00e9s de chercher un nouveau succ\u00e8s loin du Stade des Alpes pour bien lancer l\u2019ann\u00e9e.<\/p>\n<p>  La d\u00e9claration<\/p>\n<p>\u00ab\u00a0On va aller \u00e0 Bastia et je pense que \u00e7a va \u00eatre une \u00e9quipe qui va avoir beaucoup d\u2019intentions et d\u2019envie. \u00c7a va \u00eatre un match tr\u00e8s compliqu\u00e9 et ils vont vouloir faire une tr\u00e8s grosse deuxi\u00e8me partie de saison pour se sauver. Pour eux, c\u2019est un match charni\u00e8re pour d\u00e9finitivement lancer leur mission maintien. \u00c0 nous de faire un gros match l\u00e0-bas, on sait que \u00e7a ne va pas \u00eatre \u00e9vident mais on peut mettre en place des choses pour aller chercher un r\u00e9sultat. Forc\u00e9ment, c\u2019est un match qui compte pour moi en tant qu\u2019ancien ajaccien. Il y a cette rivalit\u00e9 avec Bastia.\u00a0\u00bb De <a href=\"https:\/\/www.ledauphine.com\/sport\/2025\/09\/09\/vidal-tout-s-est-fait-tres-vite\" target=\"_blank\" rel=\"noopener\">Cl\u00e9ment Vidal<\/a> , d\u00e9fenseur du GF38.<\/p>\n","protected":false},"excerpt":{"rendered":"Des bless\u00e9s mais aussi quelques retours attendus Le Grenoble Foot 38 se d\u00e9place \u00e0 Bastia ce samedi et&hellip;\n","protected":false},"author":2,"featured_media":636128,"comment_status":"","ping_status":"","sticky":false,"template":"","format":"standard","meta":{"footnotes":""},"categories":[9566],"tags":[1111,11,2430,112,1777,674,1701,63,1011,27,12637,2731,2732,108,12636,12,25,517,1947],"class_list":{"0":"post-636127","1":"post","2":"type-post","3":"status-publish","4":"format-standard","5":"has-post-thumbnail","7":"category-grenoble","8":"tag-actu","9":"tag-actualites","10":"tag-auvergne-rhone-alpes","11":"tag-edition-grenoble-agglomeration","12":"tag-eu","13":"tag-europe","14":"tag-fil-info-sport","15":"tag-football","16":"tag-fr","17":"tag-france","18":"tag-gf38-grenoble-foot-38","19":"tag-grenoble","20":"tag-grenoble-bassin","21":"tag-isere","22":"tag-ligue-2-football","23":"tag-news","24":"tag-republique-francaise","25":"tag-sport","26":"tag-sport-national"},"share_on_mastodon":{"url":"https:\/\/pubeurope.com\/@fr\/115825461512054968","error":""},"_links":{"self":[{"href":"https:\/\/www.europesays.com\/fr\/wp-json\/wp\/v2\/posts\/636127","targetHints":{"allow":["GET"]}}],"collection":[{"href":"https:\/\/www.europesays.com\/fr\/wp-json\/wp\/v2\/posts"}],"about":[{"href":"https:\/\/www.europesays.com\/fr\/wp-json\/wp\/v2\/types\/post"}],"author":[{"embeddable":true,"href":"https:\/\/www.europesays.com\/fr\/wp-json\/wp\/v2\/users\/2"}],"replies":[{"embeddable":true,"href":"https:\/\/www.europesays.com\/fr\/wp-json\/wp\/v2\/comments?post=636127"}],"version-history":[{"count":0,"href":"https:\/\/www.europesays.com\/fr\/wp-json\/wp\/v2\/posts\/636127\/revisions"}],"wp:featuredmedia":[{"embeddable":true,"href":"https:\/\/www.europesays.com\/fr\/wp-json\/wp\/v2\/media\/636128"}],"wp:attachment":[{"href":"https:\/\/www.europesays.com\/fr\/wp-json\/wp\/v2\/media?parent=636127"}],"wp:term":[{"taxonomy":"category","embeddable":true,"href":"https:\/\/www.europesays.com\/fr\/wp-json\/wp\/v2\/categories?post=636127"},{"taxonomy":"post_tag","embeddable":true,"href":"https:\/\/www.europesays.com\/fr\/wp-json\/wp\/v2\/tags?post=636127"}],"curies":[{"name":"wp","href":"https:\/\/api.w.org\/{rel}","templated":true}]}}