{"id":636129,"date":"2026-01-02T12:17:10","date_gmt":"2026-01-02T12:17:10","guid":{"rendered":"https:\/\/www.europesays.com\/fr\/636129\/"},"modified":"2026-01-02T12:17:10","modified_gmt":"2026-01-02T12:17:10","slug":"asphyxies-chutes-troubles-neurologiques-en-ille-et-vilaine-la-prefecture-serre-la-vis-sur-le-gaz-hilarant","status":"publish","type":"post","link":"https:\/\/www.europesays.com\/fr\/636129\/","title":{"rendered":"Asphyxies, chutes, troubles neurologiques\u2026 En Ille-et-Vilaine, la pr\u00e9fecture serre la vis sur le \u00ab\u00a0gaz hilarant\u00a0\u00bb"},"content":{"rendered":"<p>C\u2019est un produit l\u00e9gal, utilis\u00e9 dans les siphons de chantilly, les a\u00e9rosols d\u2019air sec ou encore certaines bonbonnes m\u00e9dicales ou industrielles, mais dont l\u2019usage d\u00e9tourn\u00e9 est de plus en plus fr\u00e9quent. Le <a href=\"https:\/\/www.letelegramme.fr\/bretagne\/toutes-les-infos\/protoxyde-d-azote-le-nouveau-fleau-du-grand-ouest-342587.php\" target=\"_blank\" rel=\"noopener\">protoxyde d\u2019azote<\/a> &#8211; \u00e9galement connu sous le nom de \u00ab gaz hilarant \u00bb ou \u00ab proto \u00bb &#8211; a vu sa consommation \u00e0 des fins r\u00e9cr\u00e9atives exploser depuis les ann\u00e9es 2010 et quitter les milieux festifs pour <a href=\"https:\/\/www.letelegramme.fr\/sante\/protoxyde-dazote-une-consommation-completement-banalisee-alerte-un-biologiste-6931457.php\" target=\"_blank\" rel=\"noopener\">se banaliser<\/a>, notamment chez les jeunes. Souvent jug\u00e9e sans risque, l\u2019inhalation de la substance, qui induit une br\u00e8ve et rapide euphorie ainsi qu\u2019un \u00e9tat de flottement, comporte de s\u00e9rieux dangers pour la sant\u00e9. Dangers sur lesquels les autorit\u00e9s alertent depuis plusieurs ann\u00e9es.<\/p>\n<p>Alors que la r\u00e9glementation encadre d\u00e9j\u00e0 la vente du protoxyde d\u2019azote et est <a href=\"https:\/\/www.letelegramme.fr\/france\/linterdiction-de-la-vente-de-protoxyde-dazote-aux-particuliers-adoptee-a-lassemblee-6750983.php\" target=\"_blank\" rel=\"noopener\">amen\u00e9e \u00e0 se renforcer<\/a> &#8211; peu cher, le produit reste facilement trouvable en cartouches dans la grande distribution et en ligne -, le pr\u00e9fet d\u2019Ille-et-Vilaine a d\u00e9cid\u00e9 d\u2019aller plus loin et de prendre un arr\u00eat\u00e9 interdisant le transport, la d\u00e9tention et de la consommation du 31 d\u00e9cembre 2025 au 31 mars 2026. L\u2019interdiction vaut pour le protoxyde d\u2019azote \u00ab sous quelque forme que ce soit, \u00e0 des fins r\u00e9cr\u00e9atives, [\u2026] sur les voies et espaces publics du d\u00e9partement \u00bb, pr\u00e9cise l\u2019arr\u00eat\u00e9. \u00ab Il est interdit de jeter ou d\u2019abandonner dans l\u2019espace public tout r\u00e9cipient ayant contenu du gaz protoxyde d\u2019azote \u00bb, peut-on \u00e9galement lire dans le document.<\/p>\n<p>Saisies et amendes<\/p>\n<p>Les forces de l\u2019ordre sont autoris\u00e9es \u00e0 r\u00e9aliser des saisies et \u00e0 verbaliser les contrevenants. Ces derniers sont passibles d\u2019une amende de 3 750 \u20ac en cas de violation de l\u2019interdiction de vente aux mineurs, de vente dans les d\u00e9buts de boissons et de tabac, et de vente et de distribution de tout produit destin\u00e9 \u00e0 faciliter l\u2019extraction de protoxyde d\u2019azote, tels que les \u00ab crakers \u00bb et les ballons. En outre, \u00ab le fait de provoquer un mineur \u00e0 faire un usage d\u00e9tourn\u00e9 d\u2019un produit de consommation courante pour en obtenir des effets psychoactifs est un d\u00e9lit puni de 15 000 \u20ac d\u2019amende \u00bb, rappelle la Mission interminist\u00e9rielle de lutte contre les drogues et les conduites addictives (Mildeca) sur <a href=\"https:\/\/www.drogues.gouv.fr\/lusage-detourne-du-protoxyde-dazote-une-pratique-risques-de-plus-en-plus-repandue\" target=\"_blank\" rel=\"noopener\">son site internet<\/a>.<\/p>\n<p>Pour la pr\u00e9fecture bretillienne, c\u2019est \u00e0 la fois \u00ab un enjeu de sant\u00e9 publique et de s\u00e9curit\u00e9 \u00bb, car \u00ab consomm\u00e9 sur la voie publique ou avant de prendre le volant, le protoxyde d\u2019azote met en danger l\u2019ensemble des usagers : perte de r\u00e9flexe, perte de connaissance, vertiges, d\u00e9sorientation, comportements agit\u00e9s et violents \u00bb. \u00ab Les services de police et de gendarmerie signalent r\u00e9guli\u00e8rement des faits li\u00e9s \u00e0 la consommation de protoxyde d\u2019azote, qu\u2019il s\u2019agisse de violences physiques de d\u00e9gradations de bien ou d\u2019infraction du code de la route \u00bb, indique l\u2019arr\u00eat\u00e9.<\/p>\n<p>De gros risques<\/p>\n<p>Selon la pr\u00e9fecture de police de Paris, le protoxyde d\u2019azote est d\u00e9sormais la troisi\u00e8me substance la plus consomm\u00e9e par les jeunes, en dehors de l\u2019alcool et du tabac. Il a aussi \u00e9t\u00e9 dans <a href=\"https:\/\/www.letelegramme.fr\/faits-divers\/une-jeune-fille-de-18-ans-retrouvee-morte-chez-elle-a-roubaix-le-protoxyde-dazote-suspecte-6930281.php\" target=\"_blank\" rel=\"noopener\">le d\u00e9c\u00e8s<\/a> de plusieurs jeunes. \u00ab La pratique est de transf\u00e9rer le gaz dans un ballon directement plac\u00e9 \u00e0 la sortie du contenant et d\u2019inspirer ensuite le gaz contenu dans ce ballon \u00bb, explique l\u2019Observatoire fran\u00e7ais des drogues et des tendances addictives (OFDT), sur <a href=\"https:\/\/www.ofdt.fr\/glossaire\/protoxyde-d-azote\" target=\"_blank\" rel=\"noopener\">son site internet<\/a>. Selon ce dernier, la consommation de protoxyde d\u2019azote peut entra\u00eener des vertiges, maux de t\u00eate, naus\u00e9es, pertes d\u2019\u00e9quilibre, brefs \u00e9vanouissements, asphyxies, br\u00fblures, chutes et, en cas d\u2019usages chroniques et\/ou intensifs, des troubles neurologiques, h\u00e9matologiques, psychiatriques et cardiaques. Des risques augment\u00e9s en cas d\u2019associations avec d\u2019autres substances : alcool, opio\u00efdes, benzodiaz\u00e9pines (anxiolytiques et somnif\u00e8res)\u2026<\/p>\n","protected":false},"excerpt":{"rendered":"C\u2019est un produit l\u00e9gal, utilis\u00e9 dans les siphons de chantilly, les a\u00e9rosols d\u2019air sec ou encore certaines bonbonnes&hellip;\n","protected":false},"author":2,"featured_media":636130,"comment_status":"","ping_status":"","sticky":false,"template":"","format":"standard","meta":{"footnotes":""},"categories":[2821],"tags":[1111,11,829,765,1777,674,1011,27,848,12,584,25,71,656],"class_list":{"0":"post-636129","1":"post","2":"type-post","3":"status-publish","4":"format-standard","5":"has-post-thumbnail","7":"category-rennes","8":"tag-actu","9":"tag-actualites","10":"tag-bretagne","11":"tag-en-continu","12":"tag-eu","13":"tag-europe","14":"tag-fr","15":"tag-france","16":"tag-ille-et-vilaine","17":"tag-news","18":"tag-rennes","19":"tag-republique-francaise","20":"tag-sante","21":"tag-securite"},"share_on_mastodon":{"url":"https:\/\/pubeurope.com\/@fr\/115825465408460261","error":""},"_links":{"self":[{"href":"https:\/\/www.europesays.com\/fr\/wp-json\/wp\/v2\/posts\/636129","targetHints":{"allow":["GET"]}}],"collection":[{"href":"https:\/\/www.europesays.com\/fr\/wp-json\/wp\/v2\/posts"}],"about":[{"href":"https:\/\/www.europesays.com\/fr\/wp-json\/wp\/v2\/types\/post"}],"author":[{"embeddable":true,"href":"https:\/\/www.europesays.com\/fr\/wp-json\/wp\/v2\/users\/2"}],"replies":[{"embeddable":true,"href":"https:\/\/www.europesays.com\/fr\/wp-json\/wp\/v2\/comments?post=636129"}],"version-history":[{"count":0,"href":"https:\/\/www.europesays.com\/fr\/wp-json\/wp\/v2\/posts\/636129\/revisions"}],"wp:featuredmedia":[{"embeddable":true,"href":"https:\/\/www.europesays.com\/fr\/wp-json\/wp\/v2\/media\/636130"}],"wp:attachment":[{"href":"https:\/\/www.europesays.com\/fr\/wp-json\/wp\/v2\/media?parent=636129"}],"wp:term":[{"taxonomy":"category","embeddable":true,"href":"https:\/\/www.europesays.com\/fr\/wp-json\/wp\/v2\/categories?post=636129"},{"taxonomy":"post_tag","embeddable":true,"href":"https:\/\/www.europesays.com\/fr\/wp-json\/wp\/v2\/tags?post=636129"}],"curies":[{"name":"wp","href":"https:\/\/api.w.org\/{rel}","templated":true}]}}