{"id":636139,"date":"2026-01-02T12:22:12","date_gmt":"2026-01-02T12:22:12","guid":{"rendered":"https:\/\/www.europesays.com\/fr\/636139\/"},"modified":"2026-01-02T12:22:12","modified_gmt":"2026-01-02T12:22:12","slug":"en-images-plusieurs-vehicules-brules-dans-le-quartier-des-moulins-a-nice-pendant-la-nuit","status":"publish","type":"post","link":"https:\/\/www.europesays.com\/fr\/636139\/","title":{"rendered":"EN IMAGES. Plusieurs v\u00e9hicules br\u00fbl\u00e9s dans le quartier des Moulins \u00e0 Nice pendant la nuit"},"content":{"rendered":"<p class=\"article__intro\">Dans la nuit de jeudi \u00e0 vendredi, plusieurs voitures ont \u00e9t\u00e9 incendi\u00e9es dans le quartier des Moulins \u00e0 Nice. Les d\u00e9g\u00e2ts ont \u00e9t\u00e9 constat\u00e9s vendredi matin par les \u00e9quipes de France 3 C\u00f4te d&rsquo;Azur.<\/p>\n<p>\n      La Quotidienne Soci\u00e9t\u00e9\n    <\/p>\n<p>\n      De la vie quotidienne aux grands enjeux, recevez tous les jours les sujets qui font la soci\u00e9t\u00e9 locale, comme la justice, l\u2019\u00e9ducation, la sant\u00e9 et la famille.\n    <\/p>\n<p>    France T\u00e9l\u00e9visions utilise votre adresse e-mail afin de vous envoyer la newsletter \u00ab\u00a0La Quotidienne Soci\u00e9t\u00e9\u00a0\u00bb. Vous pouvez vous d\u00e9sinscrire \u00e0 tout moment via le lien en bas de cette newsletter. <a target=\"_blank\" href=\"https:\/\/www.francetelevisions.fr\/groupe\/confidentialite\/politique-de-confidentialite\/politique-de-confidentialite-de-france-televisions-6503\" rel=\"noopener\">Notre politique de confidentialit\u00e9<\/a><\/p>\n<p>Nouvelle nuit de tensions dans le quartier des Moulins \u00e0 Nice(<a href=\"https:\/\/france3-regions.franceinfo.fr\/provence-alpes-cote-d-azur\/alpes-maritimes\" target=\"_blank\" rel=\"noopener noreferrer nofollow\" data-tooltip-url=\"https:\/\/france3-regions.franceinfo.fr\/provence-alpes-cote-d-azur\/alpes-maritimes\">Alpes-Maritimes<\/a>). Dans la nuit du 1er au 2 janvier, plusieurs v\u00e9hicules ont \u00e9t\u00e9 retrouv\u00e9s calcin\u00e9s. Les carcasses ont \u00e9t\u00e9 d\u00e9couvertes au petit matin par les habitants du secteur.<\/p>\n<p><a data-article-figure=\"\" href=\"https:\/\/france3-regions.franceinfo.fr\/image\/F8rpFO6yqACaaS4ZvtIhUC_eozM\/1600x1200\/regions\/2026\/01\/02\/whatsapp-image-2026-01-02-at-10-28-41-69579ca649e8a951130731.jpg\" data-pswp-width=\"1600\" data-pswp-height=\"1200\" target=\"_blank\" rel=\"noopener\"><\/p>\n<p>          <img width=\"600\" height=\"400\" class=\"article-image lazy\" data-src=\"https:\/\/www.europesays.com\/fr\/wp-content\/uploads\/2026\/01\/whatsapp-image-2026-01-02-at-10-28-41-69579ca649e8a951130731.jpg\" alt=\"V\u00e9hicules br\u00fbl\u00e9s aux Moulins \u00e0 Nice\" fetchpriority=\"high\" as=\"image\"\/><\/p>\n<p>\n            V\u00e9hicules br\u00fbl\u00e9s aux Moulins \u00e0 Nice<br \/>\n                           \u2022<br \/>\n                                      \u00a9 FTV\n                      <\/p>\n<p><\/a><\/p>\n<p>Durant la nuit, des t\u00e9moins ont film\u00e9 les incendies depuis les immeubles environnants. Sur les images, on distingue d\u2019importantes fum\u00e9es ainsi que des flammes.<\/p>\n<p>\u00c0 ce stade, les circonstances de ces actes restent \u00e0 pr\u00e9ciser. On ignore encore si les feux sont d\u2019origine volontaire ou accidentelle et s\u2019ils ont donn\u00e9 lieu \u00e0 des interpellations.<\/p>\n<p>Contact\u00e9s par France 3 C\u00f4te d&rsquo;Azur, les services de police n&rsquo;ont, pour l&rsquo;heure, pas plus d&rsquo;informations \u00e0 nous communiquer.<\/p>\n<p><a data-article-figure=\"\" href=\"https:\/\/france3-regions.franceinfo.fr\/image\/ZphuYbSs9Kplk1uyGe_cotHp9d4\/1600x1200\/regions\/2026\/01\/02\/whatsapp-image-2026-01-02-at-10-28-40-69579cc2e36d5796677095.jpg\" data-pswp-width=\"1600\" data-pswp-height=\"1200\" target=\"_blank\" rel=\"noopener\"><\/p>\n<p>          <img width=\"600\" height=\"400\" class=\"article-image lazy\" data-src=\"https:\/\/www.europesays.com\/fr\/wp-content\/uploads\/2026\/01\/whatsapp-image-2026-01-02-at-10-28-40-69579cc2e36d5796677095.jpg\" alt=\"V\u00e9hicules br\u00fbl\u00e9s aux Moulins \u00e0 Nice\" fetchpriority=\"high\" as=\"image\"\/><\/p>\n<p>\n            V\u00e9hicules br\u00fbl\u00e9s aux Moulins \u00e0 Nice<br \/>\n                           \u2022<br \/>\n                                      \u00a9 FTV\n                      <\/p>\n<p><\/a><\/p>\n<p>Cet \u00e9pisode intervient dans un contexte d\u00e9j\u00e0 tendu aux Moulins.<\/p>\n<p>Le 6 d\u00e9cembre dernier, la police nationale des Alpes-Maritimes rappelait sur ses r\u00e9seaux sociaux le renforcement r\u00e9gulier de sa pr\u00e9sence sur place, notamment dans le cadre de la lutte contre le narcotrafic.<\/p>\n<p>Plusieurs interpellations avaient alors \u00e9t\u00e9 annonc\u00e9es.<\/p>\n<p>Le quartier, r\u00e9guli\u00e8rement cibl\u00e9 par des op\u00e9rations de s\u00e9curit\u00e9, reste marqu\u00e9 par des \u00e9pisodes de tensions r\u00e9currents.<\/p>\n<p>Les autorit\u00e9s devraient pr\u00e9ciser, dans les prochaines heures, les \u00e9ventuelles suites judiciaires des \u00e9v\u00e9nements de la nuit pass\u00e9e.<\/p>\n","protected":false},"excerpt":{"rendered":"Dans la nuit de jeudi \u00e0 vendredi, plusieurs voitures ont \u00e9t\u00e9 incendi\u00e9es dans le quartier des Moulins \u00e0&hellip;\n","protected":false},"author":2,"featured_media":636140,"comment_status":"","ping_status":"","sticky":false,"template":"","format":"standard","meta":{"footnotes":""},"categories":[2819],"tags":[1111,11,1777,674,1011,27,12,2401,882,25],"class_list":{"0":"post-636139","1":"post","2":"type-post","3":"status-publish","4":"format-standard","5":"has-post-thumbnail","7":"category-nice","8":"tag-actu","9":"tag-actualites","10":"tag-eu","11":"tag-europe","12":"tag-fr","13":"tag-france","14":"tag-news","15":"tag-nice","16":"tag-provence-alpes-cote-dazur","17":"tag-republique-francaise"},"share_on_mastodon":{"url":"https:\/\/pubeurope.com\/@fr\/115825485035238185","error":""},"_links":{"self":[{"href":"https:\/\/www.europesays.com\/fr\/wp-json\/wp\/v2\/posts\/636139","targetHints":{"allow":["GET"]}}],"collection":[{"href":"https:\/\/www.europesays.com\/fr\/wp-json\/wp\/v2\/posts"}],"about":[{"href":"https:\/\/www.europesays.com\/fr\/wp-json\/wp\/v2\/types\/post"}],"author":[{"embeddable":true,"href":"https:\/\/www.europesays.com\/fr\/wp-json\/wp\/v2\/users\/2"}],"replies":[{"embeddable":true,"href":"https:\/\/www.europesays.com\/fr\/wp-json\/wp\/v2\/comments?post=636139"}],"version-history":[{"count":0,"href":"https:\/\/www.europesays.com\/fr\/wp-json\/wp\/v2\/posts\/636139\/revisions"}],"wp:featuredmedia":[{"embeddable":true,"href":"https:\/\/www.europesays.com\/fr\/wp-json\/wp\/v2\/media\/636140"}],"wp:attachment":[{"href":"https:\/\/www.europesays.com\/fr\/wp-json\/wp\/v2\/media?parent=636139"}],"wp:term":[{"taxonomy":"category","embeddable":true,"href":"https:\/\/www.europesays.com\/fr\/wp-json\/wp\/v2\/categories?post=636139"},{"taxonomy":"post_tag","embeddable":true,"href":"https:\/\/www.europesays.com\/fr\/wp-json\/wp\/v2\/tags?post=636139"}],"curies":[{"name":"wp","href":"https:\/\/api.w.org\/{rel}","templated":true}]}}