{"id":636141,"date":"2026-01-02T12:23:10","date_gmt":"2026-01-02T12:23:10","guid":{"rendered":"https:\/\/www.europesays.com\/fr\/636141\/"},"modified":"2026-01-02T12:23:10","modified_gmt":"2026-01-02T12:23:10","slug":"redeem-sort-les-attelles-du-placard","status":"publish","type":"post","link":"https:\/\/www.europesays.com\/fr\/636141\/","title":{"rendered":"Redeem sort les attelles du placard"},"content":{"rendered":"<p>C\u2019est maintenant chose faite. D\u2019abord \u00e0 la S factory, p\u00e9pini\u00e8re \u00e0 Chantenay, puis \u00e0 la Forge des Batignolles, enfin, depuis peu, dans le nouveau b\u00e2timent Gina, \u00e0 deux pas du futur CHU. Redeem m\u00e9dical a organis\u00e9 son circuit de collecte en installant des bornes dans les \u00e9tablissements de sant\u00e9 et les pharmacies. Les attelles et orth\u00e8ses ainsi r\u00e9cup\u00e9r\u00e9es sont ensuite soigneusement tri\u00e9es, nettoy\u00e9es en profondeur selon les normes sanitaires en vigueur, d\u00e9sinfect\u00e9es et reconditionn\u00e9es, pourvues d\u2019un code d\u2019identification, pr\u00eates \u00e0 \u00eatre revendues. \u00c0 moindre impact environnemental et moindre co\u00fbt : \u00ab Depuis mars 2025, un d\u00e9cret autorise officiellement la remise en \u00e9tat d\u2019usage des dispositifs m\u00e9dicaux. La prochaine \u00e9tape, dont nous esp\u00e9rons l\u2019arriv\u00e9e en 2026, est l\u2019instauration d\u2019une nouvelle ligne de remboursement qui inciterait les pharmacies \u00e0 proposer prioritairement des attelles reconditionn\u00e9es, comme c\u2019est le cas pour les m\u00e9dicaments g\u00e9n\u00e9riques. \u00bb<\/p>\n<p>Car l\u2019avanc\u00e9e n\u2019est pas n\u00e9gligeable pour l\u2019assurance maladie, puisque les dispositifs m\u00e9dicaux repr\u00e9sentent chaque ann\u00e9e 500 millions d\u2019euros de d\u00e9penses. Les dispositifs reconditionn\u00e9s permettent une r\u00e9duction moyenne de 20 % sur le co\u00fbt des produits, en diminuant l\u2019impact environnemental de 30 % \u00e0 50 %, \u00ab car ils sont pour la plupart fabriqu\u00e9s tr\u00e8s loin. Le reconditionnement augmente la disponibilit\u00e9 des r\u00e9f\u00e9rences courantes, mais, surtout, r\u00e9duit le gaspillage tout en garantissant un haut niveau de soins. \u00bb\u00a0<\/p>\n","protected":false},"excerpt":{"rendered":"C\u2019est maintenant chose faite. D\u2019abord \u00e0 la S factory, p\u00e9pini\u00e8re \u00e0 Chantenay, puis \u00e0 la Forge des Batignolles,&hellip;\n","protected":false},"author":2,"featured_media":636142,"comment_status":"","ping_status":"","sticky":false,"template":"","format":"standard","meta":{"footnotes":""},"categories":[2818],"tags":[1111,11,1777,674,1011,27,766,12,2636,25],"class_list":{"0":"post-636141","1":"post","2":"type-post","3":"status-publish","4":"format-standard","5":"has-post-thumbnail","7":"category-nantes","8":"tag-actu","9":"tag-actualites","10":"tag-eu","11":"tag-europe","12":"tag-fr","13":"tag-france","14":"tag-nantes","15":"tag-news","16":"tag-pays-de-la-loire","17":"tag-republique-francaise"},"share_on_mastodon":{"url":"https:\/\/pubeurope.com\/@fr\/115825489018713127","error":""},"_links":{"self":[{"href":"https:\/\/www.europesays.com\/fr\/wp-json\/wp\/v2\/posts\/636141","targetHints":{"allow":["GET"]}}],"collection":[{"href":"https:\/\/www.europesays.com\/fr\/wp-json\/wp\/v2\/posts"}],"about":[{"href":"https:\/\/www.europesays.com\/fr\/wp-json\/wp\/v2\/types\/post"}],"author":[{"embeddable":true,"href":"https:\/\/www.europesays.com\/fr\/wp-json\/wp\/v2\/users\/2"}],"replies":[{"embeddable":true,"href":"https:\/\/www.europesays.com\/fr\/wp-json\/wp\/v2\/comments?post=636141"}],"version-history":[{"count":0,"href":"https:\/\/www.europesays.com\/fr\/wp-json\/wp\/v2\/posts\/636141\/revisions"}],"wp:featuredmedia":[{"embeddable":true,"href":"https:\/\/www.europesays.com\/fr\/wp-json\/wp\/v2\/media\/636142"}],"wp:attachment":[{"href":"https:\/\/www.europesays.com\/fr\/wp-json\/wp\/v2\/media?parent=636141"}],"wp:term":[{"taxonomy":"category","embeddable":true,"href":"https:\/\/www.europesays.com\/fr\/wp-json\/wp\/v2\/categories?post=636141"},{"taxonomy":"post_tag","embeddable":true,"href":"https:\/\/www.europesays.com\/fr\/wp-json\/wp\/v2\/tags?post=636141"}],"curies":[{"name":"wp","href":"https:\/\/api.w.org\/{rel}","templated":true}]}}