{"id":636143,"date":"2026-01-02T12:24:10","date_gmt":"2026-01-02T12:24:10","guid":{"rendered":"https:\/\/www.europesays.com\/fr\/636143\/"},"modified":"2026-01-02T12:24:10","modified_gmt":"2026-01-02T12:24:10","slug":"om-nantes-un-groupe-presque-au-complet-avant-om-nantes","status":"publish","type":"post","link":"https:\/\/www.europesays.com\/fr\/636143\/","title":{"rendered":"OM-Nantes Un groupe presque au complet avant OM-Nantes"},"content":{"rendered":"<p>De retour au centre Robert Louis-Dreyfus depuis dimanche, date de la reprise, les Olympiens sont encore \u00e0 l&rsquo;\u0153uvre ce vendredi matin, \u00e0 48 heures de la r\u00e9ception de Nantes, dimanche (15h), au stade V\u00e9lodrome. Le coach Roberto De Zerbi peut compter sur un groupe au complet, ou presque, <a href=\"https:\/\/www.laprovence.com\/article\/sports\/5589055608055\/football-can-le-maroc-daguerd-file-en-huitiemes-les-comores-sen-vont-avec-les-honneurs\" target=\"_blank\" rel=\"noopener\">puisque seul Nayef Aguerd, encore en lice \u00e0 la CAN avec le Maroc<\/a>, manque \u00e0 l&rsquo;appel. Longtemps bless\u00e9s, <a href=\"https:\/\/www.laprovence.com\/article\/om\/35378762378888\/om-la-cle-du-mercato-la-gestion-du-cas-gouiri-trois-anciens-olympiens-juge-les-enjeux-du-marche-hivernal\" target=\"_blank\" rel=\"noopener\">Amine Gouiri<\/a> et Hamed Traor\u00e9 prennent part \u00e0 la s\u00e9ance tout \u00e0 fait normalement.<\/p>\n<p>\u00c0 noter en revanche l&rsquo;absence sur la pelouse de Neal Maupay alors que ses comp\u00e8res Ulisses Garcia et Pol Lirola sont bien pr\u00e9sents.<\/p>\n","protected":false},"excerpt":{"rendered":"De retour au centre Robert Louis-Dreyfus depuis dimanche, date de la reprise, les Olympiens sont encore \u00e0 l&rsquo;\u0153uvre&hellip;\n","protected":false},"author":2,"featured_media":636144,"comment_status":"","ping_status":"","sticky":false,"template":"","format":"standard","meta":{"footnotes":""},"categories":[2818],"tags":[5734,1111,11,3917,3949,6664,1777,674,1011,27,2705,766,12,149,74354,2636,19722,5486,25],"class_list":{"0":"post-636143","1":"post","2":"type-post","3":"status-publish","4":"format-standard","5":"has-post-thumbnail","7":"category-nantes","8":"tag-5734","9":"tag-actu","10":"tag-actualites","11":"tag-avant","12":"tag-complet","13":"tag-dimanche","14":"tag-eu","15":"tag-europe","16":"tag-fr","17":"tag-france","18":"tag-groupe","19":"tag-nantes","20":"tag-news","21":"tag-om","22":"tag-om-nantes","23":"tag-pays-de-la-loire","24":"tag-presque","25":"tag-rencontre","26":"tag-republique-francaise"},"share_on_mastodon":{"url":"https:\/\/pubeurope.com\/@fr\/115825492834463382","error":""},"_links":{"self":[{"href":"https:\/\/www.europesays.com\/fr\/wp-json\/wp\/v2\/posts\/636143","targetHints":{"allow":["GET"]}}],"collection":[{"href":"https:\/\/www.europesays.com\/fr\/wp-json\/wp\/v2\/posts"}],"about":[{"href":"https:\/\/www.europesays.com\/fr\/wp-json\/wp\/v2\/types\/post"}],"author":[{"embeddable":true,"href":"https:\/\/www.europesays.com\/fr\/wp-json\/wp\/v2\/users\/2"}],"replies":[{"embeddable":true,"href":"https:\/\/www.europesays.com\/fr\/wp-json\/wp\/v2\/comments?post=636143"}],"version-history":[{"count":0,"href":"https:\/\/www.europesays.com\/fr\/wp-json\/wp\/v2\/posts\/636143\/revisions"}],"wp:featuredmedia":[{"embeddable":true,"href":"https:\/\/www.europesays.com\/fr\/wp-json\/wp\/v2\/media\/636144"}],"wp:attachment":[{"href":"https:\/\/www.europesays.com\/fr\/wp-json\/wp\/v2\/media?parent=636143"}],"wp:term":[{"taxonomy":"category","embeddable":true,"href":"https:\/\/www.europesays.com\/fr\/wp-json\/wp\/v2\/categories?post=636143"},{"taxonomy":"post_tag","embeddable":true,"href":"https:\/\/www.europesays.com\/fr\/wp-json\/wp\/v2\/tags?post=636143"}],"curies":[{"name":"wp","href":"https:\/\/api.w.org\/{rel}","templated":true}]}}