{"id":636145,"date":"2026-01-02T12:25:10","date_gmt":"2026-01-02T12:25:10","guid":{"rendered":"https:\/\/www.europesays.com\/fr\/636145\/"},"modified":"2026-01-02T12:25:10","modified_gmt":"2026-01-02T12:25:10","slug":"une-application-pour-mieux-trier-ses-dechets","status":"publish","type":"post","link":"https:\/\/www.europesays.com\/fr\/636145\/","title":{"rendered":"une application pour mieux trier ses d\u00e9chets"},"content":{"rendered":"<p>Depuis le 8\u00a0d\u00e9cembre, le Semoctom a enrichi son application (Semoctom +) avec un guide de tri interactif nouvelle g\u00e9n\u00e9ration, qui repose en partie sur la reconnaissance d\u2019objets par intelligence artificielle (IA) et permet aux habitants de l\u2019Entre-deux-Mers de trier plus facilement, plus rapidement et plus pr\u00e9cis\u00e9ment.<\/p>\n<p>Cette reconnaissance d\u2019objets par IA, aliment\u00e9e par des milliers de r\u00e9f\u00e9rences, offre aux habitants une solution simple et rapide pour savoir comment bien trier ses d\u00e9chets.<\/p>\n<p>Accessible directement par l\u2019application (t\u00e9l\u00e9chargeable sur les stores Apple et Android), ce nouveau service gratuit permet \u00e0 chaque habitant de v\u00e9rifier en quelques secondes dans quel bac il doit mettre un objet, un emballage ou un d\u00e9chet du quotidien\u00a0: il suffit de le photographier ou de taper son nom pour savoir comment le trier. Ce guide est \u00e9volutif puisqu\u2019il s\u2019enrichit continuellement gr\u00e2ce \u00e0 la contribution active des habitants et des partenaires. Une avanc\u00e9e concr\u00e8te pour un tri pr\u00e9cis et efficace, essentiel au recyclage des d\u00e9chets.<\/p>\n","protected":false},"excerpt":{"rendered":"Depuis le 8\u00a0d\u00e9cembre, le Semoctom a enrichi son application (Semoctom +) avec un guide de tri interactif nouvelle&hellip;\n","protected":false},"author":2,"featured_media":636146,"comment_status":"","ping_status":"","sticky":false,"template":"","format":"standard","meta":{"footnotes":""},"categories":[2817],"tags":[1111,11,1997,1777,674,1011,27,12,2219,25],"class_list":{"0":"post-636145","1":"post","2":"type-post","3":"status-publish","4":"format-standard","5":"has-post-thumbnail","7":"category-bordeaux","8":"tag-actu","9":"tag-actualites","10":"tag-bordeaux","11":"tag-eu","12":"tag-europe","13":"tag-fr","14":"tag-france","15":"tag-news","16":"tag-nouvelle-aquitaine","17":"tag-republique-francaise"},"share_on_mastodon":{"url":"https:\/\/pubeurope.com\/@fr\/115825496825138024","error":""},"_links":{"self":[{"href":"https:\/\/www.europesays.com\/fr\/wp-json\/wp\/v2\/posts\/636145","targetHints":{"allow":["GET"]}}],"collection":[{"href":"https:\/\/www.europesays.com\/fr\/wp-json\/wp\/v2\/posts"}],"about":[{"href":"https:\/\/www.europesays.com\/fr\/wp-json\/wp\/v2\/types\/post"}],"author":[{"embeddable":true,"href":"https:\/\/www.europesays.com\/fr\/wp-json\/wp\/v2\/users\/2"}],"replies":[{"embeddable":true,"href":"https:\/\/www.europesays.com\/fr\/wp-json\/wp\/v2\/comments?post=636145"}],"version-history":[{"count":0,"href":"https:\/\/www.europesays.com\/fr\/wp-json\/wp\/v2\/posts\/636145\/revisions"}],"wp:featuredmedia":[{"embeddable":true,"href":"https:\/\/www.europesays.com\/fr\/wp-json\/wp\/v2\/media\/636146"}],"wp:attachment":[{"href":"https:\/\/www.europesays.com\/fr\/wp-json\/wp\/v2\/media?parent=636145"}],"wp:term":[{"taxonomy":"category","embeddable":true,"href":"https:\/\/www.europesays.com\/fr\/wp-json\/wp\/v2\/categories?post=636145"},{"taxonomy":"post_tag","embeddable":true,"href":"https:\/\/www.europesays.com\/fr\/wp-json\/wp\/v2\/tags?post=636145"}],"curies":[{"name":"wp","href":"https:\/\/api.w.org\/{rel}","templated":true}]}}