{"id":636147,"date":"2026-01-02T12:26:11","date_gmt":"2026-01-02T12:26:11","guid":{"rendered":"https:\/\/www.europesays.com\/fr\/636147\/"},"modified":"2026-01-02T12:26:11","modified_gmt":"2026-01-02T12:26:11","slug":"le-corps-dun-jeune-homme-retrouve-dans-les-bassins-a-flot-apres-le-nouvel-an","status":"publish","type":"post","link":"https:\/\/www.europesays.com\/fr\/636147\/","title":{"rendered":"le corps d\u2019un jeune homme retrouv\u00e9 dans les Bassins \u00e0 flot apr\u00e8s le Nouvel An"},"content":{"rendered":"<p>\n    Le corps d\u2019un jeune Bordelais \u00e2g\u00e9 d\u2019une vingtaine d\u2019ann\u00e9es a \u00e9t\u00e9 retrouv\u00e9 jeudi apr\u00e8s-midi dans les Bassins \u00e0 flot. Il \u00e9tait port\u00e9 disparu depuis la nuit de la Saint-Sylvestre, apr\u00e8s avoir chut\u00e9 dans la Garonne en marge des c\u00e9l\u00e9brations du Nouvel An. Une enqu\u00eate a \u00e9t\u00e9 ouverte.<\/p>\n<p class=\"fig-paragraph\">La d\u00e9couverte macabre est intervenue ce jeudi 1er janvier en milieu d\u2019apr\u00e8s-midi. Les plongeurs de la brigade nautique de la gendarmerie ont rep\u00each\u00e9 le corps sans vie d\u2019un jeune homme au niveau du quai du S\u00e9n\u00e9gal, dans le secteur des\u00a0<a href=\"https:\/\/www.lefigaro.fr\/bordeaux\/bordeaux-le-corps-d-un-sexagenaire-retrouve-dans-les-bassins-a-flot-20240415?msockid=258c4318a154643d05395665a0ed65f9\" target=\"_blank\" data-fig-type=\"NewsFlash\" rel=\"sponsored noopener\" data-gtm-custom-categorie=\"navigation\" data-gtm-custom-action=\"crossclick\" data-gtm-custom-label=\"Contextuel\" data-gtm-event=\"customEventSPE\" data-fig-domain=\"LEFIGARO\">Bassins \u00e0 flot<\/a>, au nord de\u00a0<a href=\"https:\/\/www.lefigaro.fr\/bordeaux\/a-bordeaux-un-spectaculaire-incendie-se-declenche-dans-une-brasserie-emblematique-des-allees-de-tourny-20251230?msockid=258c4318a154643d05395665a0ed65f9\" target=\"_blank\" data-fig-type=\"NewsFlash\" rel=\"sponsored noopener\" data-gtm-custom-categorie=\"navigation\" data-gtm-custom-action=\"crossclick\" data-gtm-custom-label=\"Contextuel\" data-gtm-event=\"customEventSPE\" data-fig-domain=\"LEFIGARO\">Bordeaux<\/a>. La victime, \u00e2g\u00e9e de 20 ans et originaire de la m\u00e9tropole bordelaise, \u00e9tait recherch\u00e9e depuis plusieurs heures.<\/p>\n<p class=\"fig-paragraph\">L\u2019alerte avait \u00e9t\u00e9 donn\u00e9e dans la nuit du r\u00e9veillon, peu apr\u00e8s 2h30 du matin, lorsque deux passants avaient signal\u00e9 la chute d\u2019une personne dans la Garonne, alors que se d\u00e9roulaient encore les c\u00e9l\u00e9brations du Nouvel An, dans ce quartier tr\u00e8s festif du\u00a0<a href=\"https:\/\/www.lefigaro.fr\/bordeaux\/pourquoi-bordeaux-est-elle-aussi-baptisee-le-port-de-la-lune-20240203?msockid=258c4318a154643d05395665a0ed65f9\" target=\"_blank\" data-fig-type=\"NewsFlash\" rel=\"sponsored noopener\" data-gtm-custom-categorie=\"navigation\" data-gtm-custom-action=\"crossclick\" data-gtm-custom-label=\"Contextuel\" data-gtm-event=\"customEventSPE\" data-fig-domain=\"LEFIGARO\">port de la Lune<\/a>. D\u2019importants moyens de secours avaient aussit\u00f4t \u00e9t\u00e9 d\u00e9ploy\u00e9s, mobilisant des \u00e9quipes nautiques et cynophiles des sapeurs-pompiers. Malgr\u00e9 des recherches men\u00e9es toute la nuit, aucune trace du jeune homme n\u2019avait alors \u00e9t\u00e9 retrouv\u00e9e.<\/p>\n<p>                                            <a class=\"fig-a11y-skip\" href=\"#fig-a11y-skip-main-inarticle\" data-module=\"a11y-skip\" data-context=\"was @visible\"><br \/>\n    Passer la publicit\u00e9<br \/>\n<\/a>            <\/p>\n<p>                                            Une chute accidentelle\u00a0?<\/p>\n<p class=\"fig-paragraph\">Les op\u00e9rations ont repris d\u00e8s jeudi matin, avec le renfort de la gendarmerie. C\u2019est finalement en d\u00e9but d\u2019apr\u00e8s-midi que les plongeurs ont localis\u00e9 le corps, mettant fin aux espoirs de retrouver le disparu sain et sauf.<\/p>\n<p class=\"fig-paragraph\">Selon les premiers \u00e9l\u00e9ments, une seconde personne serait tomb\u00e9e dans le fleuve au m\u00eame moment, mais aurait r\u00e9ussi \u00e0 regagner la berge sans assistance. \u00c0 ce stade, les enqu\u00eateurs privil\u00e9gient la piste d\u2019une chute accidentelle. Des investigations sont en cours afin de pr\u00e9ciser les circonstances exactes du drame.<\/p>\n","protected":false},"excerpt":{"rendered":"Le corps d\u2019un jeune Bordelais \u00e2g\u00e9 d\u2019une vingtaine d\u2019ann\u00e9es a \u00e9t\u00e9 retrouv\u00e9 jeudi apr\u00e8s-midi dans les Bassins \u00e0&hellip;\n","protected":false},"author":2,"featured_media":636148,"comment_status":"","ping_status":"","sticky":false,"template":"","format":"standard","meta":{"footnotes":""},"categories":[2817],"tags":[1111,11,1997,6725,2715,1777,674,1011,27,12,2219,25],"class_list":{"0":"post-636147","1":"post","2":"type-post","3":"status-publish","4":"format-standard","5":"has-post-thumbnail","7":"category-bordeaux","8":"tag-actu","9":"tag-actualites","10":"tag-bordeaux","11":"tag-corps","12":"tag-disparition","13":"tag-eu","14":"tag-europe","15":"tag-fr","16":"tag-france","17":"tag-news","18":"tag-nouvelle-aquitaine","19":"tag-republique-francaise"},"share_on_mastodon":{"url":"https:\/\/pubeurope.com\/@fr\/115825500851567022","error":""},"_links":{"self":[{"href":"https:\/\/www.europesays.com\/fr\/wp-json\/wp\/v2\/posts\/636147","targetHints":{"allow":["GET"]}}],"collection":[{"href":"https:\/\/www.europesays.com\/fr\/wp-json\/wp\/v2\/posts"}],"about":[{"href":"https:\/\/www.europesays.com\/fr\/wp-json\/wp\/v2\/types\/post"}],"author":[{"embeddable":true,"href":"https:\/\/www.europesays.com\/fr\/wp-json\/wp\/v2\/users\/2"}],"replies":[{"embeddable":true,"href":"https:\/\/www.europesays.com\/fr\/wp-json\/wp\/v2\/comments?post=636147"}],"version-history":[{"count":0,"href":"https:\/\/www.europesays.com\/fr\/wp-json\/wp\/v2\/posts\/636147\/revisions"}],"wp:featuredmedia":[{"embeddable":true,"href":"https:\/\/www.europesays.com\/fr\/wp-json\/wp\/v2\/media\/636148"}],"wp:attachment":[{"href":"https:\/\/www.europesays.com\/fr\/wp-json\/wp\/v2\/media?parent=636147"}],"wp:term":[{"taxonomy":"category","embeddable":true,"href":"https:\/\/www.europesays.com\/fr\/wp-json\/wp\/v2\/categories?post=636147"},{"taxonomy":"post_tag","embeddable":true,"href":"https:\/\/www.europesays.com\/fr\/wp-json\/wp\/v2\/tags?post=636147"}],"curies":[{"name":"wp","href":"https:\/\/api.w.org\/{rel}","templated":true}]}}