{"id":636149,"date":"2026-01-02T12:27:11","date_gmt":"2026-01-02T12:27:11","guid":{"rendered":"https:\/\/www.europesays.com\/fr\/636149\/"},"modified":"2026-01-02T12:27:11","modified_gmt":"2026-01-02T12:27:11","slug":"un-week-end-glacial-a-toulouse-de-la-neige-annoncee-ces-prochains-jours","status":"publish","type":"post","link":"https:\/\/www.europesays.com\/fr\/636149\/","title":{"rendered":"un week-end glacial \u00e0 Toulouse, de la neige annonc\u00e9e ces prochains jours"},"content":{"rendered":"<p>                    Par<br \/>\n        <strong><br \/>\n            <a href=\"https:\/\/actu.fr\/auteur\/guillaume-laurens\" title=\"Consulter tous les articles de Guillaume Laurens\" target=\"_blank\" rel=\"noopener\">Guillaume Laurens<\/a><br \/>\n                    <\/strong><\/p>\n<p>        Publi\u00e9 le<\/p>\n<p>            2 janv. 2026 \u00e0 12h04        <\/p>\n<p>Va-t-il neiger \u00e0 <a href=\"https:\/\/actu.fr\/toulouse\/\" target=\"_blank\" rel=\"noopener\"><strong>Toulouse<\/strong><\/a>, ces prochains jours\u2009? L\u2019hypoth\u00e8se semble de plus en plus plausible, ce vendredi 2\u00a0janvier 2026, d\u2019apr\u00e8s les diff\u00e9rents mod\u00e8les m\u00e9t\u00e9o, alors que des <strong>premiers flocons<\/strong> vont tomber dans la nuit en <strong>Haute-Garonne<\/strong>. Le point sur <a href=\"https:\/\/actu.fr\/toulouse\/meteo\" target=\"_blank\" rel=\"noopener\">les pr\u00e9visions dans la Ville rose<\/a> en ce d\u00e9but d\u2019ann\u00e9e.<\/p>\n<p>Un vendredi tr\u00e8s froid sur Toulouse<\/p>\n<p class=\" wall-content\">Avant d\u2019entrevoir la neige, les Toulousains vont rester <strong>plong\u00e9s dans le froid<\/strong> quelques jours. Ce vendredi d\u00e9j\u00e0,<strong> -2,1\u00b0C<\/strong> ont \u00e9t\u00e9 enregistr\u00e9s \u00e0 3h30 dans la Ville rose, et il faisait toujours -1,4\u00b0C \u00e0 10\u00a0heures. Sous un ciel couvert, le mercure ne franchira pas les 5\u00b0C au meilleur de la journ\u00e9e. Des temp\u00e9ratures tr\u00e8s hivernales, et bien en dessous des normales de saison\u2009: <strong>cinq degr\u00e9s de moins<\/strong> en moyenne\u2009!<\/p>\n<p>De la neige dans le Comminges et le Volvestre cette nuit<\/p>\n<p class=\" wall-content\">Ailleurs, en Haute-Garonne, il devrait <strong>neiger<\/strong> ces prochaines heures sur le pi\u00e9mont pyr\u00e9n\u00e9en. Pas d\u2019avalanche en vue, mais <strong>quelques centim\u00e8tres<\/strong> \u00e0 l\u2019horizon du c\u00f4t\u00e9 de <strong>Luchon<\/strong>, et plus bas aussi.<\/p>\n<p class=\" wall-content\">\u00ab\u2009Dans la nuit de vendredi \u00e0 samedi, puis en matin\u00e9e, nous allons conna\u00eetre <strong>un petit \u00e9pisode neigeux<\/strong> sur le massif pyr\u00e9n\u00e9en, jusqu\u2019en plaine\u2009\u00bb, annonce <strong>Val\u00e9ry Mourot<\/strong>, pr\u00e9visionniste chez M\u00e9t\u00e9o France. \u00ab\u2009Le Luchonnais sera le mieux servi, mais il devrait aussi neiger plus bas\u2009\u00bb\u2009: \u00e0 <strong>Saint-Gaudens<\/strong>, et jusqu\u2019\u00e0 <strong>Carbonne<\/strong>. M\u00e9t\u00e9o France pr\u00e9voit \u00ab\u2009un cm de neige \u00e0 partir de 500\u00a0m\u00e8tres d\u2019altitude\u2009\u00bb.<\/p>\n<p>    <img   decoding=\"async\" loading=\"lazy\" src=\"https:\/\/www.europesays.com\/fr\/wp-content\/uploads\/2026\/01\/meteo-france-haute-garonne-samedi-3-janvier-1-960x640.jpg\" alt=\"Il devrait neiger cette nuit, mais aussi samedi matin, sur une bonne partie de la Haute-Garonne\" width=\"960\" height=\"640\"\/><br \/>\n    Il devrait neiger cette nuit, mais aussi samedi matin, sur une bonne partie de la Haute-Garonne (\u00a9M\u00e9t\u00e9o France)Un week-end glacial en pleine toulousaine<\/p>\n<p class=\" wall-content\">En <strong>plaine toulousaine<\/strong>, le week-end devrait \u00eatre du m\u00eame acabit que vendredi, mais toujours sans flocon\u2009: samedi 3\u00a0janvier, M\u00e9t\u00e9o France pr\u00e9voit sur <a href=\"https:\/\/meteofrance.com\/previsions-meteo-france\/toulouse\/31000\" target=\"_blank\" rel=\"noopener\">son site Internet<\/a> -1\u00b0C le matin et 5\u00b0C l\u2019apr\u00e8s-midi. Dimanche 4\u00a0janvier, il devrait faire encore plus froid\u2009: -2\u00b0C le matin, pas plus de 4\u00b0C l\u2019apr\u00e8s-midi.<\/p>\n<p>Vid\u00e9os : en ce moment sur Actu<\/p>\n<p class=\" wall-content\">Pour le d\u00e9but de semaine, lundi 5\u00a0janvier, les minimales resteront n\u00e9gatives (-1\u00b0C) et les temp\u00e9ratures maximales devraient encore chuter\u2009: pas plus de<strong> 3\u00b0C l\u2019apr\u00e8s-midi.<\/strong><\/p>\n<p>De la neige d\u00e8s mardi sur Toulouse\u2009?<\/p>\n<p class=\" wall-content\">\u00c0 cette heure, c\u2019est \u00e0 partir de <strong>mardi 6\u00a0janvier<\/strong> au matin que de <strong>la neige<\/strong> est annonc\u00e9e sur Toulouse. Avec des temp\u00e9ratures oscillant entre<strong> -2\u00b0C le matin<\/strong> et <strong>3\u00b0C l\u2019apr\u00e8s-midi<\/strong>, la Ville rose se r\u00e9veillera-t-elle sous un manteau blanc\u2009? C\u2019est ce qu\u2019annonce M\u00e9t\u00e9o France sur son site, avec un indice de confiance de 3\/5.<\/p>\n<p>Votre r\u00e9gion, votre actu !<\/p>\n<p>Recevez chaque jour les infos qui comptent pour vous.<\/p>\n<p>\t<a href=\"https:\/\/actu.fr\/newsletter\" class=\"ac-btn ac-btn--corner ac-btn--medium ac-btn--blue800\" target=\"_blank\" rel=\"noopener\">S&rsquo;incrire<\/a><\/p>\n<p>    <img   decoding=\"async\" loading=\"lazy\" src=\"https:\/\/www.europesays.com\/fr\/wp-content\/uploads\/2026\/01\/meteo-france-neige-toulouse-1-960x640.jpg\" alt=\"De la neige \u00e0 l'horizon sur Toulouse mardi, voire les jours suivants, selon M\u00e9t\u00e9o France\" width=\"960\" height=\"640\"\/><br \/>\n    De la neige \u00e0 l\u2019horizon sur Toulouse mardi, voire les jours suivants, annonce M\u00e9t\u00e9o France ce vendredi (\u00a9M\u00e9t\u00e9o France)<\/p>\n<p class=\" wall-content\">\u00ab\u2009Nous avons actuellement des remont\u00e9es et des conflits de masse d\u2019air dans les basses couches, ce sont des conditions qui rendent possibles les flocons\u2009\u00bb, confirme Val\u00e9ry Mourot, qui se veut encore prudent\u2009: \u00ab\u2009C\u2019est un peu t\u00f4t pour confirmer totalement ce sc\u00e9nario\u2009\u00bb.<\/p>\n<p class=\" wall-content\">Les mod\u00e8les de M\u00e9t\u00e9o France pr\u00e9voient \u00e9galement des flocons sur Toulouse m\u00eame <strong>mercredi apr\u00e8s-midi,<\/strong> entre deux averses, voire <strong>jeudi apr\u00e8s-midi<\/strong> et <strong>en soir\u00e9e<\/strong>, avec un combin\u00e9 pluie-neige.<\/p>\n<p class=\" wall-content\">Personnalisez votre actualit\u00e9 en ajoutant vos villes et m\u00e9dias en favori avec <a href=\"https:\/\/moncompte.actu.fr\" title=\"D\u00e9couvez Mon Actu\" rel=\"nofollow noopener\" data-trk=\"{&quot;cta&quot;:{&quot;action&quot;:&quot;https:\\\/\\\/moncompte.actu.fr&quot;,&quot;category&quot;:&quot;mon compte&quot;,&quot;from&quot;:&quot;article footer&quot;,&quot;name&quot;:&quot;Mon actu&quot;,&quot;type&quot;:&quot;cta&quot;}}\" target=\"_blank\">Mon Actu<\/a>.<\/p>\n","protected":false},"excerpt":{"rendered":"Par Guillaume Laurens Publi\u00e9 le 2 janv. 2026 \u00e0 12h04 Va-t-il neiger \u00e0 Toulouse, ces prochains jours\u2009? L\u2019hypoth\u00e8se&hellip;\n","protected":false},"author":2,"featured_media":636150,"comment_status":"","ping_status":"","sticky":false,"template":"","format":"standard","meta":{"footnotes":""},"categories":[2816],"tags":[1111,11,1777,674,1011,27,2487,2357,10584,12,2680,25,2312],"class_list":{"0":"post-636149","1":"post","2":"type-post","3":"status-publish","4":"format-standard","5":"has-post-thumbnail","7":"category-toulouse","8":"tag-actu","9":"tag-actualites","10":"tag-eu","11":"tag-europe","12":"tag-fr","13":"tag-france","14":"tag-meteo","15":"tag-meteo-france","16":"tag-neige","17":"tag-news","18":"tag-occitanie","19":"tag-republique-francaise","20":"tag-toulouse"},"share_on_mastodon":{"url":"https:\/\/pubeurope.com\/@fr\/115825504816279337","error":""},"_links":{"self":[{"href":"https:\/\/www.europesays.com\/fr\/wp-json\/wp\/v2\/posts\/636149","targetHints":{"allow":["GET"]}}],"collection":[{"href":"https:\/\/www.europesays.com\/fr\/wp-json\/wp\/v2\/posts"}],"about":[{"href":"https:\/\/www.europesays.com\/fr\/wp-json\/wp\/v2\/types\/post"}],"author":[{"embeddable":true,"href":"https:\/\/www.europesays.com\/fr\/wp-json\/wp\/v2\/users\/2"}],"replies":[{"embeddable":true,"href":"https:\/\/www.europesays.com\/fr\/wp-json\/wp\/v2\/comments?post=636149"}],"version-history":[{"count":0,"href":"https:\/\/www.europesays.com\/fr\/wp-json\/wp\/v2\/posts\/636149\/revisions"}],"wp:featuredmedia":[{"embeddable":true,"href":"https:\/\/www.europesays.com\/fr\/wp-json\/wp\/v2\/media\/636150"}],"wp:attachment":[{"href":"https:\/\/www.europesays.com\/fr\/wp-json\/wp\/v2\/media?parent=636149"}],"wp:term":[{"taxonomy":"category","embeddable":true,"href":"https:\/\/www.europesays.com\/fr\/wp-json\/wp\/v2\/categories?post=636149"},{"taxonomy":"post_tag","embeddable":true,"href":"https:\/\/www.europesays.com\/fr\/wp-json\/wp\/v2\/tags?post=636149"}],"curies":[{"name":"wp","href":"https:\/\/api.w.org\/{rel}","templated":true}]}}