{"id":636153,"date":"2026-01-02T12:29:10","date_gmt":"2026-01-02T12:29:10","guid":{"rendered":"https:\/\/www.europesays.com\/fr\/636153\/"},"modified":"2026-01-02T12:29:10","modified_gmt":"2026-01-02T12:29:10","slug":"decouvrez-ce-nouveau-lieu-evenementiel-xxl-tout-pres-de-lille","status":"publish","type":"post","link":"https:\/\/www.europesays.com\/fr\/636153\/","title":{"rendered":"d\u00e9couvrez ce nouveau lieu \u00e9v\u00e9nementiel XXL tout pr\u00e8s de Lille"},"content":{"rendered":"<p>                    Par<br \/>\n        <strong><br \/>\n            <a href=\"https:\/\/actu.fr\/auteur\/hervine-mahaud\" title=\"Consulter tous les articles de Hervine Mahaud\" target=\"_blank\" rel=\"noopener\">Hervine Mahaud<\/a><br \/>\n                    <\/strong><\/p>\n<p>        Publi\u00e9 le<\/p>\n<p>            2 janv. 2026 \u00e0 11h22        <\/p>\n<p>\u00c0 <a href=\"https:\/\/actu.fr\/hauts-de-france\/villeneuve-d-ascq_59009\" target=\"_blank\" rel=\"noopener\">Villeneuve-d\u2019Ascq<\/a>, au c\u0153ur du quartier en pleine mutation de <b>la Maillerie<\/b>, un nouveau lieu entend bien devenir un rendez-vous incontournable de la m\u00e9tropole lilloise. D\u00e9voil\u00e9 en d\u00e9cembre 2025, <b>Boxtown<\/b>\u00a0est un espace \u00e9v\u00e9nementiel et exp\u00e9rientiel, imagin\u00e9 par <b>Nhood<\/b> en partenariat avec <b>Grand Playground<\/b>. Il a comme ambition de faire vibrer le quartier gr\u00e2ce \u00e0 des <b>concerts, spectacles, \u00e9v\u00e9nements professionnels<\/b> et formats immersifs. Un projet d\u2019envergure qui pourrait bien red\u00e9finir l\u2019offre culturelle et \u00e9v\u00e9nementielle aux portes de <a href=\"https:\/\/actu.fr\/hauts-de-france\/lille_59350\" target=\"_blank\" rel=\"noopener\">Lille<\/a>.<\/p>\n<p>Boxtown, un nouveau lieu pour faire vibrer la Maillerie<\/p>\n<p class=\" wall-content\">Install\u00e9 sur le site de La Maillerie, o\u00f9 l\u2019on retrouvait le Grand Playground et les <a href=\"https:\/\/actu.fr\/hauts-de-france\/villeneuve-d-ascq_59009\/les-halles-gourmandes-de-la-maillerie-ouvrent-fin-novembre-a-villeneuve-d-ascq_45977142.html\" target=\"_blank\" rel=\"noopener\">Halles Gourmandes<\/a> (g\u00e9r\u00e9es par Biltoki au lancement en 2021), le lieu<b> <\/b>a \u00e9t\u00e9 enti\u00e8rement repens\u00e9, et a m\u00eame chang\u00e9 de nom : <b>Boxtown<\/b>.\u00a0<\/p>\n<p class=\" wall-content\">Ce nouvel espace incarne la volont\u00e9 de <b>Nhood<\/b>, entreprise sp\u00e9cialis\u00e9e dans les solutions immobili\u00e8res,\u00a0de cr\u00e9er des <b>lieux vivants, ouverts et utiles<\/b>, capables de renforcer l\u2019attractivit\u00e9 d\u2019un quartier en pleine transformation. \u00ab\u00a0Boxtown incarne notre ambition de cr\u00e9er des lieux vivants et ouverts, capables de s\u2019adapter aux usages et aux besoins des habitants, des professionnels et des partenaires\u00a0\u00bb, d\u00e9clare Audrey Delavault de la soci\u00e9t\u00e9 Nhood.<\/p>\n<p class=\" wall-content\">Pour cela, la soci\u00e9t\u00e9 s\u2019est rapproch\u00e9e du <a href=\"https:\/\/actu.fr\/hauts-de-france\/lille_59350\/grand-playground-lille-visite-ce-nouveau-lieu-vie-installe-dans-galerie-tanneurs_20377796.html\" target=\"_blank\" rel=\"noopener\">Grand Playground<\/a>. \u00ab\u00a0<a href=\"https:\/\/actu.fr\/hauts-de-france\/lille_59350\/grand-playground-lille-visite-ce-nouveau-lieu-vie-installe-dans-galerie-tanneurs_20377796.html\" target=\"_blank\" rel=\"noopener\">Quand on est arriv\u00e9s \u00e0 La Maillerie en 2023<\/a>, la halle ne fonctionnait pas vraiment. Avec nos \u00e9v\u00e9nements, on a montr\u00e9 le mod\u00e8le de ce qu\u2019il fallait faire. Notre client\u00e8le est contente de trouver une offre culturelle et \u00e9v\u00e9nementielle en dehors de Lille. On a su ramener du monde chaque week-end\u00a0\u00bb, nous explique Luc Tonye.<\/p>\n<p>Trois espaces compl\u00e9mentaires et modulables<\/p>\n<p class=\" wall-content\">Le site de La Maillerie a donc \u00e9volu\u00e9 pour devenir un complexe \u00e9v\u00e9nementiel, qui peut d\u00e9sormais <b>accueillir jusqu\u2019\u00e0 2 500 personnes<\/b>, avec une nouvelle zone de restauration, un rebranding complet et des possibilit\u00e9s de <b>privatisation<\/b>.<\/p>\n<p class=\" wall-content\">Concr\u00e8tement, on retrouve trois espaces pens\u00e9s pour multiplier les usages :<\/p>\n<p>Votre r\u00e9gion, votre actu !<\/p>\n<p>Recevez chaque jour les infos qui comptent pour vous.<\/p>\n<p>\t<a href=\"https:\/\/actu.fr\/newsletter\" class=\"ac-btn ac-btn--corner ac-btn--medium ac-btn--blue800\" target=\"_blank\" rel=\"noopener\">S&rsquo;incrire<\/a><\/p>\n<ul class=\" wall-content\">\n<li><b>Carton Brut<\/b>, un espace de <b>1 000 m\u00b2 modulables<\/b>, d\u00e9di\u00e9 aux \u00e9v\u00e9nements culturels, professionnels ou immersifs : concerts, spectacles, conventions, expositions ou sc\u00e8nes \u00e9ph\u00e9m\u00e8res.<\/li>\n<li><b>La R\u00e9serve<\/b>, avec <b>400 m\u00b2 d\u00e9di\u00e9s \u00e0 la cr\u00e9ativit\u00e9<\/b>, aux animations et aux exp\u00e9riences hybrides, pens\u00e9e comme un v\u00e9ritable laboratoire vivant.<\/li>\n<li><b>Le Stock<\/b>, un espace restauration repens\u00e9, directement connect\u00e9 \u00e0 la programmation \u00e9v\u00e9nementielle et \u00e0 la fr\u00e9quentation du lieu.<\/li>\n<\/ul>\n<p class=\" wall-content\">Gr\u00e2ce \u00e0 cette modularit\u00e9, Boxtown peut accueillir aussi bien des \u00e9v\u00e9nements grand public que des formats BtoB ou associatifs. \u00ab\u00a0Il y aura des spectacles, des concerts, des humoristes, mais aussi des conventions BtoB\u00a0\u00bb, \u00e9num\u00e8re Luc Tonye.<\/p>\n<p>LIVE, la nouvelle offre de Nhood pour attirer le public dans les lieux<\/p>\n<p class=\" wall-content\">Boxtown sert de vitrine pour LIVE, la nouvelle offre \u00e9v\u00e9nementielle lanc\u00e9e par Nhood. Son objectif : transformer des espaces (temporaires ou p\u00e9rennes) en <b>destinations actives et attractives<\/b>, capables de cr\u00e9er du lien social et de l\u2019\u00e9motion.<\/p>\n<p class=\" wall-content\">Cette offre repose sur quatre piliers :<\/p>\n<ul class=\" wall-content\">\n<li>l\u2019<b>activation des lieux<\/b> par la programmation culturelle et \u00e9v\u00e9nementielle,<\/li>\n<li>la <b>modularit\u00e9<\/b> des espaces,<\/li>\n<li>un <b>pilotage global<\/b> des sites,<\/li>\n<li>et un <b>ancrage local fort<\/b>, via des partenariats culturels et associatifs.<\/li>\n<\/ul>\n<p class=\" wall-content\">\u00ab\u00a0Avec LIVE, nous apportons une nouvelle approche de l\u2019activation et de la programmation, pour faire de chaque espace un lieu de rencontres, de cr\u00e9ativit\u00e9 et d\u2019exp\u00e9riences m\u00e9morables au service des territoires et de leur tissu \u00e9conomique. L\u2019approche partenariale privil\u00e9gi\u00e9e sur Boxtown fait qu\u2019en 2026, Carton Brut va accueillir une programmation ambitieuse, qui repr\u00e9sente un nouveau chapitre de ce lieu, permettant d\u2019apporter de la vie, du rythme et du sens, en lien avec les ambitions port\u00e9es par le propri\u00e9taire, notre client, la fonci\u00e8re Ceetrus\u00a0\u00bb, poursuit Audrey Delavault de Nhood.\u00a0<\/p>\n<p class=\" wall-content\">Amateurs d\u2019\u00e9v\u00e9nements, il faudra donc suivre de tr\u00e8s pr\u00e8s ce qu\u2019il se passe de ce c\u00f4t\u00e9 de la m\u00e9tropole de Lille !<\/p>\n<p class=\" wall-content\">Personnalisez votre actualit\u00e9 en ajoutant vos villes et m\u00e9dias en favori avec <a href=\"https:\/\/moncompte.actu.fr\" title=\"D\u00e9couvez Mon Actu\" rel=\"nofollow noopener\" data-trk=\"{&quot;cta&quot;:{&quot;action&quot;:&quot;https:\\\/\\\/moncompte.actu.fr&quot;,&quot;category&quot;:&quot;mon compte&quot;,&quot;from&quot;:&quot;article footer&quot;,&quot;name&quot;:&quot;Mon actu&quot;,&quot;type&quot;:&quot;cta&quot;}}\" target=\"_blank\">Mon Actu<\/a>.<\/p>\n","protected":false},"excerpt":{"rendered":"Par Hervine Mahaud Publi\u00e9 le 2 janv. 2026 \u00e0 11h22 \u00c0 Villeneuve-d\u2019Ascq, au c\u0153ur du quartier en pleine&hellip;\n","protected":false},"author":2,"featured_media":636154,"comment_status":"","ping_status":"","sticky":false,"template":"","format":"standard","meta":{"footnotes":""},"categories":[2815],"tags":[1111,11,33,1777,674,1011,27,811,1307,12,25],"class_list":{"0":"post-636153","1":"post","2":"type-post","3":"status-publish","4":"format-standard","5":"has-post-thumbnail","7":"category-lille","8":"tag-actu","9":"tag-actualites","10":"tag-economie","11":"tag-eu","12":"tag-europe","13":"tag-fr","14":"tag-france","15":"tag-hauts-de-france","16":"tag-lille","17":"tag-news","18":"tag-republique-francaise"},"share_on_mastodon":{"url":"https:\/\/pubeurope.com\/@fr\/115825512515097658","error":""},"_links":{"self":[{"href":"https:\/\/www.europesays.com\/fr\/wp-json\/wp\/v2\/posts\/636153","targetHints":{"allow":["GET"]}}],"collection":[{"href":"https:\/\/www.europesays.com\/fr\/wp-json\/wp\/v2\/posts"}],"about":[{"href":"https:\/\/www.europesays.com\/fr\/wp-json\/wp\/v2\/types\/post"}],"author":[{"embeddable":true,"href":"https:\/\/www.europesays.com\/fr\/wp-json\/wp\/v2\/users\/2"}],"replies":[{"embeddable":true,"href":"https:\/\/www.europesays.com\/fr\/wp-json\/wp\/v2\/comments?post=636153"}],"version-history":[{"count":0,"href":"https:\/\/www.europesays.com\/fr\/wp-json\/wp\/v2\/posts\/636153\/revisions"}],"wp:featuredmedia":[{"embeddable":true,"href":"https:\/\/www.europesays.com\/fr\/wp-json\/wp\/v2\/media\/636154"}],"wp:attachment":[{"href":"https:\/\/www.europesays.com\/fr\/wp-json\/wp\/v2\/media?parent=636153"}],"wp:term":[{"taxonomy":"category","embeddable":true,"href":"https:\/\/www.europesays.com\/fr\/wp-json\/wp\/v2\/categories?post=636153"},{"taxonomy":"post_tag","embeddable":true,"href":"https:\/\/www.europesays.com\/fr\/wp-json\/wp\/v2\/tags?post=636153"}],"curies":[{"name":"wp","href":"https:\/\/api.w.org\/{rel}","templated":true}]}}