{"id":636155,"date":"2026-01-02T12:30:13","date_gmt":"2026-01-02T12:30:13","guid":{"rendered":"https:\/\/www.europesays.com\/fr\/636155\/"},"modified":"2026-01-02T12:30:13","modified_gmt":"2026-01-02T12:30:13","slug":"losc-stade-rennais-fc-quels-sont-les-joueurs-passes-par-lille-et-rennes-depuis-1945","status":"publish","type":"post","link":"https:\/\/www.europesays.com\/fr\/636155\/","title":{"rendered":"LOSC &#8211; Stade Rennais FC : Quels sont les joueurs pass\u00e9s par Lille et Rennes depuis 1945 ?"},"content":{"rendered":"<p>Publi\u00e9 le 2 janvier 2026 \u00e0 11:31<\/p>\n<p><strong>Le LOSC et le Stade Rennais s\u2019opposent ce samedi dans le<br \/>\ncadre de la 17e journ\u00e9e de Ligue 1. Les deux clubs sont li\u00e9s dans<br \/>\nleur histoire par des joueurs pass\u00e9s d\u2019une entit\u00e9 \u00e0 l\u2019autre. La<br \/>\nliste est longue.<\/strong><\/p>\n<p>Le LOSC a termin\u00e9 l\u2019ann\u00e9e 2025 en encha\u00eenant quatre victoires<br \/>\ncons\u00e9cutives en Ligue 1, ce qui lui a permis de se hisser<br \/>\npleinement dans la lutte pour le podium, \u00e0 \u00e9galit\u00e9 de points (32)<br \/>\navec l\u2019Olympique de Marseille (3e). Pour maintenir la cadence, les<br \/>\nDogues s\u2019appr\u00eatent \u00e0 relever un d\u00e9fi de taille avec la r\u00e9ception du<br \/>\nStade Rennais (samedi, 21h05), sixi\u00e8me et pr\u00e9tendant l\u00e9gitime aux<br \/>\nplaces qualificatives pour une comp\u00e9tition europ\u00e9enne.<\/p>\n<p>Pour introduire ce rendez-vous, l\u2019un des premiers chocs de<br \/>\nl\u2019ann\u00e9e 2026, retour sur les nombreux joueurs ayant port\u00e9 les deux<br \/>\nmaillots, de Bernard Lama \u00e0 Benjamin Andr\u00e9.<\/p>\n<p>Les joueurs pass\u00e9s par le LOSC et le Stade Rennais<\/p>\n<p>Parmi les plus anciens, <strong>Georges Hatz<\/strong> a \u00e9volu\u00e9 \u00e0<br \/>\nLille lors de la saison 1945-1946 avant de rejoindre Rennes de 1946<br \/>\n\u00e0 1948. <strong>Justo Nuevo<\/strong> a quant \u00e0 lui port\u00e9 les<br \/>\ncouleurs lilloises en 1948-1949, puis celles du SRFC entre 1951 et<br \/>\n1954. <strong>Robert Lema\u00eetre<\/strong> a d\u00e9fendu les couleurs du<br \/>\nLOSC de 1953 \u00e0 1956, apr\u00e8s \u00eatre pass\u00e9 par Rennes de 1951 \u00e0 1953,<br \/>\ntandis que <strong>Jean-Paul Derousseau<\/strong> a jou\u00e9 \u00e0 Lille de<br \/>\n1953 \u00e0 1956, avec un passage rennais lors de la saison<br \/>\n1954-1955.<\/p>\n<p>Dans les ann\u00e9es 60, <strong>Michel Watteau<\/strong> a port\u00e9 le<br \/>\nmaillot lillois entre 1967 et 1969, apr\u00e8s une exp\u00e9rience rennaise<br \/>\nen 1965-1966. <strong>Andr\u00e9 Guy<\/strong> a \u00e9volu\u00e9 \u00e0 Lille de 1965 \u00e0<br \/>\n1967 avant de rejoindre le SRFC en 1971. <strong>Claude<br \/>\nDuba\u00eble<\/strong> a jou\u00e9 au LOSC de 1970 \u00e0 1972, apr\u00e8s avoir \u00e9volu\u00e9<br \/>\n\u00e0 Rennes de 1963 \u00e0 1966. <strong>Jean-No\u00ebl Dus\u00e9<\/strong> \u00e9tait dans<br \/>\nle Nord entre 1971 et 1976, avant de rejoindre la Bretagne de 1981<br \/>\n\u00e0 1983.<\/p>\n<p>Les ann\u00e9es 80 et 90 sont particuli\u00e8rement riches en joueurs<br \/>\ncommuns. <strong>Alain Doar\u00e9<\/strong> a port\u00e9 le maillot rennais de<br \/>\n1980 \u00e0 1988 avant de rejoindre Lille entre 1988 et 1990.<br \/>\n<strong>Bernard Lama<\/strong>, gardien embl\u00e9matique, a jou\u00e9 au LOSC<br \/>\nde 1981 \u00e0 1989, puis \u00e0 Rennes lors de la saison 2000-2001.<br \/>\n<strong>Jocelyn Angloma<\/strong> a \u00e9volu\u00e9 \u00e0 Lille de 1987 \u00e0 1990<br \/>\napr\u00e8s un passage rennais de 1985 \u00e0 1987, tandis que <strong>Guy<br \/>\nLacombe<\/strong> a port\u00e9 les couleurs des deux clubs quasiment<br \/>\nsimultan\u00e9ment entre 1985 et 1987. L\u2019attaquant a d\u2019abord rejoint<br \/>\nRennes avant d\u2019\u00eatre pr\u00eat\u00e9 \u00e0 Lille la saison suivante. On retrouve<br \/>\n\u00e9galement <strong>G\u00e9rard Soler<\/strong>, lillois en 1986 et rennais<br \/>\nen 1986-1987, <strong>Philippe Barraud<\/strong>, au LOSC entre<br \/>\n1988-1989 et au Stade Rennais FC entre 1980 et 1988, ou encore<br \/>\n<strong>Bob S\u00e9noussi<\/strong>, pass\u00e9 par Lille de 1997 \u00e0 1999 apr\u00e8s<br \/>\navoir \u00e9volu\u00e9 \u00e0 Rennes entre 1989 et 1992. Pour compl\u00e9ter ces<br \/>\nd\u00e9cenies,\u00a0<strong>Didier Christophe<\/strong> \u00e9tait joueur du<br \/>\nLOSC entre 1982 et 1984 puis du Stade Rrennais FC de 1985 \u00e0 1987.<br \/>\n<strong>Jean-Luc Ribar<\/strong> a \u2013 quant \u00e0 lui \u2013 \u00e9volu\u00e9 \u00e0 Lille de<br \/>\n1987 \u00e0 1988 avant de d\u00e9fendre les couleurs rennaises de 1989 \u00e0<br \/>\n1995. <strong>Pascal Rousseau<\/strong> a jou\u00e9 au LOSC en 1986-1987<br \/>\navant de s\u2019installer \u00e0 Rennes de 1991 \u00e0 1995.<\/p>\n<p>Dans les ann\u00e9es 2000, <strong>Bruno Cheyrou<\/strong> a port\u00e9 le<br \/>\nmaillot lillois de 1997 \u00e0 2002 avant de rejoindre Rennes entre 2006<br \/>\net 2010. <strong>Gr\u00e9gory Malicki<\/strong> a jou\u00e9 \u00e0 Lille de 2001 \u00e0<br \/>\n2009, apr\u00e8s un passage rennais entre 1999 et 2001. <strong>Jean<br \/>\nMakoun<\/strong>, lui, a marqu\u00e9 le LOSC de 2001 \u00e0 2008, avant de<br \/>\nrejoindre le Stade Rennais de 2012 \u00e0 2015. <strong>Philippe<br \/>\nLevenard<\/strong> a connu Lille entre 1994 et 1997, puis Rennes en<br \/>\n1997-1998.<\/p>\n<p>Plus r\u00e9cemment, <strong>Moussa Sow<\/strong> a \u00e9volu\u00e9 au LOSC de<br \/>\n2010 \u00e0 2012 apr\u00e8s un long passage \u00e0 Rennes de 2003 \u00e0 2010.<br \/>\n<strong>Emerson<\/strong> a port\u00e9 les couleurs lilloises entre 2006<br \/>\net 2011 avant de rejoindre Rennes en 2013-2014. <strong>Morgan<br \/>\nAmalfitano<\/strong> est pass\u00e9 par Lille en 2016-2017 puis par<br \/>\nRennes en 2017-2018. <strong>Serhou Guirassy<\/strong> a d\u00e9fendu le<br \/>\nLOSC lors de la saison 2015-2016, avant de s\u2019imposer \u00e0 Rennes entre<br \/>\n2020 et 2023. <strong>Xeka<\/strong>, pilier du milieu lillois de<br \/>\n2017 \u00e0 2022, a ensuite port\u00e9 les couleurs rennaises lors de la<br \/>\nsaison 2022-2023.<\/p>\n<p>Enfin, quelques noms plus r\u00e9cents compl\u00e8tent cette liste, comme<br \/>\n<strong>Hatem Ben Arfa<\/strong>, joueur du LOSC en 2022 apr\u00e8s un<br \/>\npassage \u00e0 Rennes en 2018-2019, <strong>Jonas Martin<\/strong>,<br \/>\nlillois entre 2022 et 2023 apr\u00e8s avoir jou\u00e9 \u00e0 Rennes de 2019 \u00e0<br \/>\n2022, ou encore <strong>Martin Terrier<\/strong>, form\u00e9 au LOSC<br \/>\nentre 2004 et 2018 avant de rejoindre Rennes de 2020 \u00e0 2024. Le<br \/>\nportier <strong>Beno\u00eet Costil<\/strong> a connu l\u2019aventure rennaise<br \/>\nentre 2011 et 2017 avant d\u2019arriver \u00e0 Lille six mois, en 2023. Pour<br \/>\nterminer, <strong>Benjamin Andr\u00e9<\/strong>, Dogue depuis 2019 a<br \/>\nport\u00e9 les couleurs des Rennais juste avant, entre 2014 et 2019.<\/p>\n","protected":false},"excerpt":{"rendered":"Publi\u00e9 le 2 janvier 2026 \u00e0 11:31 Le LOSC et le Stade Rennais s\u2019opposent ce samedi dans le&hellip;\n","protected":false},"author":2,"featured_media":636156,"comment_status":"","ping_status":"","sticky":false,"template":"","format":"standard","meta":{"footnotes":""},"categories":[2815],"tags":[1111,11,1777,674,1011,27,811,1307,12,25],"class_list":{"0":"post-636155","1":"post","2":"type-post","3":"status-publish","4":"format-standard","5":"has-post-thumbnail","7":"category-lille","8":"tag-actu","9":"tag-actualites","10":"tag-eu","11":"tag-europe","12":"tag-fr","13":"tag-france","14":"tag-hauts-de-france","15":"tag-lille","16":"tag-news","17":"tag-republique-francaise"},"share_on_mastodon":{"url":"https:\/\/pubeurope.com\/@fr\/115825516576592616","error":""},"_links":{"self":[{"href":"https:\/\/www.europesays.com\/fr\/wp-json\/wp\/v2\/posts\/636155","targetHints":{"allow":["GET"]}}],"collection":[{"href":"https:\/\/www.europesays.com\/fr\/wp-json\/wp\/v2\/posts"}],"about":[{"href":"https:\/\/www.europesays.com\/fr\/wp-json\/wp\/v2\/types\/post"}],"author":[{"embeddable":true,"href":"https:\/\/www.europesays.com\/fr\/wp-json\/wp\/v2\/users\/2"}],"replies":[{"embeddable":true,"href":"https:\/\/www.europesays.com\/fr\/wp-json\/wp\/v2\/comments?post=636155"}],"version-history":[{"count":0,"href":"https:\/\/www.europesays.com\/fr\/wp-json\/wp\/v2\/posts\/636155\/revisions"}],"wp:featuredmedia":[{"embeddable":true,"href":"https:\/\/www.europesays.com\/fr\/wp-json\/wp\/v2\/media\/636156"}],"wp:attachment":[{"href":"https:\/\/www.europesays.com\/fr\/wp-json\/wp\/v2\/media?parent=636155"}],"wp:term":[{"taxonomy":"category","embeddable":true,"href":"https:\/\/www.europesays.com\/fr\/wp-json\/wp\/v2\/categories?post=636155"},{"taxonomy":"post_tag","embeddable":true,"href":"https:\/\/www.europesays.com\/fr\/wp-json\/wp\/v2\/tags?post=636155"}],"curies":[{"name":"wp","href":"https:\/\/api.w.org\/{rel}","templated":true}]}}