{"id":636157,"date":"2026-01-02T12:31:15","date_gmt":"2026-01-02T12:31:15","guid":{"rendered":"https:\/\/www.europesays.com\/fr\/636157\/"},"modified":"2026-01-02T12:31:15","modified_gmt":"2026-01-02T12:31:15","slug":"les-revelations-dun-grand-espoir-apres-son-transfert-avorte-a-marseille","status":"publish","type":"post","link":"https:\/\/www.europesays.com\/fr\/636157\/","title":{"rendered":"les r\u00e9v\u00e9lations d&rsquo;un grand espoir apr\u00e8s son transfert avort\u00e9 \u00e0 Marseille"},"content":{"rendered":"<p>Au d\u00e9but de sa carri\u00e8re, Eliesse Ben Seghir aurait pu porter <a href=\"https:\/\/www.ledauphine.com\/sport\/2025\/12\/31\/om-janvier-sera-meilleur-lucas-ocampos-victime-d-une-paralysie-faciale\" target=\"_blank\" rel=\"noopener\">le maillot de l&rsquo;Olympique de Marseille<\/a>. En effet, avant de rejoindre les \u00e9quipes jeunes de l&rsquo;AS Monaco, avec lesquelles il a explos\u00e9, le Marocain a bien failli \u00e9pouser les couleurs de l&rsquo;OM.<\/p>\n<p><strong>&gt;&gt;\u00a0<\/strong><a href=\"https:\/\/www.ledauphine.com\/sport\/calendrier-resultats\/football\/national-ligue-1\" target=\"_blank\" rel=\"noopener\"><strong>Les r\u00e9sultats, le classement et le calendrier de Ligue 1<\/strong><\/a><\/p>\n<p>\u00ab\u00a0J&rsquo;\u00e9tais encore jeune, j&rsquo;ai \u00e9cout\u00e9 ma famille\u00a0\u00bb<\/p>\n<p>\u00ab\u00a0Pourquoi \u00e7a ne s&rsquo;est pas fait ? Franchement, m\u00eame aujourd&rsquo;hui je ne saurais l&rsquo;expliquer, a-t-il confi\u00e9 <a class=\"external_link\" href=\"https:\/\/www.youtube.com\/watch?v=KsLZJdoQM3I\" target=\"_blank\" rel=\"noopener\">au m\u00e9dia Afrikick<\/a>. J&rsquo;ai pleur\u00e9 quand on m&rsquo;a dit que je n&rsquo;allais pas \u00e0 l&rsquo;OM. J&rsquo;ai aussi fait le choix pour ma famille, car ma famille a voulu choisir la s\u00e9curit\u00e9 avant tout et pensait que Marseille n&rsquo;\u00e9tait pas le meilleur endroit pour moi pour \u00e9voluer. J&rsquo;\u00e9tais encore jeune, j&rsquo;ai \u00e9cout\u00e9 ma famille. Mais j&rsquo;ai pleur\u00e9.\u00a0\u00bb<\/p>\n<p>Avec Monaco, Ben Seghir a disput\u00e9 85 matches professionnels avant de rejoindre cet \u00e9t\u00e9 le Bayer Leverkusen contre 32 millions d&rsquo;euros.<\/p>\n","protected":false},"excerpt":{"rendered":"Au d\u00e9but de sa carri\u00e8re, Eliesse Ben Seghir aurait pu porter le maillot de l&rsquo;Olympique de Marseille. En&hellip;\n","protected":false},"author":2,"featured_media":636158,"comment_status":"","ping_status":"","sticky":false,"template":"","format":"standard","meta":{"footnotes":""},"categories":[2814],"tags":[1111,11,885,3859,1777,674,1701,1011,27,7020,884,12,7862,882,25,517,1947,4520],"class_list":{"0":"post-636157","1":"post","2":"type-post","3":"status-publish","4":"format-standard","5":"has-post-thumbnail","7":"category-marseille","8":"tag-actu","9":"tag-actualites","10":"tag-bouches-du-rhone","11":"tag-edition-provencale","12":"tag-eu","13":"tag-europe","14":"tag-fil-info-sport","15":"tag-fr","16":"tag-france","17":"tag-ligue-1-football","18":"tag-marseille","19":"tag-news","20":"tag-om-olympique-de-marseille","21":"tag-provence-alpes-cote-dazur","22":"tag-republique-francaise","23":"tag-sport","24":"tag-sport-national","25":"tag-vaucluse"},"share_on_mastodon":{"url":"https:\/\/pubeurope.com\/@fr\/115825520461022748","error":""},"_links":{"self":[{"href":"https:\/\/www.europesays.com\/fr\/wp-json\/wp\/v2\/posts\/636157","targetHints":{"allow":["GET"]}}],"collection":[{"href":"https:\/\/www.europesays.com\/fr\/wp-json\/wp\/v2\/posts"}],"about":[{"href":"https:\/\/www.europesays.com\/fr\/wp-json\/wp\/v2\/types\/post"}],"author":[{"embeddable":true,"href":"https:\/\/www.europesays.com\/fr\/wp-json\/wp\/v2\/users\/2"}],"replies":[{"embeddable":true,"href":"https:\/\/www.europesays.com\/fr\/wp-json\/wp\/v2\/comments?post=636157"}],"version-history":[{"count":0,"href":"https:\/\/www.europesays.com\/fr\/wp-json\/wp\/v2\/posts\/636157\/revisions"}],"wp:featuredmedia":[{"embeddable":true,"href":"https:\/\/www.europesays.com\/fr\/wp-json\/wp\/v2\/media\/636158"}],"wp:attachment":[{"href":"https:\/\/www.europesays.com\/fr\/wp-json\/wp\/v2\/media?parent=636157"}],"wp:term":[{"taxonomy":"category","embeddable":true,"href":"https:\/\/www.europesays.com\/fr\/wp-json\/wp\/v2\/categories?post=636157"},{"taxonomy":"post_tag","embeddable":true,"href":"https:\/\/www.europesays.com\/fr\/wp-json\/wp\/v2\/tags?post=636157"}],"curies":[{"name":"wp","href":"https:\/\/api.w.org\/{rel}","templated":true}]}}