{"id":636159,"date":"2026-01-02T12:32:13","date_gmt":"2026-01-02T12:32:13","guid":{"rendered":"https:\/\/www.europesays.com\/fr\/636159\/"},"modified":"2026-01-02T12:32:13","modified_gmt":"2026-01-02T12:32:13","slug":"marseille-un-corps-retrouve-dans-le-coffre-dune-voiture-incendiee","status":"publish","type":"post","link":"https:\/\/www.europesays.com\/fr\/636159\/","title":{"rendered":"Marseille : un corps retrouv\u00e9 dans le coffre d&rsquo;une voiture incendi\u00e9e"},"content":{"rendered":"<ul class=\"jsx-862013697 ArticleChapo__List\">\n<li class=\"jsx-862013697 ArticleChapo__List_Item flex\">Jeudi soir, un corps carbonis\u00e9 a \u00e9t\u00e9 retrouv\u00e9 par les marins-pompiers de Marseille.<\/li>\n<li class=\"jsx-862013697 ArticleChapo__List_Item flex\">La victime, de sexe masculin, a \u00e9t\u00e9 retrouv\u00e9e dans le coffre d&rsquo;une voiture br\u00fbl\u00e9e.<\/li>\n<\/ul>\n<p><a href=\"https:\/\/www.tf1info.fr\/actualite\/cocaine-drogues-trafic-la-france-face-a-un-tsunami-blanc-14351\/\" rel=\"noopener\" class=\"jsx-484472199 Link jsx-1428418400 jsx-609604686\" target=\"_blank\"><\/p>\n<p style=\"font-weight:400\" class=\"jsx-1837267516\">Suivez la couverture compl\u00e8te<\/p>\n<p style=\"font-weight:800\" class=\"jsx-1837267516\">Coca\u00efne : la France face \u00e0 un \u00ab\u00a0tsunami blanc\u00a0\u00bb<\/p>\n<p><\/a><\/p>\n<p data-module=\"article-paragraph\" class=\"jsx-157965717 Paragraph Paragraph__End\">\u00c0 23h40 jeudi soir, les marins-pompiers de Marseille sont intervenus pour un feu de v\u00e9hicule situ\u00e9 avenue des Arnavaux dans le 14\u1d49\u00a0arrondissement de la cit\u00e9 phoc\u00e9enne.\u00a0Apr\u00e8s l&rsquo;extinction de l\u2019incendie, dont le foyer se situait \u00e0 l\u2019int\u00e9rieur de l\u2019habitacle, ces derniers ont d\u00e9couvert un corps calcin\u00e9 dans le coffre du v\u00e9hicule, a appris TF1info de source polici\u00e8re.\u00a0<\/p>\n<p>La victime pas encore identifi\u00e9e<\/p>\n<p data-module=\"article-paragraph\" class=\"jsx-157965717 Paragraph\">Contact\u00e9 ce vendredi par TF1info sur ces faits, le parquet de Marseille indique avoir ouvert une enqu\u00eate des chefs d'\u00a0\u00bbassassinat en bande organis\u00e9e\u00a0\u00bb, \u00ab\u00a0association de malfaiteurs\u00a0\u00bb, \u00ab\u00a0d\u00e9gradation de biens par incendie en bande organis\u00e9e\u00a0\u00bb et \u00ab\u00a0recel de vol en bande organis\u00e9e\u00a0\u00bb.<\/p>\n<p data-module=\"article-paragraph\" class=\"jsx-157965717 Paragraph Paragraph__End\">L&rsquo;enqu\u00eate a \u00e9t\u00e9 confi\u00e9e \u00e0 la Division de la criminalit\u00e9 organis\u00e9e et sp\u00e9cialis\u00e9e (DCOS), pr\u00e9cise-t-il.\u00a0Toujours selon le parquet, la victime n&rsquo;a, \u00e0 cette heure, pas \u00e9t\u00e9 identifi\u00e9e.\u00a0<\/p>\n<p>Le premier narchomicide \u00e0 Marseille de 2026 ?<\/p>\n<p data-module=\"article-paragraph\" class=\"jsx-157965717 Paragraph Paragraph__End\">Le mode op\u00e9ratoire laisse penser \u00e0 un assassinat sur fond de trafic de drogue et si cette piste se confirmait, il s&rsquo;agirait du premier narchomicide \u00e0 Marseille de 2026, et \u00e7a d\u00e8s le premier jour de l&rsquo;ann\u00e9e. Selon un d\u00e9compte de l&rsquo;AFP, 19 personnes ont perdu la vie dans des assassinats li\u00e9s au trafic de drogue en 2025 dans le d\u00e9partement des Bouches-du-Rh\u00f4ne, la grande majorit\u00e9 \u00e0 Marseille.<\/p>\n<p><a href=\"https:\/\/www.tf1info.fr\/justice-faits-divers\/video-reportage-tf1-c-etait-un-jeune-sans-histoire-le-corps-retrouve-calcine-a-marseille-est-celui-d-un-adolescent-de-15-ans-adel-2409825.html\" rel=\"noopener\" class=\"jsx-3308031228 Link flex\" target=\"_blank\"><img decoding=\"async\" src=\"https:\/\/www.europesays.com\/fr\/wp-content\/uploads\/2026\/01\/le-lieu-ou-a-ete-retrouve-le-corps-d-adel-a-marseille-30-nov-2025-6a9bbe-2@1x.jpeg\" alt=\"TF1\" loading=\"lazy\" importance=\"low\" fetchpriority=\"low\" class=\"\" aria-hidden=\"true\"\/><\/p>\n<p class=\"jsx-3657663356 ReadMoreArticle__Title\">Lire aussi<\/p>\n<p class=\"jsx-3657663356\">\u00ab\u00a0C&rsquo;\u00e9tait un jeune sans histoire\u00a0\u00bb : le corps retrouv\u00e9 calcin\u00e9 \u00e0 Marseille est celui d&rsquo;un adolescent de 15 ans<\/p>\n<p><\/a><\/p>\n<p data-module=\"article-paragraph\" class=\"jsx-157965717 Paragraph Paragraph__End\">Le jour de No\u00ebl, un corps avait d\u00e9j\u00e0 \u00e9t\u00e9 retrouv\u00e9 dans une voiture incendi\u00e9e \u00e0 Sept\u00e8mes-les-Vallons, une commune limitrophe de Marseille. La voiture avait \u00e9t\u00e9 signal\u00e9e vol\u00e9e. Le 13 novembre, la mort de Mehdi Kessaci, 20 ans, le petit fr\u00e8re du militant \u00e9cologiste et antidrogue Amine Kessaci, avait boulevers\u00e9 la ville.\u00a0<\/p>\n<p>Aur\u00e9lie SARROT, Guillaume CHIEZE<\/p>\n","protected":false},"excerpt":{"rendered":"Jeudi soir, un corps carbonis\u00e9 a \u00e9t\u00e9 retrouv\u00e9 par les marins-pompiers de Marseille. La victime, de sexe masculin,&hellip;\n","protected":false},"author":2,"featured_media":270095,"comment_status":"","ping_status":"","sticky":false,"template":"","format":"standard","meta":{"footnotes":""},"categories":[2814],"tags":[1111,11,1921,58888,1777,674,1011,27,1922,2954,66493,884,12,882,25,887,133,2953],"class_list":{"0":"post-636159","1":"post","2":"type-post","3":"status-publish","4":"format-standard","5":"has-post-thumbnail","7":"category-marseille","8":"tag-actu","9":"tag-actualites","10":"tag-article-video","11":"tag-cocaine-la-france-face-a-un-tsunami-blanc","12":"tag-eu","13":"tag-europe","14":"tag-fr","15":"tag-france","16":"tag-info","17":"tag-justice-et-faits-divers","18":"tag-la-france-en-proie-au-narcotrafic","19":"tag-marseille","20":"tag-news","21":"tag-provence-alpes-cote-dazur","22":"tag-republique-francaise","23":"tag-trafic-de-drogue","24":"tag-video","25":"tag-video-police"},"share_on_mastodon":{"url":"https:\/\/pubeurope.com\/@fr\/115825524433703182","error":""},"_links":{"self":[{"href":"https:\/\/www.europesays.com\/fr\/wp-json\/wp\/v2\/posts\/636159","targetHints":{"allow":["GET"]}}],"collection":[{"href":"https:\/\/www.europesays.com\/fr\/wp-json\/wp\/v2\/posts"}],"about":[{"href":"https:\/\/www.europesays.com\/fr\/wp-json\/wp\/v2\/types\/post"}],"author":[{"embeddable":true,"href":"https:\/\/www.europesays.com\/fr\/wp-json\/wp\/v2\/users\/2"}],"replies":[{"embeddable":true,"href":"https:\/\/www.europesays.com\/fr\/wp-json\/wp\/v2\/comments?post=636159"}],"version-history":[{"count":0,"href":"https:\/\/www.europesays.com\/fr\/wp-json\/wp\/v2\/posts\/636159\/revisions"}],"wp:featuredmedia":[{"embeddable":true,"href":"https:\/\/www.europesays.com\/fr\/wp-json\/wp\/v2\/media\/270095"}],"wp:attachment":[{"href":"https:\/\/www.europesays.com\/fr\/wp-json\/wp\/v2\/media?parent=636159"}],"wp:term":[{"taxonomy":"category","embeddable":true,"href":"https:\/\/www.europesays.com\/fr\/wp-json\/wp\/v2\/categories?post=636159"},{"taxonomy":"post_tag","embeddable":true,"href":"https:\/\/www.europesays.com\/fr\/wp-json\/wp\/v2\/tags?post=636159"}],"curies":[{"name":"wp","href":"https:\/\/api.w.org\/{rel}","templated":true}]}}