{"id":636160,"date":"2026-01-02T12:33:11","date_gmt":"2026-01-02T12:33:11","guid":{"rendered":"https:\/\/www.europesays.com\/fr\/636160\/"},"modified":"2026-01-02T12:33:11","modified_gmt":"2026-01-02T12:33:11","slug":"deposez-le-votre-dans-lun-des-points-de-collecte-jusquau-17-janvier","status":"publish","type":"post","link":"https:\/\/www.europesays.com\/fr\/636160\/","title":{"rendered":"d\u00e9posez le v\u00f4tre dans l\u2019un des points de collecte jusqu\u2019au 17\u00a0janvier"},"content":{"rendered":"<p>Pour lutter contre les d\u00e9p\u00f4ts sauvages de sapins sur l\u2019espace public, 189 points de collecte sont mis en place sur l\u2019ensemble des 67 communes de la M\u00e9tropole de Lyon, \u00e0 partir de ce lundi 5\u00a0janvier.<\/p>\n<p>En plus des 19 d\u00e9chetteries de son territoire, dans lesquelles les habitants peuvent d\u00e9poser leur sapin, la M\u00e9tropole de Lyon d\u00e9ploie son service suppl\u00e9mentaire de collecte.<\/p>\n<p>  Valoriser les sapins collect\u00e9s<\/p>\n<p>Parmi les objectifs, \u00e9viter un surco\u00fbt de traitement \u00e0 la collectivit\u00e9 (la collecte et le traitement d\u2019un d\u00e9p\u00f4t sauvage co\u00fbtent 10 fois plus cher qu\u2019un d\u00e9p\u00f4t en d\u00e9chetterie), et <a href=\"https:\/\/www.leprogres.fr\/environnement\/2025\/12\/25\/apres-les-fetes-que-deviennent-les-sapins-de-noel\" target=\"_blank\" rel=\"noopener\">valoriser les sapins collect\u00e9s<\/a> dans les centres de compostages m\u00e9tropolitains.<\/p>\n<p>Seuls les sapins naturels avec ou sans socle en bois (croix, b\u00fbchette) sont accept\u00e9s, ainsi que les sacs \u00e0 sapins compostables marqu\u00e9s \u00ab\u00a0ok compost\u00a0\u00bb, sacs \u00ab\u00a0Handicap International\u00a0\u00bb, sacs brun clair \u00e0 amidon de ma\u00efs.<\/p>\n<p>En revanche, les sapins en plastique et naturels floqu\u00e9s, les sacs en plastique type sacs-poubelle, les pots en plastique ou en terre, les guirlandes et autres d\u00e9corations ne sont pas accept\u00e9s.<\/p>\n<p class=\"note\">La liste des 189 points de collecte est \u00e0 retrouver sur le site de la M\u00e9tropole de Lyon\u00a0: <a href=\"https:\/\/www.grandlyon.com\/mes-services-au-quotidien\/gerer-ses-dechets\/jeter-son-sapin-de-noel\" target=\"_blank\" rel=\"noopener\">www.grandlyon.com\/sapins<\/a><\/p>\n","protected":false},"excerpt":{"rendered":"Pour lutter contre les d\u00e9p\u00f4ts sauvages de sapins sur l\u2019espace public, 189 points de collecte sont mis en&hellip;\n","protected":false},"author":2,"featured_media":636161,"comment_status":"","ping_status":"","sticky":false,"template":"","format":"standard","meta":{"footnotes":""},"categories":[1889],"tags":[1111,11,2430,2757,436,1777,674,1011,27,2428,2756,12,25,2429],"class_list":{"0":"post-636160","1":"post","2":"type-post","3":"status-publish","4":"format-standard","5":"has-post-thumbnail","7":"category-lyon","8":"tag-actu","9":"tag-actualites","10":"tag-auvergne-rhone-alpes","11":"tag-edition-lyon-villeurbanne","12":"tag-environnement","13":"tag-eu","14":"tag-europe","15":"tag-fr","16":"tag-france","17":"tag-lyon","18":"tag-lyon-bassin","19":"tag-news","20":"tag-republique-francaise","21":"tag-rhone"},"share_on_mastodon":{"url":"https:\/\/pubeurope.com\/@fr\/115825535309319021","error":""},"_links":{"self":[{"href":"https:\/\/www.europesays.com\/fr\/wp-json\/wp\/v2\/posts\/636160","targetHints":{"allow":["GET"]}}],"collection":[{"href":"https:\/\/www.europesays.com\/fr\/wp-json\/wp\/v2\/posts"}],"about":[{"href":"https:\/\/www.europesays.com\/fr\/wp-json\/wp\/v2\/types\/post"}],"author":[{"embeddable":true,"href":"https:\/\/www.europesays.com\/fr\/wp-json\/wp\/v2\/users\/2"}],"replies":[{"embeddable":true,"href":"https:\/\/www.europesays.com\/fr\/wp-json\/wp\/v2\/comments?post=636160"}],"version-history":[{"count":0,"href":"https:\/\/www.europesays.com\/fr\/wp-json\/wp\/v2\/posts\/636160\/revisions"}],"wp:featuredmedia":[{"embeddable":true,"href":"https:\/\/www.europesays.com\/fr\/wp-json\/wp\/v2\/media\/636161"}],"wp:attachment":[{"href":"https:\/\/www.europesays.com\/fr\/wp-json\/wp\/v2\/media?parent=636160"}],"wp:term":[{"taxonomy":"category","embeddable":true,"href":"https:\/\/www.europesays.com\/fr\/wp-json\/wp\/v2\/categories?post=636160"},{"taxonomy":"post_tag","embeddable":true,"href":"https:\/\/www.europesays.com\/fr\/wp-json\/wp\/v2\/tags?post=636160"}],"curies":[{"name":"wp","href":"https:\/\/api.w.org\/{rel}","templated":true}]}}