{"id":636171,"date":"2026-01-02T12:40:10","date_gmt":"2026-01-02T12:40:10","guid":{"rendered":"https:\/\/www.europesays.com\/fr\/636171\/"},"modified":"2026-01-02T12:40:10","modified_gmt":"2026-01-02T12:40:10","slug":"paris-saint-germain-paris-fc-entre-histoire","status":"publish","type":"post","link":"https:\/\/www.europesays.com\/fr\/636171\/","title":{"rendered":"Paris Saint-Germain\u00a0\u2013 Paris FC\u00a0: entre histoire"},"content":{"rendered":"<p>\n  \u00c0 Paris, le football ne se r\u00e9sume pas \u00e0 une seule histoire. \u00c0 quelques dizaines de m\u00e8tres d\u2019intervalle, le Paris Saint-Germain et le Paris FC incarnent deux identit\u00e9s profond\u00e9ment ancr\u00e9es dans la capitale. \u00c0 l\u2019occasion des derbys parisiens, zoom sur sept singularit\u00e9s qui racontent ce qui distingue et relie les deux clubs parisiens.\n<\/p>\n<p>  <a href=\"https:\/\/www.paris.fr\/pages\/le-parc-des-princes-des-courses-cyclistes-au-temple-du-football-33335\" target=\"_blank\" rel=\"noopener\">Le Parc des Princes<\/a>, c\u2019est<br \/>\nd\u2019abord une histoire qui d\u00e9passe le football. N\u00e9 en 1897 comme v\u00e9lodrome, il a<br \/>\nlongtemps accueilli les arriv\u00e9es mythiques du Tour de France avant de devenir,<br \/>\nen 1972, l\u2019enceinte futuriste imagin\u00e9e par l\u2019architecte Roger Taillibert. Ses<br \/>\ntribunes suspendues, son b\u00e9ton sculptural et son acoustique singuli\u00e8re en font<br \/>\nun lieu imm\u00e9diatement reconnaissable.<\/p>\n<p>\n  Install\u00e9<br \/>\nd\u00e9finitivement au Parc en 1974, le PSG y a \u00e9crit l\u2019essentiel de sa l\u00e9gende. De<br \/>\nDahleb \u00e0 Mbapp\u00e9, de Weah \u00e0 Ibrahimovi\u0107, le Parc des Princes est devenu un th\u00e9\u00e2tre<br \/>\nd\u2019\u00e9motions collectives, r\u00e9nov\u00e9 sans jamais renier son identit\u00e9. Plus de cinquante ans<br \/>\napr\u00e8s son inauguration, le Parc demeure un monument vivant de la m\u00e9moire<br \/>\nsportive parisienne.\n<\/p>\n<p>  Le Paris FC, lui, a ouvert un<br \/>\nnouveau chapitre. Pensionnaire du stade Charl\u00e9ty depuis 2007, le club a rejoint<br \/>\ncette saison<a href=\"https:\/\/www.paris.fr\/pages\/le-stade-jean-bouin-maison-du-rugby-et-du-football-33346\" target=\"_blank\" rel=\"noopener\"> le stade Jean-Bouin<\/a>,<br \/>\nporte de Saint-Cloud. Construit en 1925 et r\u00e9nov\u00e9 en 2013, cet \u00e9crin de 20\u00a0000<br \/>\nplaces se distingue par la proximit\u00e9 de ses tribunes et son architecture<br \/>\ncontemporaine. Un stade \u00e0 taille humaine, pens\u00e9 comme un levier pour<br \/>\naccompagner les nouvelles ambitions sportives du club, r\u00e9cemment promu en Ligue<br \/>\n1.<\/p>\n<p>  Deux logos, deux mani\u00e8res d\u2019\u00e9crire Paris<\/p>\n<p>\n  Le logo du Paris Saint-Germain est un condens\u00e9 de<br \/>\nsymboles. La Tour Eiffel y tr\u00f4ne au centre, imm\u00e9diatement identifiable \u00e0<br \/>\nl\u2019international. Mais sous cette image universelle se cache une r\u00e9f\u00e9rence plus<br \/>\ndiscr\u00e8te\u00a0: la fleur de lys, h\u00e9rit\u00e9e de Saint-Germain-en-Laye et de son pass\u00e9<br \/>\nroyal. Depuis la refonte de 2013, le mot \u00ab\u00a0Paris\u00a0\u00bb domine, affirmant l\u2019ambition<br \/>\nmondiale du club.\n<\/p>\n<p>\n  Le Paris FC a, lui aussi, construit son<br \/>\nidentit\u00e9 visuelle par \u00e9tapes. Son \u00e9cusson met en avant une tour<br \/>\nEiffel stylis\u00e9e, associ\u00e9e aux couleurs bleu et blanc de la Ville de Paris. L\u00e0<br \/>\no\u00f9 le PSG joue la carte de la marque internationale, le PFC revendique un ancrage<br \/>\nurbain direct, presque militant\u00a0: celui d\u2019un club parisien au sens litt\u00e9ral,<br \/>\ninscrit dans le quotidien de la ville.\n<\/p>\n<p>  Deux chants, deux ferveurs<\/p>\n<p>\n  Au Parc des<br \/>\nPrinces, un chant s\u2019est impos\u00e9 comme un rituel\u00a0: \u00ab\u00a0Paris SG, tous ensemble on chantera\u2026\u00a0\u00bb<br \/>Devenu l\u2019hymne officieux du club, il r\u00e9sonne comme un moment suspendu,<br \/>\nf\u00e9d\u00e9rateur, repris par les joueurs eux-m\u00eames en fin de match. N\u00e9 avec le retour<br \/>\ndes ultras en 2016, ce chant solennel raconte les \u00e9preuves, les gal\u00e8res<br \/>\net la fid\u00e9lit\u00e9, autant que les succ\u00e8s.\n<\/p>\n<p>\n  Au Paris FC,<br \/>\nla ferveur s\u2019exprime diff\u00e9remment. Plus discr\u00e8te, plus r\u00e9cente, elle grandit \u00e0 mesure<br \/>\nque le club s\u2019installe dans le paysage professionnel. Dans les tribunes de<br \/>\nJean-Bouin le soutien se veut plus familial, inclusif, port\u00e9 par une proximit\u00e9<br \/>\nassum\u00e9e entre joueurs et supporters. Une autre fa\u00e7on de vivre le derby, mais<br \/>\ntout aussi engag\u00e9e gr\u00e2ce notamment aux deux groupes d\u2019ultras pr\u00e9sents \u00e0 chaque<br \/>\nmatch pour mettre l\u2019ambiance.\n<\/p>\n<p>  Deux maillots, deux h\u00e9ritages visuels<\/p>\n<p>\n  Impossible<br \/>\nd\u2019\u00e9voquer le PSG sans parler du maillot<br \/>\nHechter. Sa bande centrale rouge, encadr\u00e9e de blanc sur fond bleu, est<br \/>\ndevenue un marqueur identitaire fort, presque sacr\u00e9 pour les supporters.<br \/>\nInspir\u00e9 dans les ann\u00e9es 1970 par Daniel Hechter, cr\u00e9ateur de mode et pr\u00e9sident du club dans les ann\u00e9es 1970, ce design raconte \u00e0 lui seul<br \/>\nParis, Saint-Germain-en-Laye et l\u2019\u00e9l\u00e9gance \u00e0 la fran\u00e7aise.\n<\/p>\n<p>\n  Le Paris FC,<br \/>\nde son c\u00f4t\u00e9, n\u2019a pas un mod\u00e8le unique mais une histoire faite de symboles. Du<br \/>\nmaillot Europe 1 de la fin des ann\u00e9es 1970 \u00e0 la tunique bleu sombre orn\u00e9e de la<br \/>\ndevise Fluctuat nec mergitur lors de la remont\u00e9e en Ligue 2, jusqu\u2019au<br \/>\nmaillot de la mont\u00e9e en Ligue 1 en 2025, chaque tenue marque une \u00e9tape.\n<\/p>\n<p>  Deux formations, une m\u00eame ambition \u00e9ducative<\/p>\n<p>\n  Le centre de formation du PSG, inaugur\u00e9<br \/>\nen 1975 \u00e0 Saint-Germain-en-Laye, est \u00e0 l\u2019origine de la g\u00e9n\u00e9ration des \u00ab\u00a0Titis parisiens<br \/>\n\u00bb. De Luis Fernandez \u00e0 Warren Za\u00efre-Emery, en passant par Anelka, Sakho ou<br \/>\nKimpembe, il a fa\u00e7onn\u00e9 des internationaux, mais aussi une identit\u00e9\u00a0: celle d\u2019un<br \/>\nclub capable de former au plus haut niveau.\n<\/p>\n<p>\n  Au Paris FC, la formation est pens\u00e9e<br \/>\ncomme un projet global. De l\u2019\u00e9cole de football du stade D\u00e9jerine au centre de<br \/>\nformation d\u2019Orly, le club revendique une double mission\u00a0: former des joueurs<br \/>\ncomp\u00e9titifs et des citoyens. Suivi scolaire, insertion professionnelle,<br \/>\naccompagnement humain\u00a0: ici, le football est un outil d\u2019\u00e9mancipation autant<br \/>\nqu\u2019un objectif sportif. Des joueurs comme Ibrahima Konat\u00e9, Kenny Lala ou encore<br \/>\nAxel Disasi y ont \u00e9clos.\n<\/p>\n<p>  Deux clubs engag\u00e9s, une m\u00eame responsabilit\u00e9 sociale<\/p>\n<p>\n  Avec PSG for Communities, le Paris<br \/>\nSaint-Germain d\u00e9veloppe depuis plus de vingt ans des programmes solidaires<br \/>\nambitieux\u00a0: cantines solidaires pour les \u00e9tudiants, sport inclusif avec One<br \/>\nTeam, promotion du sport f\u00e9minin, acc\u00e8s \u00e0 l\u2019\u00e9ducation. Le club mobilise son<br \/>\nrayonnement pour toucher des publics \u00e9loign\u00e9s du sport.\n<\/p>\n<p>\n  Le Paris FC,<br \/>\nlui, se d\u00e9finit comme un acteur citoyen<br \/>\ndu Grand Paris. Gratuit\u00e9 au stade, section handifoot, actions<br \/>\n\u00e9ducatives, promotion de la mixit\u00e9 et de l\u2019\u00e9galit\u00e9 femmes-hommes\u00a0: l\u2019engagement<br \/>\nest au c\u0153ur de son projet. Un club populaire, accessible, qui fait du football<br \/>\nun bien commun.\n<\/p>\n<p>  Deux sections f\u00e9minines, deux trajectoires vers l\u2019\u00e9lite<\/p>\n<p>\n  La section<br \/>\nf\u00e9minine du PSG, cr\u00e9\u00e9e en 1971,<br \/>\ns\u2019est impos\u00e9e progressivement comme une r\u00e9f\u00e9rence europ\u00e9enne. Professionnalis\u00e9e<br \/>\nd\u00e8s 2012, elle compte aujourd\u2019hui des titres nationaux et plusieurs finales de<br \/>\nLigue des champions, incarnant l\u2019ambition du club au plus haut niveau.\n<\/p>\n<p>\n  Le Paris FC f\u00e9minin, issu de la fusion<br \/>\navec Juvisy en 2017, raconte une autre r\u00e9ussite. H\u00e9ritier d\u2019un des clubs<br \/>\nhistoriques du football f\u00e9minin fran\u00e7ais, il s\u2019est install\u00e9 durablement dans le<br \/>\ntop 5 national et s\u2019invite r\u00e9guli\u00e8rement sur la sc\u00e8ne europ\u00e9enne. Port\u00e9e par un<br \/>\nprojet fond\u00e9 sur la formation et le collectif, la section f\u00e9minine du PFC est<br \/>\ndevenue un acteur majeur du football f\u00e9minin fran\u00e7ais.\n<\/p>\n<p>        S\u2019abonner \u00e0 Paris.fr<\/p>\n<p>\n      Default Confirmation Text<br \/>\n      <br \/>Settings Text Html\n    <\/p>\n","protected":false},"excerpt":{"rendered":"\u00c0 Paris, le football ne se r\u00e9sume pas \u00e0 une seule histoire. \u00c0 quelques dizaines de m\u00e8tres d\u2019intervalle,&hellip;\n","protected":false},"author":2,"featured_media":636172,"comment_status":"","ping_status":"","sticky":false,"template":"","format":"standard","meta":{"footnotes":""},"categories":[1888],"tags":[11,1777,674,1011,27,12,626,25],"class_list":{"0":"post-636171","1":"post","2":"type-post","3":"status-publish","4":"format-standard","5":"has-post-thumbnail","7":"category-paris","8":"tag-actualites","9":"tag-eu","10":"tag-europe","11":"tag-fr","12":"tag-france","13":"tag-news","14":"tag-paris","15":"tag-republique-francaise"},"share_on_mastodon":{"url":"https:\/\/pubeurope.com\/@fr\/115825555722842326","error":""},"_links":{"self":[{"href":"https:\/\/www.europesays.com\/fr\/wp-json\/wp\/v2\/posts\/636171","targetHints":{"allow":["GET"]}}],"collection":[{"href":"https:\/\/www.europesays.com\/fr\/wp-json\/wp\/v2\/posts"}],"about":[{"href":"https:\/\/www.europesays.com\/fr\/wp-json\/wp\/v2\/types\/post"}],"author":[{"embeddable":true,"href":"https:\/\/www.europesays.com\/fr\/wp-json\/wp\/v2\/users\/2"}],"replies":[{"embeddable":true,"href":"https:\/\/www.europesays.com\/fr\/wp-json\/wp\/v2\/comments?post=636171"}],"version-history":[{"count":0,"href":"https:\/\/www.europesays.com\/fr\/wp-json\/wp\/v2\/posts\/636171\/revisions"}],"wp:featuredmedia":[{"embeddable":true,"href":"https:\/\/www.europesays.com\/fr\/wp-json\/wp\/v2\/media\/636172"}],"wp:attachment":[{"href":"https:\/\/www.europesays.com\/fr\/wp-json\/wp\/v2\/media?parent=636171"}],"wp:term":[{"taxonomy":"category","embeddable":true,"href":"https:\/\/www.europesays.com\/fr\/wp-json\/wp\/v2\/categories?post=636171"},{"taxonomy":"post_tag","embeddable":true,"href":"https:\/\/www.europesays.com\/fr\/wp-json\/wp\/v2\/tags?post=636171"}],"curies":[{"name":"wp","href":"https:\/\/api.w.org\/{rel}","templated":true}]}}