{"id":636173,"date":"2026-01-02T12:41:12","date_gmt":"2026-01-02T12:41:12","guid":{"rendered":"https:\/\/www.europesays.com\/fr\/636173\/"},"modified":"2026-01-02T12:41:12","modified_gmt":"2026-01-02T12:41:12","slug":"jo-dhiver-de-milan-cortina-la-russie-pas-representee-meme-en-cas-daccord-de-paix-avec-lukraine","status":"publish","type":"post","link":"https:\/\/www.europesays.com\/fr\/636173\/","title":{"rendered":"JO d\u2019hiver de Milan-Cortina\u00a0: la Russie pas repr\u00e9sent\u00e9e m\u00eame en cas d\u2019accord de paix avec l\u2019Ukraine"},"content":{"rendered":"<p>\n                                                                Les athl\u00e8tes russes ne d\u00e9fileront pas sous leur drapeau aux Jeux olympiques d\u2019hiver de Milan-Cortina. M\u00eame un accord de paix avec l\u2019Ukraine ne changerait pas cette d\u00e9cision du CIO. Ils concourront uniquement \u00e0 titre individuel.\n                            <\/p>\n<p>Les athl\u00e8tes russes ne pourront pas repr\u00e9senter leur pays aux Jeux olympiques d\u2019hiver de Milan-Cortina, le mois \u2060prochain, m\u00eame si un accord de paix est conclu avec l\u2019Ukraine, a d\u00e9clar\u00e9 la pr\u00e9sidente du Comit\u00e9 international olympique (CIO).<\/p>\n<p>Un \u200dhypoth\u00e9tique accord de paix ne changerait rien \u00e0 la d\u00e9cision du Comit\u00e9 d\u2019autoriser les athl\u00e8tes russes \u00e0 \u200bparticiper aux Jeux \u00e0 titre individuel uniquement, peut-on lire dans un entretien de Kirsty Coventry publi\u00e9 ce vendredi 2\u00a0janvier 2026 dans le quotidien italien Corriere della Sera.<\/p>\n<p>Sans drapeau ni hymne national<\/p>\n<p>Le CIO a interdit \u200dla participation de la \u2060Russie et de \u2060la Bi\u00e9lorussie aux JO d\u2019hiver apr\u00e8s l\u2019invasion de l\u2019Ukraine par Moscou, en f\u00e9vrier\u00a02022.<\/p>\n<p>Le CIO a d\u00e9cid\u00e9 en septembre que les participants russes et bi\u00e9lorusses aux Jeux de Milan-Cortina le \u200dferaient \u00e0 titre individuel, \u200dsans drapeau ni hymne \u200bnational.<\/p>\n","protected":false},"excerpt":{"rendered":"Les athl\u00e8tes russes ne d\u00e9fileront pas sous leur drapeau aux Jeux olympiques d\u2019hiver de Milan-Cortina. M\u00eame un accord&hellip;\n","protected":false},"author":2,"featured_media":636174,"comment_status":"","ping_status":"","sticky":false,"template":"","format":"standard","meta":{"footnotes":""},"categories":[1591],"tags":[11,1887,12,1885,1886,132,517],"class_list":{"0":"post-636173","1":"post","2":"type-post","3":"status-publish","4":"format-standard","5":"has-post-thumbnail","7":"category-russie","8":"tag-actualites","9":"tag-federation-de-russie","10":"tag-news","11":"tag-russia","12":"tag-russian-federation","13":"tag-russie","14":"tag-sport"},"share_on_mastodon":{"url":"https:\/\/pubeurope.com\/@fr\/115825559693273184","error":""},"_links":{"self":[{"href":"https:\/\/www.europesays.com\/fr\/wp-json\/wp\/v2\/posts\/636173","targetHints":{"allow":["GET"]}}],"collection":[{"href":"https:\/\/www.europesays.com\/fr\/wp-json\/wp\/v2\/posts"}],"about":[{"href":"https:\/\/www.europesays.com\/fr\/wp-json\/wp\/v2\/types\/post"}],"author":[{"embeddable":true,"href":"https:\/\/www.europesays.com\/fr\/wp-json\/wp\/v2\/users\/2"}],"replies":[{"embeddable":true,"href":"https:\/\/www.europesays.com\/fr\/wp-json\/wp\/v2\/comments?post=636173"}],"version-history":[{"count":0,"href":"https:\/\/www.europesays.com\/fr\/wp-json\/wp\/v2\/posts\/636173\/revisions"}],"wp:featuredmedia":[{"embeddable":true,"href":"https:\/\/www.europesays.com\/fr\/wp-json\/wp\/v2\/media\/636174"}],"wp:attachment":[{"href":"https:\/\/www.europesays.com\/fr\/wp-json\/wp\/v2\/media?parent=636173"}],"wp:term":[{"taxonomy":"category","embeddable":true,"href":"https:\/\/www.europesays.com\/fr\/wp-json\/wp\/v2\/categories?post=636173"},{"taxonomy":"post_tag","embeddable":true,"href":"https:\/\/www.europesays.com\/fr\/wp-json\/wp\/v2\/tags?post=636173"}],"curies":[{"name":"wp","href":"https:\/\/api.w.org\/{rel}","templated":true}]}}