{"id":636180,"date":"2026-01-02T12:45:11","date_gmt":"2026-01-02T12:45:11","guid":{"rendered":"https:\/\/www.europesays.com\/fr\/636180\/"},"modified":"2026-01-02T12:45:11","modified_gmt":"2026-01-02T12:45:11","slug":"lallemagne-commande-20-helicopteres-airbus-h145m-supplementaires-actualite-aeronautique","status":"publish","type":"post","link":"https:\/\/www.europesays.com\/fr\/636180\/","title":{"rendered":"L&rsquo;Allemagne commande 20 h\u00e9licopt\u00e8res Airbus H145M suppl\u00e9mentaires &#8211; Actualit\u00e9 a\u00e9ronautique"},"content":{"rendered":"<p class=\"subtitle\">Article publi\u00e9 le 2 janvier 2026 par David Dagouret<\/p>\n<p>Ces h\u00e9licopt\u00e8res faisaient partie d&rsquo;un contrat sign\u00e9 en d\u00e9cembre 2023, portant le nombre total \u00e0 82 h\u00e9licopt\u00e8res.\u00a0<\/p>\n<p>L&rsquo;Allemagne a d\u00e9cid\u00e9 d&rsquo;exercer l&rsquo;option pour 20 h\u00e9licopt\u00e8res de combat l\u00e9gers H145M suppl\u00e9mentaires (Leichter Kampfhubschrauber ou LKH en abr\u00e9g\u00e9) qui faisaient partie d&rsquo;un contrat sign\u00e9 en d\u00e9cembre 2023, portant le nombre total \u00e0 82 h\u00e9licopt\u00e8res.\u00a0<\/p>\n<p>Le premier h\u00e9licopt\u00e8re H145M LKH a \u00e9t\u00e9 livr\u00e9 \u00e0 l&rsquo;Allemagne en novembre 2024, moins d&rsquo;un an apr\u00e8s la signature du contrat, et d&rsquo;autres appareils ont \u00e9t\u00e9 livr\u00e9s depuis. Ses missions comprennent l&rsquo;entra\u00eenement, la reconnaissance, les op\u00e9rations des forces sp\u00e9ciales et l&rsquo;attaque l\u00e9g\u00e8re. L&rsquo;arm\u00e9e de terre allemande recevra 72 h\u00e9licopt\u00e8res, tandis que les forces sp\u00e9ciales de la Luftwaffe en recevront dix.<\/p>\n<p><img loading=\"lazy\" decoding=\"async\" src=\"https:\/\/www.europesays.com\/fr\/wp-content\/uploads\/2026\/01\/9312.jpg\" alt=\"H145\" width=\"600\" height=\"400\" style=\"border:0px solid;\" \/><\/p>\n<p>  Sur le m\u00eame sujet<\/p>\n","protected":false},"excerpt":{"rendered":"Article publi\u00e9 le 2 janvier 2026 par David Dagouret Ces h\u00e9licopt\u00e8res faisaient partie d&rsquo;un contrat sign\u00e9 en d\u00e9cembre&hellip;\n","protected":false},"author":2,"featured_media":636181,"comment_status":"","ping_status":"","sticky":false,"template":"","format":"standard","meta":{"footnotes":""},"categories":[1587],"tags":[47,11,296,30397,30398,672,7182,13796,1804,17318,30399,9919,1805,1803,11821,341,1777,674,30400,5556,1801,30401,30402,1031,12,1802],"class_list":{"0":"post-636180","1":"post","2":"type-post","3":"status-publish","4":"format-standard","5":"has-post-thumbnail","7":"category-allemagne","8":"tag-actualite","9":"tag-actualites","10":"tag-aeronautique","11":"tag-aeroweb","12":"tag-aeroweb-fr-net","13":"tag-allemagne","14":"tag-aviation","15":"tag-avions","16":"tag-bundesrepublik-deutschland","17":"tag-compagnies-aeriennes","18":"tag-constructeurs-aeronautiques","19":"tag-cv","20":"tag-de","21":"tag-deutschland","22":"tag-dossiers","23":"tag-emploi","24":"tag-eu","25":"tag-europe","26":"tag-fiches-techniques","27":"tag-forum","28":"tag-germany","29":"tag-histoire-de-laeronautique","30":"tag-histoire-de-laviation","31":"tag-magazine","32":"tag-news","33":"tag-republique-federale-dallemagne"},"share_on_mastodon":{"url":"https:\/\/pubeurope.com\/@fr\/115825575450124079","error":""},"_links":{"self":[{"href":"https:\/\/www.europesays.com\/fr\/wp-json\/wp\/v2\/posts\/636180","targetHints":{"allow":["GET"]}}],"collection":[{"href":"https:\/\/www.europesays.com\/fr\/wp-json\/wp\/v2\/posts"}],"about":[{"href":"https:\/\/www.europesays.com\/fr\/wp-json\/wp\/v2\/types\/post"}],"author":[{"embeddable":true,"href":"https:\/\/www.europesays.com\/fr\/wp-json\/wp\/v2\/users\/2"}],"replies":[{"embeddable":true,"href":"https:\/\/www.europesays.com\/fr\/wp-json\/wp\/v2\/comments?post=636180"}],"version-history":[{"count":0,"href":"https:\/\/www.europesays.com\/fr\/wp-json\/wp\/v2\/posts\/636180\/revisions"}],"wp:featuredmedia":[{"embeddable":true,"href":"https:\/\/www.europesays.com\/fr\/wp-json\/wp\/v2\/media\/636181"}],"wp:attachment":[{"href":"https:\/\/www.europesays.com\/fr\/wp-json\/wp\/v2\/media?parent=636180"}],"wp:term":[{"taxonomy":"category","embeddable":true,"href":"https:\/\/www.europesays.com\/fr\/wp-json\/wp\/v2\/categories?post=636180"},{"taxonomy":"post_tag","embeddable":true,"href":"https:\/\/www.europesays.com\/fr\/wp-json\/wp\/v2\/tags?post=636180"}],"curies":[{"name":"wp","href":"https:\/\/api.w.org\/{rel}","templated":true}]}}