{"id":636184,"date":"2026-01-02T12:47:15","date_gmt":"2026-01-02T12:47:15","guid":{"rendered":"https:\/\/www.europesays.com\/fr\/636184\/"},"modified":"2026-01-02T12:47:15","modified_gmt":"2026-01-02T12:47:15","slug":"exclusif-la-maman-fauchee-sur-un-passage-pieton-avec-son-bebe-temoigne-on-a-vraiment-eu-beaucoup-de-chance","status":"publish","type":"post","link":"https:\/\/www.europesays.com\/fr\/636184\/","title":{"rendered":"EXCLUSIF. La maman fauch\u00e9e sur un passage pi\u00e9ton avec son b\u00e9b\u00e9 t\u00e9moigne\u00a0: \u00ab\u00a0On a vraiment eu beaucoup de chance\u00a0\u00bb"},"content":{"rendered":"<p>\n                                                                    l&rsquo;essentiel<br \/>\n                                                                Elle t\u00e9moigne pour la premi\u00e8re fois. La m\u00e8re de famille de 37 ans fauch\u00e9e avec son nouveau-n\u00e9 sur un passage pi\u00e9ton, \u00e0 Toulouse, s\u2019estime \u00ab\u00a0heureuse\u00a0\u00bb d\u2019\u00eatre en vie. La police recherche toujours le chauffard en fuite.\n                            <\/p>\n<p>Sa voix dans le combin\u00e9 trahit une certaine lassitude. La fatigue d\u2019un r\u00e9cent accouchement, le contrecoup des derniers \u00e9v\u00e9nements. \u00c0 son corps d\u00e9fendant, cette femme de 37 ans et son b\u00e9b\u00e9 de 14 jours ont fait la Une de l\u2019actualit\u00e9 \u00e0 l\u2019aube du Nouvel An, \u00e0 Toulouse.<\/p>\n<p>\u00ab\u00a0Je me suis dit que j\u2019allais rentrer \u00e0 pied\u2026\u00a0\u00bb<\/p>\n<p>\u00ab\u00a0Je faisais mes courses dans la zone de Balma Gramont. Je sortais de chez Kiabi, j\u2019avais d\u00e9pos\u00e9 la voiture chez Norauto. Je me suis dit que j\u2019allais rentrer \u00e0 pied chez moi. Je n\u2019aurais pas d\u00fb\u2026\u00a0\u00bb.<\/p>\n<p>Ce lundi 29\u00a0d\u00e9cembre 2025, peu avant 18\u00a0heures, les mains sur la poign\u00e9e de la poussette dans laquelle est allong\u00e9 son fils, elle emprunte un passage prot\u00e9g\u00e9, \u00e0 hauteur du rond-point, pr\u00e8s du m\u00e9tro.<\/p>\n<p>C\u2019est l\u00e0 qu\u2019un automobiliste les fauche, elle et son nourrisson. \u00ab\u00a0Je ne me souviens de rien\u00a0\u00bb, soupire cette m\u00e8re de plusieurs enfants qui pr\u00e9f\u00e8re conserver l\u2019anonymat. Le choc, violent, a op\u00e9r\u00e9 comme un black-out c\u00e9r\u00e9bral.<\/p>\n<p>\u00ab\u00a0Le feu \u00e9tait vert pour les pi\u00e9tons\u00a0\u00bb<\/p>\n<p>\u00ab\u00a0Le feu \u00e9tait vert pour les pi\u00e9tons. J\u2019ai eu un doute apr\u00e8s l\u2019accident, mais j\u2019ai demand\u00e9 au monsieur qui s\u2019est arr\u00eat\u00e9 pour nous porter secours et il m\u2019a confirm\u00e9 que c\u2019\u00e9tait bien le cas\u00a0\u00bb. Un t\u00e9moin, donc, car l\u2019automobiliste impliqu\u00e9 dans l\u2019accident, pour sa part, a pr\u00e9f\u00e9r\u00e9 prendre la fuite plut\u00f4t que de porter assistance aux bless\u00e9s.<\/p>\n<p>Homme\u00a0? Femme\u00a0? On l\u2019ignore encore. L\u2019image (de mauvaise qualit\u00e9) de son v\u00e9hicule diffus\u00e9e en guise d\u2019appels \u00e0 t\u00e9moins par les forces de l\u2019ordre n\u2019a pas encore permis de l\u2019\u00e9tablir. \u00ab\u00a0Plusieurs personnes se sont manifest\u00e9es aupr\u00e8s des enqu\u00eateurs\u00a0\u00bb, pr\u00e9cise le parquet de Toulouse. Mais aucun t\u00e9moignage n\u2019a encore permis de remonter jusqu\u2019au chauffard.<\/p>\n<p>\u00ab\u00a0Il ne m\u2019a plus quitt\u00e9\u00a0\u00bb<\/p>\n<p>La jeune maman se souvient-elle des paroles du bon samaritain qui est intervenu sur les lieux de l\u2019accident\u00a0? \u00ab\u00a0Non malheureusement, et je ne connais pas son nom. Il s\u2019est surtout occup\u00e9 de mon fils. Il a eu raison. Moi j\u2019\u00e9tais avec les pompiers\u2026\u00a0\u00bb.<\/p>\n<p>        <img decoding=\"async\" class=\"std-img__img responsive-img\" src=\"https:\/\/www.europesays.com\/fr\/wp-content\/uploads\/2026\/01\/1767358035_178_image.jpg\" alt=\"La police recherche toujours le chauffard (ici \u00e0 gauche).\"\/><\/p>\n<p>                La police recherche toujours le chauffard (ici \u00e0 gauche).<br \/>\n                                    DR &#8211; Police Nationale<\/p>\n<p>M\u00e8re et fils partent en ambulance vers l\u2019h\u00f4pital Purpan. \u00ab\u00a0\u00c0 partir du moment o\u00f9 ils me l\u2019ont donn\u00e9, il ne m\u2019a plus quitt\u00e9\u00a0\u00bb. La maman souffre d\u2019une fracture du p\u00e9ron\u00e9. \u00ab\u00a0J\u2019ai fait plusieurs passages aux urgences mais je n\u2019ai pas \u00e9t\u00e9 hospitalis\u00e9e. Nous avons pu rentrer ensemble \u00e0 la maison\u00a0\u00bb.<\/p>\n<p>Le b\u00e9b\u00e9 miraculeusement indemne<\/p>\n<p>Plac\u00e9 en observation pendant six heures, le b\u00e9b\u00e9 est miraculeusement indemne. \u00ab\u00a0Il n\u2019a toujours rien (quatre jours plus tard, NDLR). On a vraiment eu beaucoup de chance l\u00e0-dessus\u00a0\u00bb.<\/p>\n<p>En arri\u00e8re-fond, de petits vagissements traduisent une possible fringale impromptue. Le plus beau cadeau pour cette nouvelle ann\u00e9e.<\/p>\n<p>L\u2019appel \u00e0 t\u00e9moins lanc\u00e9 par les policiers demeure en vigueur. Toute personne ayant des informations sur cet accident survenu lundi 29\u00a0d\u00e9cembre 2025, vers 17\u00a0h\u00a050, \u00e0 hauteur du rond-point de Balma-Gramont, est invit\u00e9e \u00e0 prendre contact d\u00e8s que possible aupr\u00e8s des services de police au 05\u00a061\u00a012\u00a082\u00a059 ou au 05\u00a061\u00a012\u00a080\u00a093.<\/p>\n","protected":false},"excerpt":{"rendered":"l&rsquo;essentiel Elle t\u00e9moigne pour la premi\u00e8re fois. La m\u00e8re de famille de 37 ans fauch\u00e9e avec son nouveau-n\u00e9&hellip;\n","protected":false},"author":2,"featured_media":636185,"comment_status":"","ping_status":"","sticky":false,"template":"","format":"standard","meta":{"footnotes":""},"categories":[1586],"tags":[3085,11,1777,674,1779,118,1011,27,2722,12,25,2312,1778,364],"class_list":{"0":"post-636184","1":"post","2":"type-post","3":"status-publish","4":"format-standard","5":"has-post-thumbnail","7":"category-europe","8":"tag-accidents","9":"tag-actualites","10":"tag-eu","11":"tag-europe","12":"tag-european-union","13":"tag-faits-divers","14":"tag-fr","15":"tag-france","16":"tag-haute-garonne","17":"tag-news","18":"tag-republique-francaise","19":"tag-toulouse","20":"tag-ue","21":"tag-union-europeenne"},"share_on_mastodon":{"url":"https:\/\/pubeurope.com\/@fr\/115825583388905126","error":""},"_links":{"self":[{"href":"https:\/\/www.europesays.com\/fr\/wp-json\/wp\/v2\/posts\/636184","targetHints":{"allow":["GET"]}}],"collection":[{"href":"https:\/\/www.europesays.com\/fr\/wp-json\/wp\/v2\/posts"}],"about":[{"href":"https:\/\/www.europesays.com\/fr\/wp-json\/wp\/v2\/types\/post"}],"author":[{"embeddable":true,"href":"https:\/\/www.europesays.com\/fr\/wp-json\/wp\/v2\/users\/2"}],"replies":[{"embeddable":true,"href":"https:\/\/www.europesays.com\/fr\/wp-json\/wp\/v2\/comments?post=636184"}],"version-history":[{"count":0,"href":"https:\/\/www.europesays.com\/fr\/wp-json\/wp\/v2\/posts\/636184\/revisions"}],"wp:featuredmedia":[{"embeddable":true,"href":"https:\/\/www.europesays.com\/fr\/wp-json\/wp\/v2\/media\/636185"}],"wp:attachment":[{"href":"https:\/\/www.europesays.com\/fr\/wp-json\/wp\/v2\/media?parent=636184"}],"wp:term":[{"taxonomy":"category","embeddable":true,"href":"https:\/\/www.europesays.com\/fr\/wp-json\/wp\/v2\/categories?post=636184"},{"taxonomy":"post_tag","embeddable":true,"href":"https:\/\/www.europesays.com\/fr\/wp-json\/wp\/v2\/tags?post=636184"}],"curies":[{"name":"wp","href":"https:\/\/api.w.org\/{rel}","templated":true}]}}