{"id":636192,"date":"2026-01-02T12:51:13","date_gmt":"2026-01-02T12:51:13","guid":{"rendered":"https:\/\/www.europesays.com\/fr\/636192\/"},"modified":"2026-01-02T12:51:13","modified_gmt":"2026-01-02T12:51:13","slug":"incroyable-victime-de-son-succes-un-parcours-vend-tous-ses-greenfees-de-lannee-2026-en-quelques-minutes","status":"publish","type":"post","link":"https:\/\/www.europesays.com\/fr\/636192\/","title":{"rendered":"Incroyable ! Victime de son succ\u00e8s, un parcours vend tous ses greenfees de l&rsquo;ann\u00e9e 2026 en quelques minutes !"},"content":{"rendered":"<p>\t\t\t\t\t\t<img width=\"770\" height=\"556\" src=\"https:\/\/www.europesays.com\/fr\/wp-content\/uploads\/2026\/01\/landmand-gc-nebraska-incroyable-770x556.jpg\" class=\"img-responsive wp-post-image\" alt=\"landmand-gc-nebraska\" decoding=\"async\" fetchpriority=\"high\"  \/>\t\t\t\t\t<\/p>\n<p>\t\t\t\t\t\t Partager cet article <\/p>\n<p class=\"screen-reader-text juiz_sps_maybe_hidden_text\">Partager la publication \u00ab\u00a0Incroyable ! Victime de son succ\u00e8s, un parcours vend tous ses greenfees de l\u2019ann\u00e9e 2026 en quelques minutes !\u00a0\u00bb<\/p>\n<p><strong>C\u2019est un v\u00e9ritable raz de mar\u00e9e qu\u2019a subi la plateforme de vente en ligne de greenfees de ce parcours. Mis en vente le 31 d\u00e9cembre, tous les horaires de d\u00e9part se sont volatilis\u00e9s en un rien de temps et le propri\u00e9taire a publi\u00e9 un communiqu\u00e9 quelques heures plus tard pour expliquer qu\u2019ils avaient tous \u00e9t\u00e9 vendus !<\/strong><\/p>\n<p>Ce qui n\u2019\u00e9tait au d\u00e9part qu\u2019une id\u00e9e simple d\u2019un agriculteur devenu propri\u00e9taire du parcours, associ\u00e9 \u00e0 une \u00e9quipe de concepteurs de golf prometteurs, a suscit\u00e9 un incroyable engouement aupr\u00e8s des golfeurs.<\/p>\n<p>Dessin\u00e9 au milieu de nulle part par des architectes relativement inconnus (<strong>Rob Collins<\/strong> et <strong>Tad King<\/strong>), ce parcours du Nebraska, aux Etats-Unis, est devenu en quelques ann\u00e9es un \u201cmust\u201d.\u00a0<\/p>\n<p>Aujourd\u2019hui, ils sont si nombreux \u00e0 vouloir d\u00e9couvrir ce par 73 de 6 590 m\u00e8tres au milieu des champs de ma\u00efs que la traditionnelle vente de Tee Times du 31 d\u00e9cembre n\u2019a malheureusement pas pu satisfaire tout le monde. Loin s\u2019en faut.<\/p>\n<p><img loading=\"lazy\" decoding=\"async\" class=\"size-full wp-image-194939\" src=\"data:image\/svg+xml,%3Csvg%20xmlns=\" http:=\"\" alt=\"landmandgolfclub-instagram-message.\" width=\"2228\" height=\"1596\" data-lazy- data-lazy- data-lazy-src=\"https:\/\/www.europesays.com\/fr\/wp-content\/uploads\/2026\/01\/landmandgolfclub-instagram-message.jpg\"\/><\/p>\n<p>&#13;<br \/>\nEn effet, quelques heures apr\u00e8s l\u2019ouverture du site, le propri\u00e9taire du <strong>Landmand Golf Club<\/strong> a publi\u00e9 un message sur <a href=\"https:\/\/www.instagram.com\/landmandgc\/\" target=\"_blank\" rel=\"noopener\">le compte Instagram<\/a> expliquant que tous les horaires de d\u00e9part de 2026 avaient d\u00e9j\u00e0 trouv\u00e9 preneurs ! Mais aussi pour s\u2019excuser aupr\u00e8s de ceux qui avaient fait \u201cchou blanc\u201d.<\/p>\n<p>\u00ab Si vous vous \u00eates inscrits sur la liste d\u2019attente, nous vous informerons en cas de d\u00e9sistement \u00bb, peut-on lire.<\/p>\n<p>&#13;<br \/>\nUn succ\u00e8s retentissant<\/p>\n<p>Nich\u00e9 au c\u0153ur du Midwest, Landmand a vu le jour sur d\u2019anciennes terres agricoles accident\u00e9es et s\u2019est transform\u00e9 en une destination de golf de renomm\u00e9e mondiale gr\u00e2ce \u00e0 la t\u00e9nacit\u00e9, au savoir-faire et \u00e0 une conviction in\u00e9branlable de son propri\u00e9taire, <strong>Will Andersen<\/strong>.<\/p>\n<p>Le succ\u00e8s est si grand que Golf Channel a d\u00e9cid\u00e9 de raconter cette belle histoire !<\/p>\n<\/p>\n<p>&#13;<br \/>\nCe qui n\u2019\u00e9tait qu\u2019un r\u00eave il y a dix ans est devenu r\u00e9alit\u00e9 en 2022 et en trois ann\u00e9es seulement, il est devenu l\u2019un des parcours de golf les plus pris\u00e9s du pays. Le tarif du droit de jeu est de 150 $.<\/p>\n<p>\u00ab Notre seul objectif \u00e9tait de construire un parcours de golf, en esp\u00e9rant qu\u2019il fonctionne bien. Mais afficher complet d\u00e8s la premi\u00e8re ann\u00e9e, la deuxi\u00e8me et la troisi\u00e8me ann\u00e9e\u2026 Non, je ne m\u2019y attendais pas \u00bb, a d\u00e9clar\u00e9 Will Andersen, propri\u00e9taire et g\u00e9rant.<\/p>\n<p>L\u2019id\u00e9e de construire ce parcours est venue \u00e0 Andersen en 2015, mais il a d\u2019abord d\u00fb convaincre son p\u00e8re. Il lui a fallu quatre ans pour finalement se laisser convaincre.<\/p>\n<p>\u00ab Il m\u2019a fallu quatre ans pour le persuader et lui montrer le potentiel du projet, pour lui prouver que oui, nous pouvions \u00eatre rentables, voire m\u00eame atteindre l\u2019\u00e9quilibre financier, a expliqu\u00e9 Andersen. Le convaincre a donc \u00e9t\u00e9 la chose la plus difficile que j\u2019aie eu \u00e0 faire au cours des quatre ann\u00e9es qui ont pr\u00e9c\u00e9d\u00e9 le d\u00e9but des travaux. \u00bb<\/p>\n<p>\u00a9Landmand Golf Club<\/p>\n<p>\t\t\t<script async src=\"\/\/www.instagram.com\/embed.js\"><\/script><\/p>\n","protected":false},"excerpt":{"rendered":"Partager cet article Partager la publication \u00ab\u00a0Incroyable ! Victime de son succ\u00e8s, un parcours vend tous ses greenfees&hellip;\n","protected":false},"author":2,"featured_media":636193,"comment_status":"","ping_status":"","sticky":false,"template":"","format":"standard","meta":{"footnotes":""},"categories":[1418],"tags":[1011,27,1472,60],"class_list":{"0":"post-636192","1":"post","2":"type-post","3":"status-publish","4":"format-standard","5":"has-post-thumbnail","7":"category-golf","8":"tag-fr","9":"tag-france","10":"tag-golf","11":"tag-sports"},"share_on_mastodon":{"url":"https:\/\/pubeurope.com\/@fr\/115825599052021949","error":""},"_links":{"self":[{"href":"https:\/\/www.europesays.com\/fr\/wp-json\/wp\/v2\/posts\/636192","targetHints":{"allow":["GET"]}}],"collection":[{"href":"https:\/\/www.europesays.com\/fr\/wp-json\/wp\/v2\/posts"}],"about":[{"href":"https:\/\/www.europesays.com\/fr\/wp-json\/wp\/v2\/types\/post"}],"author":[{"embeddable":true,"href":"https:\/\/www.europesays.com\/fr\/wp-json\/wp\/v2\/users\/2"}],"replies":[{"embeddable":true,"href":"https:\/\/www.europesays.com\/fr\/wp-json\/wp\/v2\/comments?post=636192"}],"version-history":[{"count":0,"href":"https:\/\/www.europesays.com\/fr\/wp-json\/wp\/v2\/posts\/636192\/revisions"}],"wp:featuredmedia":[{"embeddable":true,"href":"https:\/\/www.europesays.com\/fr\/wp-json\/wp\/v2\/media\/636193"}],"wp:attachment":[{"href":"https:\/\/www.europesays.com\/fr\/wp-json\/wp\/v2\/media?parent=636192"}],"wp:term":[{"taxonomy":"category","embeddable":true,"href":"https:\/\/www.europesays.com\/fr\/wp-json\/wp\/v2\/categories?post=636192"},{"taxonomy":"post_tag","embeddable":true,"href":"https:\/\/www.europesays.com\/fr\/wp-json\/wp\/v2\/tags?post=636192"}],"curies":[{"name":"wp","href":"https:\/\/api.w.org\/{rel}","templated":true}]}}