{"id":636196,"date":"2026-01-02T12:54:13","date_gmt":"2026-01-02T12:54:13","guid":{"rendered":"https:\/\/www.europesays.com\/fr\/636196\/"},"modified":"2026-01-02T12:54:13","modified_gmt":"2026-01-02T12:54:13","slug":"invitee-par-les-organisateurs-venus-williams-va-devenir-la-joueuse-la-plus-agee-a-disputer-lopen-daustralie","status":"publish","type":"post","link":"https:\/\/www.europesays.com\/fr\/636196\/","title":{"rendered":"invit\u00e9e par les organisateurs, Venus Williams va devenir la joueuse la plus \u00e2g\u00e9e \u00e0 disputer l&rsquo;Open d&rsquo;Australie"},"content":{"rendered":"\n<p class=\"c-chapo \">\n  L&rsquo;Am\u00e9ricaine de 45 ans a re\u00e7u l&rsquo;invitation vendredi pour participer au Grand Chelem australien o\u00f9 elle n&rsquo;a plus jou\u00e9 depuis 2021.\n<\/p>\n<p>      lire plus tard<\/p>\n<p id=\"dialog__title\" class=\"dialog__title\">Pour sauvegarder cet article, connectez-vous ou cr\u00e9ez un compte franceinfo<\/p>\n<p class=\"dialog__description\">Sans paiement. Sans abonnement.<\/p>\n<p>        Fermer la fen\u00eatre d\u2019activation des notifications France Info<\/p>\n<p>      cr\u00e9er votre compte<\/p>\n<p>      se connecter<\/p>\n<p>      :<\/p>\n<p>        Fermer la fen\u00eatre de pr\u00e9sentation<\/p>\n<p>    <img loading=\"lazy\" decoding=\"async\" class=\"signature__image lazyload\" width=\"100\" height=\"100\" data- alt=\"\" src=\"https:\/\/www.europesays.com\/fr\/wp-content\/uploads\/2025\/07\/logosport-fond-blanc-68664bf99f8a0368288482.jpg\"\/><\/p>\n<p>          France T\u00e9l\u00e9visions &#8211; R\u00e9daction Sport<\/p>\n<p>    Publi\u00e9 le 02\/01\/2026 11:39<\/p>\n<p>        Temps de lecture : 1min<\/p>\n<p>    <img decoding=\"async\"  alt=\"L'Am\u00e9ricaine Venus Williams lors de l'US Open, en ao\u00fbt 2025. (KENA BETANCUR \/ AFP)\" width=\"432\" height=\"243\" src=\"https:\/\/www.europesays.com\/fr\/wp-content\/uploads\/2026\/01\/000-89et2nq-6957999ce67e8651684483.jpg\" fetchpriority=\"high\"\/><\/p>\n<p>      L&rsquo;Am\u00e9ricaine Venus Williams lors de l&rsquo;US Open, en ao\u00fbt 2025. (KENA BETANCUR \/ AFP)<\/p>\n<p>Venus Williams s&rsquo;offre une tourn\u00e9e oc\u00e9anienne. Apr\u00e8s avoir re\u00e7u une invitation d\u00e9but novembre <a href=\"https:\/\/www.franceinfo.fr\/sports\/tennis\/wta\/tennis-venus-williams-va-disputer-a-45-ans-le-tournoi-d-auckland-en-janvier_7596740.html\" data-tooltip-url=\"https:\/\/www.franceinfo.fr\/sports\/tennis\/wta\/tennis-venus-williams-va-disputer-a-45-ans-le-tournoi-d-auckland-en-janvier_7596740.html\" target=\"_blank\" rel=\"noopener\">pour participer au tournoi d&rsquo;Auckland<\/a> (Nouvelle-Z\u00e9lande), qui s&rsquo;ouvre le 5\u00a0janvier, l&rsquo;Am\u00e9ricaine a \u00e9galement \u00e9t\u00e9 invit\u00e9e, vendredi\u00a02 janvier, par les organisateurs de l&rsquo;Open d&rsquo;Australie \u00e0 participer au premier Grand Chelem de la saison 2026. Juste avant, elle est attendue en Tasmanie au tournoi de Hobart, qui lui a aussi accord\u00e9 une wild-card.<\/p>\n<p>A 45 ans, elle va devenir la joueuse la plus \u00e2g\u00e9e \u00e0 participer \u00e0 l&rsquo;Open d&rsquo;Australie, dont les premiers coups de raquette du tableau principal seront donn\u00e9s le 18 janvier. La septuple vainqueur en simple d&rsquo;un Grand Chelem figurera dans le tableau principal \u00e0 Melbourne pour la premi\u00e8re fois depuis 2021. Elle s&rsquo;\u00e9tait inclin\u00e9e au 2e tour face \u00e0 Sara Errani. Son meilleur r\u00e9sultat est une finale, perdue deux fois contre sa s\u0153ur Serena en 2003 et 2017.<\/p>\n<p>\u00ab\u00a0Je suis ravie d&rsquo;\u00eatre de retour en Australie et j&rsquo;ai h\u00e2te de disputer le tournoi pendant l&rsquo;\u00e9t\u00e9 australien\u00a0\u00bb, a d\u00e9clar\u00e9 Venus Williams. \u00ab\u00a0J&rsquo;ai tellement de souvenirs incroyables l\u00e0-bas et je suis reconnaissante d&rsquo;avoir l&rsquo;opportunit\u00e9 de revenir dans un lieu qui a tant compt\u00e9 dans ma carri\u00e8re.\u00a0\u00bb Sa co\u00e9quipi\u00e8re am\u00e9ricaine Coco Gauff, 21\u00a0ans et num\u00e9ro\u00a03 mondiale, s&rsquo;est r\u00e9jouie, en marge de l&rsquo;United Cup, de \u00ab\u00a0revoir en action\u00a0\u00bb Venus Williams prochainement\u00a0: \u00ab\u00a0C&rsquo;est une l\u00e9gende du sport. La long\u00e9vit\u00e9 de sa carri\u00e8re est incroyable.\u00a0\u00bb<\/p>\n<p>Absente du circuit pendant pr\u00e8s d&rsquo;un an et demi, elle avait fait son retour sur les courts en juillet 2025 au tournoi de Washington. Sur le circuit WTA, elle a disput\u00e9 quatre matchs en simple en 2025 pour une seule victoire.<\/p>\n","protected":false},"excerpt":{"rendered":"L&rsquo;Am\u00e9ricaine de 45 ans a re\u00e7u l&rsquo;invitation vendredi pour participer au Grand Chelem australien o\u00f9 elle n&rsquo;a plus&hellip;\n","protected":false},"author":2,"featured_media":636197,"comment_status":"","ping_status":"","sticky":false,"template":"","format":"standard","meta":{"footnotes":""},"categories":[1415],"tags":[1011,27,60,1467],"class_list":{"0":"post-636196","1":"post","2":"type-post","3":"status-publish","4":"format-standard","5":"has-post-thumbnail","7":"category-tennis","8":"tag-fr","9":"tag-france","10":"tag-sports","11":"tag-tennis"},"share_on_mastodon":{"url":"https:\/\/pubeurope.com\/@fr\/115825610819100522","error":""},"_links":{"self":[{"href":"https:\/\/www.europesays.com\/fr\/wp-json\/wp\/v2\/posts\/636196","targetHints":{"allow":["GET"]}}],"collection":[{"href":"https:\/\/www.europesays.com\/fr\/wp-json\/wp\/v2\/posts"}],"about":[{"href":"https:\/\/www.europesays.com\/fr\/wp-json\/wp\/v2\/types\/post"}],"author":[{"embeddable":true,"href":"https:\/\/www.europesays.com\/fr\/wp-json\/wp\/v2\/users\/2"}],"replies":[{"embeddable":true,"href":"https:\/\/www.europesays.com\/fr\/wp-json\/wp\/v2\/comments?post=636196"}],"version-history":[{"count":0,"href":"https:\/\/www.europesays.com\/fr\/wp-json\/wp\/v2\/posts\/636196\/revisions"}],"wp:featuredmedia":[{"embeddable":true,"href":"https:\/\/www.europesays.com\/fr\/wp-json\/wp\/v2\/media\/636197"}],"wp:attachment":[{"href":"https:\/\/www.europesays.com\/fr\/wp-json\/wp\/v2\/media?parent=636196"}],"wp:term":[{"taxonomy":"category","embeddable":true,"href":"https:\/\/www.europesays.com\/fr\/wp-json\/wp\/v2\/categories?post=636196"},{"taxonomy":"post_tag","embeddable":true,"href":"https:\/\/www.europesays.com\/fr\/wp-json\/wp\/v2\/tags?post=636196"}],"curies":[{"name":"wp","href":"https:\/\/api.w.org\/{rel}","templated":true}]}}