{"id":636198,"date":"2026-01-02T12:58:18","date_gmt":"2026-01-02T12:58:18","guid":{"rendered":"https:\/\/www.europesays.com\/fr\/636198\/"},"modified":"2026-01-02T12:58:18","modified_gmt":"2026-01-02T12:58:18","slug":"relais-des-dauphins-elections-championnats-de-france-de-cyclisme-les-actualites-qui-vont-marquer-la-ville-en-2026-le-dauphine-libere","status":"publish","type":"post","link":"https:\/\/www.europesays.com\/fr\/636198\/","title":{"rendered":"Relais des Dauphins, \u00e9lections, championnats de France de cyclisme&#8230; Les actualit\u00e9s qui vont marquer la ville en 2026 &#8211; Le Dauphin\u00e9 Lib\u00e9r\u00e9"},"content":{"rendered":"<ol>\n<li><a href=\"https:\/\/news.google.com\/rss\/articles\/CBMi8gFBVV95cUxQUGRUTjdiRzFQbHVhbjZHeW1sN0ltU1lTLWMxLUE3VkowTnRkazB3TGMxVnJiZEJRbW1Hd3ctZFpMX0k2Q0VGYmJLaE00MzNFVElFZndkcDRMeEZxRW5WWTFteTVXcXZTaXVCQXlKcWJYeXBXc3FKUy03cHBXX1NtSEh6aEdsbXZpZFZNRnBuZkp0bE5sZmRYWDFlRVVBYjI5ckJmNWo5b3FYcXhNdkZ1Y084aTFBS1ZVQkt4SWhBS29QUUZGTFQwUjJsTTg3UDVhcjVkRHlYcjJZeGNfSExmVllkN3dtZ3FNQmFZbndMNEdFZw?oc=5\" target=\"_blank\" rel=\"noopener\">Relais des Dauphins, \u00e9lections, championnats de France de cyclisme&#8230; Les actualit\u00e9s qui vont marquer la ville en 2026<\/a>&nbsp;&nbsp;Le Dauphin\u00e9 Lib\u00e9r\u00e9<\/li>\n<li><a href=\"https:\/\/news.google.com\/rss\/articles\/CBMijgFBVV95cUxQWEhaUXpJV1VyWE5lQUFhV3U0ZEctSk0yZ2FrbWV1OUE1UnRNT25FOHY0ZjI3bWxnOTdFaEtfX2lLWnJsM2FXMVp3MmQ4TWw4VnVTejhlN3FWSURsX2VnVkVsbXZtQkROUUdWUEI2dkpsVDFHZlU5MTF1QU5pT3JBV0lQNTVFMXZ2blA1R0N3?oc=5\" target=\"_blank\" rel=\"noopener\">Dr\u00f4me-Ard\u00e8che. D\u00e9couvrez les 26 bonnes raisons de se r\u00e9jouir en 2026<\/a>&nbsp;&nbsp;Le Dauphin\u00e9 Lib\u00e9r\u00e9<\/li>\n<li><a href=\"https:\/\/news.google.com\/rss\/articles\/CBMi7AFBVV95cUxOaW1laTJ6STg4dktFbkVKR1JIRXFJalhONW5XeGVTSkxCcXk2UFE1RFhkTGFWYXE3X0tFajdSQzNCNGVhUzVCSGZVaGtRTFRTYk5tYWtOZFZuYURQM0llc1BnZFhlX1BORU1iN3p2c2tWTjl2MEhKNFA5bk55RjhZY0hkbUQxMUtTOE1wakpzbEtncUdJUWhhT2d1M2lUVWlacnZPS1RuQ0x5RFhVeHBVTW91b2VtSW5oVkNmamVWVUpkaGtndjVzbWV0RmRaVWJ4c3U0bS1IYXcyTWRkTHJqelRlTklJdHh3RmpGbw?oc=5\" target=\"_blank\" rel=\"noopener\">Ce qui nous attend en 2026 en Is\u00e8re : la r\u00e9ouverture de la Tour Perret \u00e0 Grenoble<\/a>&nbsp;&nbsp;francebleu.fr<\/li>\n<li><a href=\"https:\/\/news.google.com\/rss\/articles\/CBMiuAFBVV95cUxOWUY2US1EZ3lFbk1hNGhIOUZZQnF3WXJyYkpWUF9ra2Z3emRIWS0ySWU5UHdGMnU0cWVnU2dHb1lHYmVtRVRwRkx1UktISjFIWmg0YmNtTXpjSFNBZnJKZmkwZDNQdkV3OVAtY2x6WnlYaVJ1c2pLV2FwYUk2VE5UcF9JQmxKcVZGcHcxdms1MHI1T0U3Y0U1Z1hiaXFrS1JTUmZrMHAtd2EyTHA0OHp2YW9zQ3U5RkJK?oc=5\" target=\"_blank\" rel=\"noopener\">Nord-Is\u00e8re. Industrie, concerts, cyclisme&#8230; 26 bonnes raisons de croire en 2026<\/a>&nbsp;&nbsp;Le Dauphin\u00e9 Lib\u00e9r\u00e9<\/li>\n<li><a href=\"https:\/\/news.google.com\/rss\/articles\/CBMioAFBVV95cUxQQVNvNm4xR3Z1bWx1Y1l4UXdUUlFCcUpuM3FyVXJ3aDZOT2x6WkZnSWd2dFpWMUhyc2NGdjVZWnBFNlBQSzZOVEtOZEtzSFYza3FEVHdOMVk3c0JURkszeTBpdEtqcUl1RWpzYjc2XzZYRGY0NDh2d0FLYVpPNTlyZEVmQXdNb1pmMldBd3F3NHA1eHMwSGhKS2Fsc3FKVk16?oc=5\" target=\"_blank\" rel=\"noopener\">Vaucluse. Voici 26 bonnes raisons de se r\u00e9jouir en 2026<\/a>&nbsp;&nbsp;Le Dauphin\u00e9 Lib\u00e9r\u00e9<\/li>\n<\/ol>\n","protected":false},"excerpt":{"rendered":"Relais des Dauphins, \u00e9lections, championnats de France de cyclisme&#8230; Les actualit\u00e9s qui vont marquer la ville en 2026&nbsp;&nbsp;Le&hellip;\n","protected":false},"author":2,"featured_media":636199,"comment_status":"","ping_status":"","sticky":false,"template":"","format":"standard","meta":{"footnotes":""},"categories":[1411],"tags":[327,25799,1154,207,33,116,4188,1011,27,1116,108,15281,52791,1908,316,479,25804,104,60],"class_list":{"0":"post-636198","1":"post","2":"type-post","3":"status-publish","4":"format-standard","5":"has-post-thumbnail","7":"category-cyclisme","8":"tag-agriculture","9":"tag-corbelin","10":"tag-cycling","11":"tag-cyclisme","12":"tag-economie","13":"tag-edition-la-tour-du-pin-nord-dauphine","14":"tag-elections-municipales","15":"tag-fr","16":"tag-france","17":"tag-immobilier","18":"tag-isere","19":"tag-la-tour-du-pin","20":"tag-la-tour-du-pin-bassin","21":"tag-logement","22":"tag-politique","23":"tag-rugby","24":"tag-saint-jean-davelanne","25":"tag-societe","26":"tag-sports"},"share_on_mastodon":{"url":"https:\/\/pubeurope.com\/@fr\/115825626571024210","error":""},"_links":{"self":[{"href":"https:\/\/www.europesays.com\/fr\/wp-json\/wp\/v2\/posts\/636198","targetHints":{"allow":["GET"]}}],"collection":[{"href":"https:\/\/www.europesays.com\/fr\/wp-json\/wp\/v2\/posts"}],"about":[{"href":"https:\/\/www.europesays.com\/fr\/wp-json\/wp\/v2\/types\/post"}],"author":[{"embeddable":true,"href":"https:\/\/www.europesays.com\/fr\/wp-json\/wp\/v2\/users\/2"}],"replies":[{"embeddable":true,"href":"https:\/\/www.europesays.com\/fr\/wp-json\/wp\/v2\/comments?post=636198"}],"version-history":[{"count":0,"href":"https:\/\/www.europesays.com\/fr\/wp-json\/wp\/v2\/posts\/636198\/revisions"}],"wp:featuredmedia":[{"embeddable":true,"href":"https:\/\/www.europesays.com\/fr\/wp-json\/wp\/v2\/media\/636199"}],"wp:attachment":[{"href":"https:\/\/www.europesays.com\/fr\/wp-json\/wp\/v2\/media?parent=636198"}],"wp:term":[{"taxonomy":"category","embeddable":true,"href":"https:\/\/www.europesays.com\/fr\/wp-json\/wp\/v2\/categories?post=636198"},{"taxonomy":"post_tag","embeddable":true,"href":"https:\/\/www.europesays.com\/fr\/wp-json\/wp\/v2\/tags?post=636198"}],"curies":[{"name":"wp","href":"https:\/\/api.w.org\/{rel}","templated":true}]}}