{"id":636204,"date":"2026-01-02T13:01:13","date_gmt":"2026-01-02T13:01:13","guid":{"rendered":"https:\/\/www.europesays.com\/fr\/636204\/"},"modified":"2026-01-02T13:01:13","modified_gmt":"2026-01-02T13:01:13","slug":"a-rome-le-loft-de-120-m2-tout-en-fluidite-dun-jeune-homme-de-25-ans","status":"publish","type":"post","link":"https:\/\/www.europesays.com\/fr\/636204\/","title":{"rendered":"\u00c0 Rome, le loft de 120 m2 tout en fluidit\u00e9 d&rsquo;un jeune homme de 25 ans"},"content":{"rendered":"<p><strong>Ce loft \u00e0 Rome est n\u00e9 du d\u00e9sir d&rsquo;un jeune homme de 25 ans de vivre dans un espace libre, fluide et en constante transformation. Un projet circulaire con\u00e7u par Gianluca Graziani et Michela Ekstr\u00f6m, o\u00f9 mati\u00e8re et mouvement s&rsquo;entrem\u00ealent.<\/strong><\/p>\n<p>Il existe des maisons con\u00e7ues pour durer dans le temps, et puis il y a des espaces comme celui-ci : un <a href=\"https:\/\/www.admagazine.fr\/article\/rome-appartement-70-m2-veritable-oasis-mediterraneenne\" target=\"_blank\" rel=\"noopener\">appartement romain<\/a> de 120 m\u00e8tres carr\u00e9s n\u00e9 de la vie &#8211; et des besoins &#8211; d&rsquo;un jeune homme de vingt-cinq ans qui refuse l&rsquo;id\u00e9e de vivre dans des espaces rigides, pr\u00e9d\u00e9finis, d&rsquo;adultes. Pour lui, la maison est un organisme vivant, un compagnon de voyage, un lieu qui doit s&rsquo;adapter \u00e0 des rythmes rapides, \u00e0 des passions changeantes, \u00e0 des invit\u00e9s qui vont et viennent, \u00e0 des soir\u00e9es improvis\u00e9es ou \u00e0 des week-ends tranquilles. Lorsque Filippo a rencontr\u00e9 les architectes Gianluca Graziani et Michela Ekstr\u00f6m, il leur a demand\u00e9 une chose simple, mais loin d&rsquo;\u00eatre \u00e9vidente : \u00ab\u00a0Je veux une maison qui puisse grandir avec moi\u00a0\u00bb. C&rsquo;est de cette demande, si spontan\u00e9e et radicale, qu&rsquo;est n\u00e9 F\u00b0LOFT \u2013 Living Twenty-Five, un projet qui rejette toute stagnation et construit une nouvelle fa\u00e7on de vivre les int\u00e9rieurs : circulaire, ouverte, en mouvement constant. Le c\u0153ur de l&rsquo;appartement est un grand bloc central, un volume mat\u00e9riel qui devient boussole et pivot. Autour de lui, les espaces se succ\u00e8dent en suivant un parcours circulaire, sans d\u00e9but ni fin, comme une boucle interne qui permet de se d\u00e9placer sans interruption.<\/p>\n<p>\u00ab\u00a0Nous voulions cr\u00e9er une exp\u00e9rience, pas seulement un plan, expliquent les concepteurs. Une maison \u00e0 parcourir, pas seulement \u00e0 habiter. \u00bb<\/p>\n<p><img decoding=\"async\" alt=\"\u00ab Je voulais un espace qui volue avec moi \u00bb confie Filippo  le jeune propritaire de l'appartement.\" loading=\"lazy\" class=\"ResponsiveImageContainer-eNxvmU cfBbTk responsive-image__image\"   src=\"https:\/\/www.europesays.com\/fr\/wp-content\/uploads\/2026\/01\/25%20I%20Floft%20I%20Roma%20I%202025%20I%20%C2%A9CarloOriente2025.jpg\"\/><\/p>\n<p>\u00ab Je voulais un espace qui \u00e9volue avec moi \u00bb, confie Filippo (photo ci-contre), le jeune propri\u00e9taire de l&rsquo;appartement.<\/p>\n<p>Foto di Carlo Oriente.Quand chaque \u00e9l\u00e9ment est un fragment de vie (et non un ensemble coordonn\u00e9)<\/p>\n<p>Ce qui frappe d\u00e8s l&rsquo;entr\u00e9e, c&rsquo;est la libert\u00e9. Rien ne semble avoir \u00e9t\u00e9 \u00e9tudi\u00e9 pour para\u00eetre parfait, mais tout a \u00e9t\u00e9 choisi avec soin pour \u00eatre authentique. \u00ab Le propri\u00e9taire ne voulait pas d&rsquo;une maison fig\u00e9e, expliquent les architectes, mais un lieu o\u00f9 les objets pourraient cohabiter comme des personnes diff\u00e9rentes dans un salon bond\u00e9 \u00bb. C&rsquo;est pourquoi les meubles ne servent jamais \u00e0 composer un moodboard, mais racontent des histoires particuli\u00e8res : un fauteuil tress\u00e9, un pouf utilis\u00e9 pour travailler par terre, une <a href=\"https:\/\/www.admagazine.fr\/design\/shopping-design\/diaporama\/15-tables-basses-pour-changer-le-style-de-son-salon\/61449\" target=\"_blank\" rel=\"noopener\">table basse<\/a> en b\u00e9ton \u00e0 la forme sculpturale, une chaise rouge qui illumine soudainement la pi\u00e8ce comme un coup de th\u00e9\u00e2tre. La <a href=\"https:\/\/www.admagazine.fr\/article\/idees-inspirantes-cuisine-noire\" target=\"_blank\" rel=\"noopener\">cuisine noire<\/a>, profonde et mat\u00e9rielle, contraste avec le sol en bois clair et les murs neutres, qui servent de toile de fond \u00e0 des lampes iconiques et des d\u00e9tails artisanaux. Rien n&rsquo;est impos\u00e9, tout est en \u00e9quilibre. Ou plut\u00f4t : dans un \u00e9quilibre d\u00e9lib\u00e9r\u00e9ment imparfait, vivant, changeant. Le propri\u00e9taire aime inviter des amis et transformer sa maison en permanence : un jour salon, un jour bureau, un jour refuge cr\u00e9atif. C&rsquo;est l\u00e0 que le choix des portes sur toute la hauteur devient essentiel. \u00ab\u00a0Ce sont des ouvertures, pas des transitions\u00a0\u00bb, expliquent les deux designers. Elles \u00e9liminent la perception des fronti\u00e8res et font de chaque pi\u00e8ce une possibilit\u00e9 ouverte.<\/p>\n","protected":false},"excerpt":{"rendered":"Ce loft \u00e0 Rome est n\u00e9 du d\u00e9sir d&rsquo;un jeune homme de 25 ans de vivre dans un&hellip;\n","protected":false},"author":2,"featured_media":636205,"comment_status":"","ping_status":"","sticky":false,"template":"","format":"standard","meta":{"footnotes":""},"categories":[1358],"tags":[1348,1384,1385,1386,58,59,1011,27,452,3499],"class_list":{"0":"post-636204","1":"post","2":"type-post","3":"status-publish","4":"format-standard","5":"has-post-thumbnail","7":"category-arts-et-design","8":"tag-arts","9":"tag-arts-and-design","10":"tag-arts-et-design","11":"tag-design","12":"tag-divertissement","13":"tag-entertainment","14":"tag-fr","15":"tag-france","16":"tag-italie","17":"tag-rome"},"share_on_mastodon":{"url":"https:\/\/pubeurope.com\/@fr\/115825638319814415","error":""},"_links":{"self":[{"href":"https:\/\/www.europesays.com\/fr\/wp-json\/wp\/v2\/posts\/636204","targetHints":{"allow":["GET"]}}],"collection":[{"href":"https:\/\/www.europesays.com\/fr\/wp-json\/wp\/v2\/posts"}],"about":[{"href":"https:\/\/www.europesays.com\/fr\/wp-json\/wp\/v2\/types\/post"}],"author":[{"embeddable":true,"href":"https:\/\/www.europesays.com\/fr\/wp-json\/wp\/v2\/users\/2"}],"replies":[{"embeddable":true,"href":"https:\/\/www.europesays.com\/fr\/wp-json\/wp\/v2\/comments?post=636204"}],"version-history":[{"count":0,"href":"https:\/\/www.europesays.com\/fr\/wp-json\/wp\/v2\/posts\/636204\/revisions"}],"wp:featuredmedia":[{"embeddable":true,"href":"https:\/\/www.europesays.com\/fr\/wp-json\/wp\/v2\/media\/636205"}],"wp:attachment":[{"href":"https:\/\/www.europesays.com\/fr\/wp-json\/wp\/v2\/media?parent=636204"}],"wp:term":[{"taxonomy":"category","embeddable":true,"href":"https:\/\/www.europesays.com\/fr\/wp-json\/wp\/v2\/categories?post=636204"},{"taxonomy":"post_tag","embeddable":true,"href":"https:\/\/www.europesays.com\/fr\/wp-json\/wp\/v2\/tags?post=636204"}],"curies":[{"name":"wp","href":"https:\/\/api.w.org\/{rel}","templated":true}]}}