{"id":636206,"date":"2026-01-02T13:03:13","date_gmt":"2026-01-02T13:03:13","guid":{"rendered":"https:\/\/www.europesays.com\/fr\/636206\/"},"modified":"2026-01-02T13:03:13","modified_gmt":"2026-01-02T13:03:13","slug":"ca-me-meurtrit-michael-goldman-na-plus","status":"publish","type":"post","link":"https:\/\/www.europesays.com\/fr\/636206\/","title":{"rendered":"\u00ab\u00a0\u00c7a me meurtrit&#8230;\u00a0\u00bb, Michael Goldman n&rsquo;a plus &#8230;"},"content":{"rendered":"<p>EN BREF<\/p>\n<ul class=\"bloc_resume_post_list\">\n<li>Les \u00e9l\u00e8ves de la Star Academy doivent composer l\u2019hymne de<br \/>\nla tourn\u00e9e malgr\u00e9 un emploi du temps surcharg\u00e9<\/li>\n<li>Michael Goldman s\u2019inqui\u00e8te du manque d\u2019avanc\u00e9e sur le<br \/>\nprojet collectif<\/li>\n<li>Le directeur exprime son malaise face au manque de temps<br \/>\naccord\u00e9 aux r\u00e9p\u00e9titrices<\/li>\n<\/ul>\n<p data-start=\"391\" data-end=\"609\">\u00c0 la Star Academy, la pression<br \/>\nse fait de plus en plus ressentir. Alors que les \u00e9l\u00e8ves ne sont<br \/>\nplus que sept en lice, ils se pr\u00e9parent d\u2019arrache-pied pour<br \/>\n<a href=\"https:\/\/www.telestar.fr\/tele_realite\/star-academy-michael-goldman-devoile-la-liste-des-trois-nommes-pour-le-prime-du-samedi-3-janvier-1749831\" target=\"_blank\" rel=\"noopener\"><br \/>\nle 200\u1d49 prime de l\u2019\u00e9mission<\/a>, qui r\u00e9unira plusieurs anciens.<\/p>\n<p data-start=\"611\" data-end=\"955\">En plus de se pr\u00e9parer au prime<br \/>\net aux \u00e9valuations, qui se sont d\u00e9roul\u00e9es devant des professeurs<br \/>\nembl\u00e9matiques du programme, les acad\u00e9miciens doivent composer un<br \/>\nhymne, qu\u2019ils chanteront lors de la tourn\u00e9e. Un exercice difficile,<br \/>\nqui a donn\u00e9 lieu \u00e0 une sc\u00e8ne dont<br \/>\nMichael Goldman, leur directeur, se serait bien pass\u00e9.<\/p>\n<p><strong>Star Academy : un<br \/>\nnouveau d\u00e9fi attend les \u00e9l\u00e8ves<\/strong><\/p>\n<p data-start=\"1011\" data-end=\"1457\">Si la comp\u00e9tition est de plus<br \/>\nen plus dure, les \u00e9l\u00e8ves encore en lice sont assur\u00e9s de participer<br \/>\n\u00e0 la tourn\u00e9e. Au total, ils sont neuf \u00e0 avoir d\u00e9croch\u00e9 leur ticket<br \/>\n: Jeanne, Melissa, Ambre, Victor, Th\u00e9o P., Bastiaan, L\u00e9a, Sarah et<br \/>\nAnouk. En plus des cours et des r\u00e9p\u00e9titions, que ce soit pour le<br \/>\nprime ou bien les \u00e9valuations, ils sont en charge d\u2019une mission de<br \/>\nla plus haute importance : composer un hymne, qu\u2019ils chanteront<br \/>\nlors de la tourn\u00e9e.<\/p>\n<p data-start=\"1459\" data-end=\"1743\">Dans le live diffus\u00e9 sur<\/p>\n<p>TF1+ le jeudi 1er janvier, ils ont eu <strong>la visite<br \/>\nsurprise de Michael Goldman,<\/strong> venu faire un \u00e9tat des lieux.<br \/>\nMais il a malheureusement pu constater que la composition et<br \/>\nl\u2019\u00e9criture de cette chanson n\u2019avan\u00e7aient pas vraiment. Malgr\u00e9 le<br \/>\nrythme effr\u00e9n\u00e9 du concours, il estime que les \u00e9l\u00e8ves doivent<br \/>\ntrouver le temps de se r\u00e9unir pour avancer sur ce projet et mettre<br \/>\nde c\u00f4t\u00e9 leurs ambitions personnelles : \u00ab Il faut que vous acceptiez de perdre un peu de<br \/>\ntemps ensemble \u00bb.<\/p>\n<p><strong>Michael Goldman inquiet pour les \u00e9l\u00e8ves<\/strong><\/p>\n<p data-start=\"2037\" data-end=\"2477\">Suite \u00e0 son conseil, L\u00e9a s\u2019est<br \/>\ninqui\u00e9t\u00e9e : \u00ab On fait tout \u00e7a<br \/>\napr\u00e8s le prime quand on n\u2019aura plus rien \u00e0 r\u00e9viser pour l\u2019instant.<br \/>\nAh bah non, apr\u00e8s il y aura les \u00e9valuations. On n\u2019aura jamais le<br \/>\ntemps \u00bb, lance-t-elle. <a href=\"https:\/\/telestar.fr\/tele_realite\/star-academy-2025-cetait-anouk-dit-tout-sur-sa-nuit-passee-dans-le-dortoir-des-garcons-1743791\" target=\"_blank\" rel=\"noopener\"><br \/>\nAnouk, la seule candidate belge de la saison<\/a>, a tent\u00e9 de<br \/>\nproposer une solution, qui a \u00e9t\u00e9 assez mal accueillie par le<br \/>\ndirecteur : \u00ab L\u00e0, on n\u2019a pas<br \/>\nde temps avant les r\u00e9p\u00e9titions avec Lucie et Fanny ? \u00bb,<br \/>\na-t-elle propos\u00e9. Michael Goldman, conscient du timing tr\u00e8s serr\u00e9,<br \/>\ns\u2019est alors excus\u00e9 aupr\u00e8s des r\u00e9p\u00e9titrices, puisqu\u00a0\u00bbil venait<br \/>\nd&#8217;empieter sur leur temps de travail: \u00ab <strong>Je viens de leur prendre une demi-heure.<br \/>\n\u00c7a me meurtrit le c\u0153ur parce que je sais qu\u2019elles n\u2019ont pas<br \/>\nbeaucoup de temps, et vous non plus<\/strong> \u00bb.<\/p>\n<p data-start=\"2766\" data-end=\"3169\">Si certains sont habitu\u00e9s \u00e0<br \/>\n\u00e9crire et composer, l\u2019exercice est plus difficile pour d\u2019autres :<br \/>\n\u00ab Dans le processus cr\u00e9atif,<br \/>\nil faut absolument accepter l\u2019id\u00e9e qu\u2019il y a des gens qui vont<br \/>\nprendre le lead dans la compo, dans l\u2019\u00e9criture. Ce n\u2019est pas grave<br \/>\ndu tout. C\u2019est normal, c\u2019est naturel. C\u2019est comme \u00e7a. Il y en a<br \/>\npour qui c\u2019est plus facile, plus simple \u00bb, dit <a href=\"https:\/\/www.telestar.fr\/people\/michael-goldman-le-frere-de-son-pere-est-aussi-un-as-de-la-musique-francaise-le-connaissez-vous-1743556\" target=\"_blank\" rel=\"noopener\"><br \/>\nle fils de Jean-Jacques Goldman<\/a> en tentant de rassurer les<br \/>\n\u00e9l\u00e8ves.<\/p>\n","protected":false},"excerpt":{"rendered":"EN BREF Les \u00e9l\u00e8ves de la Star Academy doivent composer l\u2019hymne de la tourn\u00e9e malgr\u00e9 un emploi du&hellip;\n","protected":false},"author":2,"featured_media":636207,"comment_status":"","ping_status":"","sticky":false,"template":"","format":"standard","meta":{"footnotes":""},"categories":[1356],"tags":[548,58,59,1011,27,59699,252,1364],"class_list":{"0":"post-636206","1":"post","2":"type-post","3":"status-publish","4":"format-standard","5":"has-post-thumbnail","7":"category-television","8":"tag-article-simple","9":"tag-divertissement","10":"tag-entertainment","11":"tag-fr","12":"tag-france","13":"tag-star-academy-2025","14":"tag-television","15":"tag-tv"},"share_on_mastodon":{"url":"https:\/\/pubeurope.com\/@fr\/115825646332963052","error":""},"_links":{"self":[{"href":"https:\/\/www.europesays.com\/fr\/wp-json\/wp\/v2\/posts\/636206","targetHints":{"allow":["GET"]}}],"collection":[{"href":"https:\/\/www.europesays.com\/fr\/wp-json\/wp\/v2\/posts"}],"about":[{"href":"https:\/\/www.europesays.com\/fr\/wp-json\/wp\/v2\/types\/post"}],"author":[{"embeddable":true,"href":"https:\/\/www.europesays.com\/fr\/wp-json\/wp\/v2\/users\/2"}],"replies":[{"embeddable":true,"href":"https:\/\/www.europesays.com\/fr\/wp-json\/wp\/v2\/comments?post=636206"}],"version-history":[{"count":0,"href":"https:\/\/www.europesays.com\/fr\/wp-json\/wp\/v2\/posts\/636206\/revisions"}],"wp:featuredmedia":[{"embeddable":true,"href":"https:\/\/www.europesays.com\/fr\/wp-json\/wp\/v2\/media\/636207"}],"wp:attachment":[{"href":"https:\/\/www.europesays.com\/fr\/wp-json\/wp\/v2\/media?parent=636206"}],"wp:term":[{"taxonomy":"category","embeddable":true,"href":"https:\/\/www.europesays.com\/fr\/wp-json\/wp\/v2\/categories?post=636206"},{"taxonomy":"post_tag","embeddable":true,"href":"https:\/\/www.europesays.com\/fr\/wp-json\/wp\/v2\/tags?post=636206"}],"curies":[{"name":"wp","href":"https:\/\/api.w.org\/{rel}","templated":true}]}}