{"id":636212,"date":"2026-01-02T13:06:13","date_gmt":"2026-01-02T13:06:13","guid":{"rendered":"https:\/\/www.europesays.com\/fr\/636212\/"},"modified":"2026-01-02T13:06:13","modified_gmt":"2026-01-02T13:06:13","slug":"nayra-premier-bebe-de-lannee-ne-par-une-nuit-agitee-a-la-maternite-de-blois","status":"publish","type":"post","link":"https:\/\/www.europesays.com\/fr\/636212\/","title":{"rendered":"Nayra, premier b\u00e9b\u00e9 de l\u2019ann\u00e9e n\u00e9 par une nuit agit\u00e9e \u00e0 la maternit\u00e9 de Blois"},"content":{"rendered":"<p>La nuit a \u00e9t\u00e9 tr\u00e8s agit\u00e9e\u00a0! Les sages-femmes de la maternit\u00e9 de l\u2019h\u00f4pital de Blois ont le sourire ce jeudi 1er\u00a0janvier apr\u00e8s-midi. Pourtant elles n\u2019ont pas, comme l\u2019ensemble de l\u2019\u00e9quipe, m\u00e9nag\u00e9 leur peine. \u00ab\u00a0Il y a eu 9 naissances dans les 24 heures \u00e0 cheval entre\u00a02025 et\u00a02026, dont deux les premi\u00e8res heures du 1er de l\u2019an. Et il est possible qu\u2019il y en ait deux autres d\u2019ici minuit\u00a0!\u00a0\u00bb Vingt b\u00e9b\u00e9s vivent leurs premi\u00e8res heures ou premiers jours actuellement dans les locaux de la maternit\u00e9 aupr\u00e8s de leurs mamans. Pour un service particuli\u00e8rement bien rempli en ce changement d\u2019ann\u00e9e. \u00ab\u00a0Quel que soit le jour de l\u2019ann\u00e9e, nous travaillons toujours avec le m\u00eame effectif\u00a0: deux sages-femmes 24\u00a0h\/24 en salle de naissance, une sage-femme 24\u00a0h\/24 dans le service plus une en journ\u00e9e, une pu\u00e9ricultrice, des auxiliaires de pu\u00e9riculture, explique Val\u00e9rie, sage-femme. Et bien s\u00fbr un gyn\u00e9cologue de garde, un p\u00e9diatre et un anesth\u00e9siste.\u00a0\u00bb<\/p>\n<p>Une \u00e9quipe parfaitement rod\u00e9e qui a accueilli la petite Nayra, \u00e0 2\u00a0h\u00a023, premier b\u00e9b\u00e9 de l\u2019ann\u00e9e 2026 \u00e0 Blois. Puis un petit gar\u00e7on dans la matin\u00e9e. En 2025, 1.282 accouchements se sont d\u00e9roul\u00e9s \u00e0 la maternit\u00e9 de l\u2019h\u00f4pital, pour 1.309 b\u00e9b\u00e9s n\u00e9s. Des chiffres parfaitement stables par rapport \u00e0 2024. \u00ab\u00a0Nous travaillons au sein d\u2019une \u00e9quipe de confiance et c\u2019est tr\u00e8s important pour que les mamans soient bien entour\u00e9es. C\u2019est tr\u00e8s intense, vital mais aussi fugace ce qui nous lie \u00e0 elles. Il nous faut cr\u00e9er ce lien tr\u00e8s vite.\u00a0\u00bb<\/p>\n<p>\u00ab\u00a0L\u2019accompagnement des mamans reste essentiel\u00a0\u00bb<\/p>\n<p>Pour les 27 sages-femmes (un certain nombre travaille \u00e0 temps partiel) de la maternit\u00e9, le travail en garde de 12\u00a0h, alternant jour et nuit, est essentiellement bas\u00e9 sur l\u2019accompagnement. \u00ab\u00a0Bien s\u00fbr il y a de la technique au moment de l\u2019accouchement, mais cette mani\u00e8re d\u2019entourer la naissance qui est essentiel, on essaie de se la transmettre\u00a0\u00bb, explique Val\u00e9rie. Les jeunes mamans peuvent s\u2019appuyer en sortant de la maternit\u00e9 sur un r\u00e9seau de sages-femmes lib\u00e9rales qui se d\u00e9placent \u00e0 domicile si besoin. Ainsi que sur les 5 sages-femmes de la Protection maternelle infantile, tr\u00e8s actives sur tout le territoire. \u00ab\u00a0Ce relais, c\u2019est quelque chose qui fonctionne tr\u00e8s bien en Loir-et-Cher.\u00a0\u00bb<\/p>\n<p>Vacciner contre la\u00a0bronchiolite aigu\u00eb<\/p>\n<p><b>&gt;\u00a0\u00c0 LIRE AUSSI.\u00a0<a target=\"_blank\" href=\"https:\/\/www.lanouvellerepublique.fr\/tours\/pas-de-pic-de-bronchiolite-au-chru-de-tours-1765307912\" rel=\"noopener\">Pas de pic de bronchiolite au CHRU de Tours<\/a><\/b><\/p>\n<p>Les premiers moments de la vie, c\u2019est beaucoup de bonheur, de douceur, d\u2019apprentissage \u00e0 la vie avec b\u00e9b\u00e9. Mais aussi la pr\u00e9paration de la sant\u00e9 future. D\u00e8s les premiers jours, de septembre \u00e0 mars, les b\u00e9b\u00e9s sont vaccin\u00e9s au Beyfortus qui les prot\u00e9gera contre la bronchiolite aigu\u00eb. En p\u00e9diatrie, tout \u00e0 c\u00f4t\u00e9 de la maternit\u00e9, de tr\u00e8s jeunes enfants sont actuellement hospitalis\u00e9s car souffrant justement de bronchiolite aigu\u00eb en cette p\u00e9riode hivernale. \u00ab\u00a0Les parents adh\u00e8rent sans probl\u00e8me \u00e0 cette vaccination, en tr\u00e8s grande majorit\u00e9, et d\u00e8s la premi\u00e8re ann\u00e9e, le service p\u00e9diatrie a vu la diff\u00e9rence.\u00a0\u00bb Les b\u00e9b\u00e9s naissant durant la p\u00e9riode hivernale sont donc vaccin\u00e9s \u00e0 la maternit\u00e9 par un p\u00e9diatre. Pour ceux qui na\u00eetront apr\u00e8s mars, il faudra y penser d\u00e8s le mois de septembre, afin de prot\u00e9ger leur premier hiver. Mais la vaccination sera prise en charge par la m\u00e9decine de ville.<\/p>\n<p>Les futures mamans peuvent aussi se faire vacciner entre la 32e et 36e semaine d\u2019am\u00e9norrh\u00e9e, ainsi le b\u00e9b\u00e9 n\u2019aura pas besoin de recevoir une dose \u00e0 sa naissance. \u00ab\u00a0Les mamans h\u00e9sitent davantage quand elles sont enceintes\u00a0\u00bb, ajoutent les sages-femmes.<\/p>\n","protected":false},"excerpt":{"rendered":"La nuit a \u00e9t\u00e9 tr\u00e8s agit\u00e9e\u00a0! Les sages-femmes de la maternit\u00e9 de l\u2019h\u00f4pital de Blois ont le sourire&hellip;\n","protected":false},"author":2,"featured_media":636213,"comment_status":"","ping_status":"","sticky":false,"template":"","format":"standard","meta":{"footnotes":""},"categories":[10],"tags":[1392,3469,1011,27,72,4368,71],"class_list":{"0":"post-636212","1":"post","2":"type-post","3":"status-publish","4":"format-standard","5":"has-post-thumbnail","7":"category-sante","8":"tag-a-la-une-local","9":"tag-blois","10":"tag-fr","11":"tag-france","12":"tag-health","13":"tag-loir-et-cher","14":"tag-sante"},"share_on_mastodon":{"url":"https:\/\/pubeurope.com\/@fr\/115825658052348332","error":""},"_links":{"self":[{"href":"https:\/\/www.europesays.com\/fr\/wp-json\/wp\/v2\/posts\/636212","targetHints":{"allow":["GET"]}}],"collection":[{"href":"https:\/\/www.europesays.com\/fr\/wp-json\/wp\/v2\/posts"}],"about":[{"href":"https:\/\/www.europesays.com\/fr\/wp-json\/wp\/v2\/types\/post"}],"author":[{"embeddable":true,"href":"https:\/\/www.europesays.com\/fr\/wp-json\/wp\/v2\/users\/2"}],"replies":[{"embeddable":true,"href":"https:\/\/www.europesays.com\/fr\/wp-json\/wp\/v2\/comments?post=636212"}],"version-history":[{"count":0,"href":"https:\/\/www.europesays.com\/fr\/wp-json\/wp\/v2\/posts\/636212\/revisions"}],"wp:featuredmedia":[{"embeddable":true,"href":"https:\/\/www.europesays.com\/fr\/wp-json\/wp\/v2\/media\/636213"}],"wp:attachment":[{"href":"https:\/\/www.europesays.com\/fr\/wp-json\/wp\/v2\/media?parent=636212"}],"wp:term":[{"taxonomy":"category","embeddable":true,"href":"https:\/\/www.europesays.com\/fr\/wp-json\/wp\/v2\/categories?post=636212"},{"taxonomy":"post_tag","embeddable":true,"href":"https:\/\/www.europesays.com\/fr\/wp-json\/wp\/v2\/tags?post=636212"}],"curies":[{"name":"wp","href":"https:\/\/api.w.org\/{rel}","templated":true}]}}