{"id":636221,"date":"2026-01-02T13:11:10","date_gmt":"2026-01-02T13:11:10","guid":{"rendered":"https:\/\/www.europesays.com\/fr\/636221\/"},"modified":"2026-01-02T13:11:10","modified_gmt":"2026-01-02T13:11:10","slug":"les-separatistes-font-etat-de-frappes-saoudiennes-meurtrieres-contre-lune-de-leurs-positions","status":"publish","type":"post","link":"https:\/\/www.europesays.com\/fr\/636221\/","title":{"rendered":"les s\u00e9paratistes font \u00e9tat de frappes saoudiennes meurtri\u00e8res contre l\u2019une de leurs positions"},"content":{"rendered":"<p>\n    Les s\u00e9paratistes du Conseil de transition du Sud (STC), proches des \u00c9mirats arabes unis, se sont empar\u00e9s ces derni\u00e8res semaines de vastes territoires dans cette province riche en p\u00e9trole, frontali\u00e8re de l\u2019Arabie, ainsi que dans la r\u00e9gion voisine de Mahra.<\/p>\n<p class=\"fig-paragraph\">Le gouverneur de la province de Hadramaout au\u00a0<a href=\"http:\/\/www.lefigaro.fr\/international\/yemen-les-separatistes-accusent-l-arabie-saoudite-de-frappes-sur-leurs-positions-20251226\" data-fig-type=\"NewsFlash\" data-gtm-custom-categorie=\"navigation\" data-gtm-custom-action=\"crossclick\" data-gtm-custom-label=\"Contextuel\" data-gtm-event=\"customEventSPE\" data-fig-domain=\"LEFIGARO\" target=\"_blank\" rel=\"noopener\">Y\u00e9men\u00a0<\/a>a lanc\u00e9 une op\u00e9ration visant \u00e0 prendre le contr\u00f4le des bases militaires de la r\u00e9gion de \u00abmani\u00e8re pacifique\u00bb, apr\u00e8s l&rsquo;avanc\u00e9e des s\u00e9paratistes soutenus par les\u00a0<a href=\"http:\/\/www.lefigaro.fr\/flash-actu\/guerre-du-yemen-les-emirats-arabes-unis-rappellent-leurs-diplomates-a-beyrouth-20211030\" data-fig-type=\"NewsFlash\" data-gtm-custom-categorie=\"navigation\" data-gtm-custom-action=\"crossclick\" data-gtm-custom-label=\"Contextuel\" data-gtm-event=\"customEventSPE\" data-fig-domain=\"LEFIGARO\" target=\"_blank\" rel=\"noopener\">\u00c9mirats arabes unis<\/a>, a rapport\u00e9 vendredi l&rsquo;agence de presse y\u00e9m\u00e9nite Saba. \u00abCette op\u00e9ration n&rsquo;est pas une d\u00e9claration de guerre, ni une tentative d&rsquo;escalade\u00bb, a affirm\u00e9 Salem Al-Khanbashi, qui avait \u00e9t\u00e9 nomm\u00e9 un peu plus t\u00f4t commandant des forces du Bouclier national dans la zone, cit\u00e9 par l&rsquo;agence.<\/p>\n<p class=\"fig-paragraph\">L\u2019objectif est de prendre le contr\u00f4le des sites militaires \u00abde mani\u00e8re pacifique et organis\u00e9e\u00bb, a-t-il assur\u00e9 en ajoutant que l\u2019op\u00e9ration ne visait \u00abaucun parti politique, ni les civils\u00bb. De leur c\u00f4t\u00e9, les s\u00e9paratistes du Y\u00e9men ont fait \u00e9tat vendredi de frappes saoudiennes meurtri\u00e8res contre l\u2019une de leurs positions dans cette m\u00eame province.<\/p>\n<p>                                            <a class=\"fig-a11y-skip\" href=\"#fig-a11y-skip-main-inarticle\" data-module=\"a11y-skip\" data-context=\"was @visible\"><br \/>\n    Passer la publicit\u00e9<br \/>\n<\/a>            <\/p>\n<p class=\"fig-paragraph\">\u00abSept frappes saoudiennes ont vis\u00e9 notre camp \u00e0 Al-Khasha, faisant des morts et des bless\u00e9s parmi nos forces\u00bb, a d\u00e9clar\u00e9 \u00e0 l\u2019AFP le chef du Conseil de transition du Sud (STC) pour les r\u00e9gions de Wadi et du d\u00e9sert d\u2019Hadramout, Mohammed Abdelmalek, en affirmant qu\u2019une attaque au sol avait \u00e9t\u00e9 repouss\u00e9e. \u00abL\u2019Arabie saoudite a sciemment tromp\u00e9 la communaut\u00e9 internationale en annon\u00e7ant une op\u00e9ration pacifique qu\u2019elle n\u2019avait jamais eu l\u2019intention de mener de mani\u00e8re pacifique\u00bb, a d\u00e9nonc\u00e9 le repr\u00e9sentant du pr\u00e9sident du STC pour les Affaires \u00e9trang\u00e8res, Amr Al Bidh.<\/p>\n<p>                                            \u00abU<strong>ne volont\u00e9 d\u2019escalade et un refus des voies d\u2019apaisement\u00bb<\/strong><\/p>\n<p class=\"fig-paragraph\">Plus t\u00f4t dans la journ\u00e9e, l\u2019ambassadeur saoudien pour le Y\u00e9men, Mohammed al-Jaber, avait accus\u00e9 le pr\u00e9sident du STC de faire preuve d\u2019\u00abintransigeance\u00bb face aux efforts d\u2019apaisement. \u00abLe royaume a d\u00e9ploy\u00e9 tous les efforts ces derni\u00e8res semaines et jusqu\u2019\u00e0 hier aupr\u00e8s du STC pour mettre fin \u00e0 l\u2019escalade et obtenir un retrait de ses forces hors des provinces de Hadramout et de Mahra\u00bb, a-t-il \u00e9crit sur X . \u00abMais il s\u2019est heurt\u00e9 au refus constant et \u00e0 l\u2019intransigeance d\u2019Aidarus al-Zoubaidi\u00bb, le pr\u00e9sident du STC, a-t-il ajout\u00e9.<\/p>\n<p class=\"fig-paragraph\">L\u2019ambassadeur saoudien a affirm\u00e9 que le chef du STC avait refus\u00e9 la veille une autorisation \u00e0 un avion transportant une d\u00e9l\u00e9gation officielle saoudienne venue pour discuter \u00e0 Aden, la capitale provisoire du gouvernement y\u00e9m\u00e9nite, et ajout\u00e9 que le trafic a\u00e9rien \u00e0 l\u2019a\u00e9roport avait \u00e9t\u00e9 ferm\u00e9. Jeudi, le minist\u00e8re y\u00e9m\u00e9nite du Transport, contr\u00f4l\u00e9 par le STC, avait d\u00e9nonc\u00e9 une d\u00e9cision de la coalition dirig\u00e9e par Riyad, imposant \u00e0 tous les vols en direction ou en provenance des \u00c9mirats arabes unis de faire escale en Arabie saoudite pour des contr\u00f4les de s\u00e9curit\u00e9.<\/p>\n<p class=\"fig-paragraph\">Le minist\u00e8re n\u2019a pas annonc\u00e9 officiellement la fermeture de l\u2019a\u00e9roport, mais selon le site Flightradar, aucun vol n\u2019a d\u00e9coll\u00e9 ou atterri \u00e0 Aden ces derni\u00e8res heures. La fermeture du trafic a\u00e9rien \u00abconstitue un comportement irresponsable, sapant les efforts de coordination politique, militaire et s\u00e9curitaire, et cr\u00e9ant un pr\u00e9c\u00e9dent dangereux qui traduit une volont\u00e9 d\u2019escalade et un refus des voies d\u2019apaisement\u00bb, a dit l\u2019ambassadeur.<\/p>\n","protected":false},"excerpt":{"rendered":"Les s\u00e9paratistes du Conseil de transition du Sud (STC), proches des \u00c9mirats arabes unis, se sont empar\u00e9s ces&hellip;\n","protected":false},"author":2,"featured_media":636222,"comment_status":"","ping_status":"","sticky":false,"template":"","format":"standard","meta":{"footnotes":""},"categories":[5],"tags":[11,1011,27,14,12,28,3885],"class_list":{"0":"post-636221","1":"post","2":"type-post","3":"status-publish","4":"format-standard","5":"has-post-thumbnail","7":"category-international","8":"tag-actualites","9":"tag-fr","10":"tag-france","11":"tag-international","12":"tag-news","13":"tag-world","14":"tag-yemen"},"share_on_mastodon":{"url":"https:\/\/pubeurope.com\/@fr\/115825677764100566","error":""},"_links":{"self":[{"href":"https:\/\/www.europesays.com\/fr\/wp-json\/wp\/v2\/posts\/636221","targetHints":{"allow":["GET"]}}],"collection":[{"href":"https:\/\/www.europesays.com\/fr\/wp-json\/wp\/v2\/posts"}],"about":[{"href":"https:\/\/www.europesays.com\/fr\/wp-json\/wp\/v2\/types\/post"}],"author":[{"embeddable":true,"href":"https:\/\/www.europesays.com\/fr\/wp-json\/wp\/v2\/users\/2"}],"replies":[{"embeddable":true,"href":"https:\/\/www.europesays.com\/fr\/wp-json\/wp\/v2\/comments?post=636221"}],"version-history":[{"count":0,"href":"https:\/\/www.europesays.com\/fr\/wp-json\/wp\/v2\/posts\/636221\/revisions"}],"wp:featuredmedia":[{"embeddable":true,"href":"https:\/\/www.europesays.com\/fr\/wp-json\/wp\/v2\/media\/636222"}],"wp:attachment":[{"href":"https:\/\/www.europesays.com\/fr\/wp-json\/wp\/v2\/media?parent=636221"}],"wp:term":[{"taxonomy":"category","embeddable":true,"href":"https:\/\/www.europesays.com\/fr\/wp-json\/wp\/v2\/categories?post=636221"},{"taxonomy":"post_tag","embeddable":true,"href":"https:\/\/www.europesays.com\/fr\/wp-json\/wp\/v2\/tags?post=636221"}],"curies":[{"name":"wp","href":"https:\/\/api.w.org\/{rel}","templated":true}]}}