{"id":636229,"date":"2026-01-02T13:15:13","date_gmt":"2026-01-02T13:15:13","guid":{"rendered":"https:\/\/www.europesays.com\/fr\/636229\/"},"modified":"2026-01-02T13:15:13","modified_gmt":"2026-01-02T13:15:13","slug":"compositions-chaine-tv-heure-et-cotes-36","status":"publish","type":"post","link":"https:\/\/www.europesays.com\/fr\/636229\/","title":{"rendered":"Compositions, Cha\u00eene TV, Heure et Cotes"},"content":{"rendered":"<p style=\"text-align: justify;\"><strong>LIGUE 2 2025-2026 \u2013 \u00c0 quelle heure et sur quelle cha\u00eene TV suivre le match de Ligue 2 entre Le Mans et Saint-\u00c9tienne ? Retrouvez \u00e9galement les compositions des deux \u00e9quipes.<\/strong><\/p>\n<p style=\"text-align: justify;\"><strong>Le<\/strong> <strong>Mans<\/strong> a termine 2025 en fanfare avec pas moins de six victoires de rang toutes comp\u00e9titions confondues dont trois en <strong>Coupe<\/strong> <strong>de<\/strong> <strong>France<\/strong>. En Ligue 2, les anceaux sont venus \u00e0 bout de <strong>Pau<\/strong>, d\u2019<strong>Amiens<\/strong> et d\u2019<strong>Annecy<\/strong> au cours du mois de d\u00e9cembre. Avant cette rencontre, ils sont quatri\u00e8mes au classement avec autant de points que les <strong>Verts<\/strong>.<\/p>\n<p>Saint-\u00c9tienne \u00e0 la relance<\/p>\n<p style=\"text-align: justify;\">L\u2019<strong>ASSE<\/strong> a de son c\u00f4t\u00e9 bien eu du mal \u00e0 terminer l\u2019ann\u00e9e civile avec trois matchs sans victoire. Les <strong>Verts<\/strong> ont \u00e9t\u00e9 battus par <strong>Nice<\/strong> en <strong>Coupe<\/strong> <strong>de<\/strong> <strong>France<\/strong>. En championnat, ils se sont inclin\u00e9s face \u00e0 Dunkerque avant de conc\u00e9der le nul face \u00e0 <strong>Bastia<\/strong>. <strong>Saint-\u00c9tienne<\/strong> est troisi\u00e8me au classement de <strong>Ligue<\/strong> <strong>2<\/strong> malgr\u00e9 des trous d\u2019air pendant la premi\u00e8re partie de saison.<\/p>\n<p style=\"text-align: justify;\">Au match aller, <strong>Le<\/strong> <strong>Mans<\/strong> s\u2019est impos\u00e9 sur la pelouse de <strong>Saint-\u00c9tienne<\/strong>, 3 \u00e0 2. Chez les boomakers, les <strong>Verts<\/strong> sont favoris pour cette rencontre de la 18\u00e8me journ\u00e9e de Ligue 2.<\/p>\n<p>Ligue 2 : Le programme TV de Le Mans \u2013 Saint-\u00c9tienne<br \/>\nSamedi 6 d\u00e9cembre 2025<\/p>\n<p style=\"text-align: justify;\"><b>Match diffus\u00e9 sur beIN SPORTS 2<\/b><b>\u00a0: <\/b>D\u00e9but du match \u00e0<strong> 20h00.<\/strong><\/p>\n<p>Les compositions de Le Mans \u2013 Saint-\u00c9tienne<br \/>\nLa composition probable de Le Mans<\/p>\n<p style=\"text-align: justify;\">\u00c0 venir\u2026<\/p>\n<p>La composition probable de Saint-\u00c9tienne<\/p>\n<p style=\"text-align: justify;\">\u00c0 venir\u2026<\/p>\n<p>Les cotes de Le Mans \u2013 Saint-\u00c9tienne<\/p>\n<tr style=\"height: 16px;\">\n<td style=\"background-color: #404040; border-color: #ededed; width: 840px; text-align: left;\" colspan=\"3\"><strong><img loading=\"lazy\" decoding=\"async\" class=\"alignnone wp-image-512842 perfmatters-lazy\" alt=\"\" width=\"14\" height=\"13\" src=\"https:\/\/www.europesays.com\/fr\/wp-content\/uploads\/2025\/05\/Logo-Winamax.png\"  data-\/> Samedi 6 d\u00e9cembre, 20h00<\/strong><\/td>\n<\/tr>\n<tr style=\"height: 24px;\">\n<td style=\"background-color: #ffffff; border-color: #ededed; vertical-align: middle; text-align: center; width: 266px;\"><strong>Le Mans<br \/><\/strong><a href=\"https:\/\/www.winamax.fr\/paris-sportifs\/match\/61527664?banid=33423\" class=\"su-button su-button-style-flat su-button-wide\" style=\"color:#000;background-color:#00ffcf;border-color:#00cca6;border-radius:5px\" target=\"_blank\" rel=\"noopener noreferrer\"> 2.70<\/a><\/td>\n<td style=\"background-color: #ffffff; border-color: #ededed; vertical-align: middle; text-align: center; width: 266px;\"><strong>Match nul<\/strong><br \/><a href=\"https:\/\/www.winamax.fr\/paris-sportifs\/match\/61527664?banid=33423\" class=\"su-button su-button-style-flat su-button-wide\" style=\"color:#000;background-color:#00ffcf;border-color:#00cca6;border-radius:5px\" target=\"_blank\" rel=\"noopener noreferrer\"> 3.40<\/a><\/td>\n<td style=\"background-color: #ffffff; border-color: #ededed; vertical-align: middle; text-align: center; width: 266px;\"><strong>Saint-\u00c9tienne<\/strong><br \/><a href=\"https:\/\/www.winamax.fr\/paris-sportifs\/match\/61527664?banid=33423\" class=\"su-button su-button-style-flat su-button-wide\" style=\"color:#000;background-color:#00ffcf;border-color:#00cca6;border-radius:5px\" target=\"_blank\" rel=\"noopener noreferrer\"> 2.30<\/a><\/td>\n<\/tr>\n<p style=\"text-align: justify;\">Tentez votre chance en profitant de votre <a href=\"https:\/\/www.winamax.fr\/registration\/landing\/affiliation_Bonus100?banid=33423\" target=\"_blank\" rel=\"noopener\">1er d\u00e9p\u00f4t doubl\u00e9 jusqu\u2019\u00e0 100 \u20ac<\/a> direct en paris gratuits sur Winamax !<\/p>\n","protected":false},"excerpt":{"rendered":"LIGUE 2 2025-2026 \u2013 \u00c0 quelle heure et sur quelle cha\u00eene TV suivre le match de Ligue 2&hellip;\n","protected":false},"author":2,"featured_media":636230,"comment_status":"","ping_status":"","sticky":false,"template":"","format":"standard","meta":{"footnotes":""},"categories":[9653],"tags":[1111,11,461,2430,2113,1777,674,63,1011,27,12,502,25,4001],"class_list":{"0":"post-636229","1":"post","2":"type-post","3":"status-publish","4":"format-standard","5":"has-post-thumbnail","7":"category-saint-etienne","8":"tag-actu","9":"tag-actualites","10":"tag-asse","11":"tag-auvergne-rhone-alpes","12":"tag-breve","13":"tag-eu","14":"tag-europe","15":"tag-football","16":"tag-fr","17":"tag-france","18":"tag-news","19":"tag-programme-tv","20":"tag-republique-francaise","21":"tag-saint-etienne"},"share_on_mastodon":{"url":"https:\/\/pubeurope.com\/@fr\/115825693524362289","error":""},"_links":{"self":[{"href":"https:\/\/www.europesays.com\/fr\/wp-json\/wp\/v2\/posts\/636229","targetHints":{"allow":["GET"]}}],"collection":[{"href":"https:\/\/www.europesays.com\/fr\/wp-json\/wp\/v2\/posts"}],"about":[{"href":"https:\/\/www.europesays.com\/fr\/wp-json\/wp\/v2\/types\/post"}],"author":[{"embeddable":true,"href":"https:\/\/www.europesays.com\/fr\/wp-json\/wp\/v2\/users\/2"}],"replies":[{"embeddable":true,"href":"https:\/\/www.europesays.com\/fr\/wp-json\/wp\/v2\/comments?post=636229"}],"version-history":[{"count":0,"href":"https:\/\/www.europesays.com\/fr\/wp-json\/wp\/v2\/posts\/636229\/revisions"}],"wp:featuredmedia":[{"embeddable":true,"href":"https:\/\/www.europesays.com\/fr\/wp-json\/wp\/v2\/media\/636230"}],"wp:attachment":[{"href":"https:\/\/www.europesays.com\/fr\/wp-json\/wp\/v2\/media?parent=636229"}],"wp:term":[{"taxonomy":"category","embeddable":true,"href":"https:\/\/www.europesays.com\/fr\/wp-json\/wp\/v2\/categories?post=636229"},{"taxonomy":"post_tag","embeddable":true,"href":"https:\/\/www.europesays.com\/fr\/wp-json\/wp\/v2\/tags?post=636229"}],"curies":[{"name":"wp","href":"https:\/\/api.w.org\/{rel}","templated":true}]}}