{"id":636231,"date":"2026-01-02T13:16:11","date_gmt":"2026-01-02T13:16:11","guid":{"rendered":"https:\/\/www.europesays.com\/fr\/636231\/"},"modified":"2026-01-02T13:16:11","modified_gmt":"2026-01-02T13:16:11","slug":"meurthe-et-moselle-disparition-inquietante-dune-femme-de-44-ans-a-neuves-maisons-un-appel-a-temoins-lance","status":"publish","type":"post","link":"https:\/\/www.europesays.com\/fr\/636231\/","title":{"rendered":"Meurthe-et-Moselle. Disparition inqui\u00e9tante d&rsquo;une femme de 44 ans \u00e0 Neuves-Maisons, un appel \u00e0 t\u00e9moins lanc\u00e9"},"content":{"rendered":"<p>La gendarmerie de Neuves-Maisons lance un avis de recherche apr\u00e8s la disparition jug\u00e9e inqui\u00e9tante de Lydie Poplin, une habitante de Neuves-Maisons. Domicili\u00e9e avenue de l\u2019Abb\u00e9-Muths, la quadrag\u00e9naire n\u2019a plus donn\u00e9 signe de vie apr\u00e8s avoir quitt\u00e9 le domicile conjugal le 31 d\u00e9cembre 2025, vers 23 heures 30.<\/p>\n<p>La N\u00e9odomienne est \u00e2g\u00e9e de 44 ans, mesure 1,65 m, a les cheveux mi-longs blonds\/roux et est de corpulence mince. Le soir de sa disparition, elle portait un pantalon de marque Adidas noir, de type surv\u00eatement coton, un manteau long d\u2019hiver noir et un bandeau gris\/beige sur les cheveux.<\/p>\n<p><strong>Toute personne ayant crois\u00e9 la quadrag\u00e9naire depuis le 31 d\u00e9cembre est pri\u00e9e de pr\u00e9venir la brigade de gendarmerie de Neuves-Maisons au 03 83 47 80 00 ou par mail : bta.neuves-maisons@gendarmerie.interieur.gouv.fr<\/strong><\/p>\n","protected":false},"excerpt":{"rendered":"La gendarmerie de Neuves-Maisons lance un avis de recherche apr\u00e8s la disparition jug\u00e9e inqui\u00e9tante de Lydie Poplin, une&hellip;\n","protected":false},"author":2,"featured_media":636232,"comment_status":"","ping_status":"","sticky":false,"template":"","format":"standard","meta":{"footnotes":""},"categories":[9635],"tags":[1111,11,9848,1704,1705,1777,674,274,1011,27,775,3457,1702,9847,12,25],"class_list":{"0":"post-636231","1":"post","2":"type-post","3":"status-publish","4":"format-standard","5":"has-post-thumbnail","7":"category-nancy","8":"tag-actu","9":"tag-actualites","10":"tag-cc-moselle-et-madon-54b","11":"tag-edition-nancy-et-agglomeration","12":"tag-edition-toul","13":"tag-eu","14":"tag-europe","15":"tag-faits-divers-justice","16":"tag-fr","17":"tag-france","18":"tag-grand-est","19":"tag-meurthe-et-moselle","20":"tag-nancy","21":"tag-neuves-maisons","22":"tag-news","23":"tag-republique-francaise"},"share_on_mastodon":{"url":"https:\/\/pubeurope.com\/@fr\/115825697387860629","error":""},"_links":{"self":[{"href":"https:\/\/www.europesays.com\/fr\/wp-json\/wp\/v2\/posts\/636231","targetHints":{"allow":["GET"]}}],"collection":[{"href":"https:\/\/www.europesays.com\/fr\/wp-json\/wp\/v2\/posts"}],"about":[{"href":"https:\/\/www.europesays.com\/fr\/wp-json\/wp\/v2\/types\/post"}],"author":[{"embeddable":true,"href":"https:\/\/www.europesays.com\/fr\/wp-json\/wp\/v2\/users\/2"}],"replies":[{"embeddable":true,"href":"https:\/\/www.europesays.com\/fr\/wp-json\/wp\/v2\/comments?post=636231"}],"version-history":[{"count":0,"href":"https:\/\/www.europesays.com\/fr\/wp-json\/wp\/v2\/posts\/636231\/revisions"}],"wp:featuredmedia":[{"embeddable":true,"href":"https:\/\/www.europesays.com\/fr\/wp-json\/wp\/v2\/media\/636232"}],"wp:attachment":[{"href":"https:\/\/www.europesays.com\/fr\/wp-json\/wp\/v2\/media?parent=636231"}],"wp:term":[{"taxonomy":"category","embeddable":true,"href":"https:\/\/www.europesays.com\/fr\/wp-json\/wp\/v2\/categories?post=636231"},{"taxonomy":"post_tag","embeddable":true,"href":"https:\/\/www.europesays.com\/fr\/wp-json\/wp\/v2\/tags?post=636231"}],"curies":[{"name":"wp","href":"https:\/\/api.w.org\/{rel}","templated":true}]}}