{"id":63624,"date":"2025-04-30T05:49:15","date_gmt":"2025-04-30T05:49:15","guid":{"rendered":"https:\/\/www.europesays.com\/fr\/63624\/"},"modified":"2025-04-30T05:49:15","modified_gmt":"2025-04-30T05:49:15","slug":"au-nord-de-nantes-une-famille-de-gens-du-voyage-se-voit-refuser-le-stationnement-de-ses-caravanes-sur-son-propre-terrain","status":"publish","type":"post","link":"https:\/\/www.europesays.com\/fr\/63624\/","title":{"rendered":"Au nord de Nantes, une famille de gens du voyage se voit refuser le stationnement de ses caravanes sur son propre terrain"},"content":{"rendered":"<p>La mairie de Vigneux-de-Bretagne refuse l\u2019installation de caravanes sur des terres cultivables acquises par des voyageurs. Soutenue par une d\u00e9put\u00e9e LFI, une association conteste un arr\u00eat\u00e9 municipal pris l\u2019\u00e9t\u00e9 dernier pour mettre en \u0153uvre cette politique.<\/p>\n<p class=\"fig-paragraph\">Il s\u2019agirait, pour la mairie de Vigneux-de-Bretagne, d\u2019une simple affaire d\u2019occupation inad\u00e9quate de zones agricoles. Un arr\u00eat\u00e9 municipal de cette commune rurale situ\u00e9e \u00e0 une dizaine de kilom\u00e8tres au nord\u00a0<a href=\"https:\/\/www.lefigaro.fr\/nantes\" target=\"_blank\" data-fig-type=\"Section\" rel=\"noopener\" data-gtm-custom-categorie=\"navigation\" data-gtm-custom-action=\"crossclick\" data-gtm-custom-label=\"Contextuel\" data-gtm-event=\"customEventSPE\" data-fig-domain=\"LEFIGARO\">de Nantes<\/a>\u00a0(Loire-Atlantique) fait l\u2019objet, depuis le 24 avril, d\u2019une proc\u00e9dure de r\u00e9f\u00e9r\u00e9-suspension lanc\u00e9e par l\u2019association d\u00e9partementale\u00a0<a href=\"http:\/\/www.lefigaro.fr\/bordeaux\/un-probleme-recurrent-malgre-une-decision-de-justice-des-gens-du-voyage-squattent-un-parking-de-l-ecole-polytechnique-de-bordeaux-20250313\" target=\"_blank\" data-fig-type=\"NewsFlash\" rel=\"noopener\" data-gtm-custom-categorie=\"navigation\" data-gtm-custom-action=\"crossclick\" data-gtm-custom-label=\"Contextuel\" data-gtm-event=\"customEventSPE\" data-fig-domain=\"LEFIGARO\">Gens du voyage<\/a>\u00a0&#8211; Citoyens de Loire-Atlantique (ADGVC 44). La structure d\u00e9nonce le caract\u00e8re absurde de cet arr\u00eat\u00e9 pris en juillet 2024, qui vaut \u00e0 une famille de gens du voyage d\u2019\u00eatre menac\u00e9e d\u2019expulsion de son terrain priv\u00e9, faute d\u2019avoir le droit de stationner un habitat mobile sur la commune.<\/p>\n<p class=\"fig-paragraph\">\u00abCet arr\u00eat\u00e9 interdisant le stationnement de toute caravane \u00e0 Vigneux-de-Bretagne, m\u00eame sur un terrain priv\u00e9, est aussi g\u00e9n\u00e9ral qu\u2019absolu et ins\u00e9curise tous les habitants de la commune, pas seulement les gens du voyage\u00bb, indique au Figaro Ma\u00eetre Pierre Huriet, avocat de l\u2019ADGVC 44. D\u00e9put\u00e9e La France insoumise (LFI) de la 3e circonscription de la Loire-Atlantique, S\u00e9gol\u00e8ne Amiot s\u2019est \u00e9galement insurg\u00e9e contre l\u2019application \u00abdiscriminatoire\u00bb de l\u2019arr\u00eat\u00e9, qui ne viserait, en pratique, que les familles des gens du voyage. Une premi\u00e8re mouture du texte municipal avait d\u2019ailleurs presque aussit\u00f4t \u00e9t\u00e9 abrog\u00e9e car elle discriminait la communaut\u00e9 des gens du voyage &#8211; dans une d\u00e9marche \u00e0 la limite du \u00abracisme\u00bb, a regrett\u00e9 la d\u00e9put\u00e9e LFI, cit\u00e9e par nos confr\u00e8res de\u00a0<a href=\"https:\/\/www.ouest-france.fr\/pays-de-la-loire\/vigneux-de-bretagne-44360\/cest-tout-simplement-ubuesque-a-vigneux-de-bretagne-un-arrete-municipal-les-indigne-a7745594-227c-11f0-a188-e932bd8916b7\" target=\"_blank\" rel=\"noopener\" data-gtm-custom-categorie=\"navigation\" data-gtm-custom-action=\"crossclick\" data-gtm-custom-label=\"Contextuel\" data-gtm-event=\"customEventSPE\">Presse Oc\u00e9an<\/a> .<\/p>\n<p>Respecter \u00e0 la lettre le plan local d\u2019urbanisme<\/p>\n<p class=\"fig-paragraph\">\u00abJe d\u00e9plore les raccourcis qui ont \u00e9t\u00e9 pris pour dire que mes actions sont racistes. Je ne fais qu\u2019appliquer la loi, qui est la m\u00eame pour tous\u00bb, r\u00e9agi mardi, la maire de Vigneux-de-Bretagne, Gw\u00ebnola Franco (DVD), en reconnaissant volontiers avoir \u00abmal formul\u00e9\u00bb, l\u2019arr\u00eat\u00e9 originel. \u00abNous respectons \u00e0 la lettre le plan local d\u2019urbanisme intercommunal (PLUI), qui dispose que le terrain en question correspond \u00e0 des terres agricoles et naturelles. Ce n\u2019est pas parce qu\u2019on est propri\u00e9taire d\u2019un terrain qu\u2019on y fait ce qu\u2019on veut\u00bb, indique Gw\u00ebnola Franco.<\/p>\n<p class=\"fig-body-link\">\n            \u00c0 lire aussi<br \/>\n        <a class=\"fig-body-link__link\" href=\"http:\/\/www.lefigaro.fr\/nantes\/municipales-2026-dans-les-rangs-de-la-droite-nantaise-un-deuxieme-candidat-officiellement-declare-20250428\" target=\"_blank\" data-fig-type=\"NewsFlash\" rel=\"noopener\" data-gtm-custom-categorie=\"navigation\" data-gtm-custom-action=\"crossclick\" data-gtm-custom-label=\"Contextuel\" data-gtm-event=\"customEventSPE\" data-fig-domain=\"LEFIGARO\">Municipales 2026\u00a0: dans les rangs de la droite nantaise, un deuxi\u00e8me candidat officiellement d\u00e9clar\u00e9<br \/>\n    <\/a>\n<\/p>\n<p class=\"fig-paragraph\">Occup\u00e9 depuis neuf ans par un couple et leurs quatre enfants, le terrain au centre de la discorde a \u00e9t\u00e9 am\u00e9nag\u00e9 d\u2019un \u00abchalet\u00bb compos\u00e9 de trois Algeco\u00ae. Selon la mairie, l\u2019activit\u00e9 de ferraillage pratiqu\u00e9 sur place par la famille avait cependant commenc\u00e9 \u00e0 polluer le site. \u00abCela devenait une catastrophe environnementale, avec des rejets d\u2019huiles et de m\u00e9taux qui allaient directement dans les sols\u00bb, note la maire de Vigneux. Le terrain est aujourd\u2019hui presque enti\u00e8rement nettoy\u00e9, assure l\u2019\u00e9dile, qui a propos\u00e9 \u00e0 la famille de se replier sur des terrains d\u2019accueils situ\u00e9s sur d\u2019autres sites de la communaut\u00e9 de communes de d\u2019Erdre et Gesvres.<\/p>\n<p class=\"fig-paragraph\">D\u2019autres familles de gens du voyage ont \u00e9galement \u00e9t\u00e9 associ\u00e9es \u00e0 la proc\u00e9dure administrative, aux c\u00f4t\u00e9s de l\u2019ADGVC 44. Deux d\u2019entre elles avaient \u00e9t\u00e9 expuls\u00e9es de Vigneux-de-Bretagne en mai 2023. La mairie \u00e9tait intervenue alors que ces groupes constitu\u00e9s d\u2019une demi-dizaine de caravanes \u00e9taient en train de se brancher au r\u00e9seau \u00e9lectrique et de construire des cabanes et des jeux d\u2019enfants. \u00abJ\u2019ai \u00e9t\u00e9 saisie \u00e0 cette \u00e9poque par le d\u00e9fenseur des droits, qui a finalement clos le dossier sans rien trouver \u00e0 redire\u00bb, remarque Gw\u00ebnola Franco. Une nouvelle \u00e9dition\u00a0<a href=\"http:\/\/www.lefigaro.fr\/nantes\/nantes-les-pistes-a-l-etude-pour-limiter-les-stationnements-illicites-des-gens-du-voyage-20250411\" target=\"_blank\" data-fig-type=\"NewsFlash\" rel=\"noopener\" data-gtm-custom-categorie=\"navigation\" data-gtm-custom-action=\"crossclick\" data-gtm-custom-label=\"Contextuel\" data-gtm-event=\"customEventSPE\" data-fig-domain=\"LEFIGARO\">du sch\u00e9ma d\u00e9partemental d\u2019accueil des gens du voyage<\/a>\u00a0est attendue pour la fin du printemps.<\/p>\n","protected":false},"excerpt":{"rendered":"La mairie de Vigneux-de-Bretagne refuse l\u2019installation de caravanes sur des terres cultivables acquises par des voyageurs. Soutenue par&hellip;\n","protected":false},"author":2,"featured_media":63625,"comment_status":"","ping_status":"","sticky":false,"template":"","format":"standard","meta":{"footnotes":""},"categories":[2818],"tags":[1111,11,1777,674,462,1011,27,2903,2640,2642,766,2638,2643,2637,2639,2646,2645,2641,2635,2644,2647,12,2636,25],"class_list":{"0":"post-63624","1":"post","2":"type-post","3":"status-publish","4":"format-standard","5":"has-post-thumbnail","7":"category-nantes","8":"tag-actu","9":"tag-actualites","10":"tag-eu","11":"tag-europe","12":"tag-fc-nantes","13":"tag-fr","14":"tag-france","15":"tag-gens-du-voyage","16":"tag-hauts-paves-saint-felix","17":"tag-ile-de-nantes","18":"tag-nantes","19":"tag-nantes-bellevue-chantenay-sainte-anne","20":"tag-nantes-breil-barberie","21":"tag-nantes-centre-ville","22":"tag-nantes-dervallieres-zola","23":"tag-nantes-doulon-bottiere","24":"tag-nantes-erdre","25":"tag-nantes-malakoff-saint-donatien","26":"tag-nantes-metropole","27":"tag-nantes-nord","28":"tag-nantes-sud","29":"tag-news","30":"tag-pays-de-la-loire","31":"tag-republique-francaise"},"share_on_mastodon":{"url":"","error":"Validation failed: Text character limit of 500 exceeded"},"_links":{"self":[{"href":"https:\/\/www.europesays.com\/fr\/wp-json\/wp\/v2\/posts\/63624","targetHints":{"allow":["GET"]}}],"collection":[{"href":"https:\/\/www.europesays.com\/fr\/wp-json\/wp\/v2\/posts"}],"about":[{"href":"https:\/\/www.europesays.com\/fr\/wp-json\/wp\/v2\/types\/post"}],"author":[{"embeddable":true,"href":"https:\/\/www.europesays.com\/fr\/wp-json\/wp\/v2\/users\/2"}],"replies":[{"embeddable":true,"href":"https:\/\/www.europesays.com\/fr\/wp-json\/wp\/v2\/comments?post=63624"}],"version-history":[{"count":0,"href":"https:\/\/www.europesays.com\/fr\/wp-json\/wp\/v2\/posts\/63624\/revisions"}],"wp:featuredmedia":[{"embeddable":true,"href":"https:\/\/www.europesays.com\/fr\/wp-json\/wp\/v2\/media\/63625"}],"wp:attachment":[{"href":"https:\/\/www.europesays.com\/fr\/wp-json\/wp\/v2\/media?parent=63624"}],"wp:term":[{"taxonomy":"category","embeddable":true,"href":"https:\/\/www.europesays.com\/fr\/wp-json\/wp\/v2\/categories?post=63624"},{"taxonomy":"post_tag","embeddable":true,"href":"https:\/\/www.europesays.com\/fr\/wp-json\/wp\/v2\/tags?post=63624"}],"curies":[{"name":"wp","href":"https:\/\/api.w.org\/{rel}","templated":true}]}}