{"id":636261,"date":"2026-01-02T13:36:10","date_gmt":"2026-01-02T13:36:10","guid":{"rendered":"https:\/\/www.europesays.com\/fr\/636261\/"},"modified":"2026-01-02T13:36:10","modified_gmt":"2026-01-02T13:36:10","slug":"apres-la-nuit-du-31-decembre-celle-du-1er-janvier-a-aussi-ete-mouvementee-dans-plusieurs-communes-de-lagglomeration-de-bordeaux","status":"publish","type":"post","link":"https:\/\/www.europesays.com\/fr\/636261\/","title":{"rendered":"Apr\u00e8s la nuit du 31\u00a0d\u00e9cembre, celle du 1er\u00a0janvier a aussi \u00e9t\u00e9 mouvement\u00e9e dans plusieurs communes de l\u2019agglom\u00e9ration de Bordeaux"},"content":{"rendered":"<p>Cela a commenc\u00e9 \u00e0 Lormont. Rue de la Tour de Rouffiac, des jeunes ont mis le feu \u00e0 des poubelles et tir\u00e9 des mortiers d\u2019artifice contre les forces de l\u2019ordre.<\/p>\n<p>\u00c0 20\u00a0h\u00a030, \u00e0 Cenon, des hommes encagoul\u00e9s ont \u00e9t\u00e9 vus montant une barricade avec des poubelles et y mettre le feu. Le sinistre a \u00e9t\u00e9 \u00e9teint par des riverains de la place Voltaire. Les policiers ont lanc\u00e9 une grenade lacrymog\u00e8ne pour dissiper l\u2019attroupement.<\/p>\n<p>Des violences ont \u00e9galement eu lieu \u00e0 B\u00e8gles. Il \u00e9tait 21\u00a0h\u00a010, quand des tirs de mortier ont vis\u00e9 une patrouille de police, pr\u00e8s de la r\u00e9sidence Ferdinand-Buisson. Les fonctionnaires ont r\u00e9alis\u00e9 un tir de lanceur de balles de d\u00e9fense (LBD). Par pr\u00e9caution, la ligne de bus\u00a035 a \u00e9t\u00e9 d\u00e9vi\u00e9e. Dans la m\u00eame commune, une heure plus tard, un v\u00e9hicule a \u00e9t\u00e9 plac\u00e9 sur les voies de tram et incendi\u00e9, avenue Robert-Schuman. Les hommes du commissariat ont fait usage de LBD et de lacrymog\u00e8nes contre des suspects pr\u00e9sents sur la voie publique.<\/p>\n","protected":false},"excerpt":{"rendered":"Cela a commenc\u00e9 \u00e0 Lormont. Rue de la Tour de Rouffiac, des jeunes ont mis le feu \u00e0&hellip;\n","protected":false},"author":2,"featured_media":636262,"comment_status":"","ping_status":"","sticky":false,"template":"","format":"standard","meta":{"footnotes":""},"categories":[2817],"tags":[1111,11,1997,1777,674,1011,27,12,2219,25],"class_list":{"0":"post-636261","1":"post","2":"type-post","3":"status-publish","4":"format-standard","5":"has-post-thumbnail","7":"category-bordeaux","8":"tag-actu","9":"tag-actualites","10":"tag-bordeaux","11":"tag-eu","12":"tag-europe","13":"tag-fr","14":"tag-france","15":"tag-news","16":"tag-nouvelle-aquitaine","17":"tag-republique-francaise"},"share_on_mastodon":{"url":"https:\/\/pubeurope.com\/@fr\/115825776054234263","error":""},"_links":{"self":[{"href":"https:\/\/www.europesays.com\/fr\/wp-json\/wp\/v2\/posts\/636261","targetHints":{"allow":["GET"]}}],"collection":[{"href":"https:\/\/www.europesays.com\/fr\/wp-json\/wp\/v2\/posts"}],"about":[{"href":"https:\/\/www.europesays.com\/fr\/wp-json\/wp\/v2\/types\/post"}],"author":[{"embeddable":true,"href":"https:\/\/www.europesays.com\/fr\/wp-json\/wp\/v2\/users\/2"}],"replies":[{"embeddable":true,"href":"https:\/\/www.europesays.com\/fr\/wp-json\/wp\/v2\/comments?post=636261"}],"version-history":[{"count":0,"href":"https:\/\/www.europesays.com\/fr\/wp-json\/wp\/v2\/posts\/636261\/revisions"}],"wp:featuredmedia":[{"embeddable":true,"href":"https:\/\/www.europesays.com\/fr\/wp-json\/wp\/v2\/media\/636262"}],"wp:attachment":[{"href":"https:\/\/www.europesays.com\/fr\/wp-json\/wp\/v2\/media?parent=636261"}],"wp:term":[{"taxonomy":"category","embeddable":true,"href":"https:\/\/www.europesays.com\/fr\/wp-json\/wp\/v2\/categories?post=636261"},{"taxonomy":"post_tag","embeddable":true,"href":"https:\/\/www.europesays.com\/fr\/wp-json\/wp\/v2\/tags?post=636261"}],"curies":[{"name":"wp","href":"https:\/\/api.w.org\/{rel}","templated":true}]}}