{"id":636269,"date":"2026-01-02T13:40:11","date_gmt":"2026-01-02T13:40:11","guid":{"rendered":"https:\/\/www.europesays.com\/fr\/636269\/"},"modified":"2026-01-02T13:40:11","modified_gmt":"2026-01-02T13:40:11","slug":"les-pompiers-du-nord-vont-devoir-passer-chez-le-barbier","status":"publish","type":"post","link":"https:\/\/www.europesays.com\/fr\/636269\/","title":{"rendered":"Les pompiers du Nord vont devoir passer chez le barbier"},"content":{"rendered":"<p><img decoding=\"async\" class=\"\" style=\"width:100%;max-width:100%\" src=\"https:\/\/www.europesays.com\/fr\/wp-content\/uploads\/2026\/01\/pompiers1767354466935-format16by9.jpg\" alt=\"SDIS 59, illustration\"\/><\/p>\n<p>Finie m\u00eame la barbe de 2-3 jours&#8230;<\/p>\n<p>Cr\u00e9dit : SDIS 59, illustration<\/p>\n<p data-syno-attrs=\"{&quot;textMarks&quot;:[{&quot;_&quot;:&quot;font_size&quot;,&quot;value&quot;:16},{&quot;_&quot;:&quot;font_family&quot;,&quot;value&quot;:&quot;Times New Roman&quot;,&quot;eastAsia&quot;:&quot;Times New Roman&quot;,&quot;complexScript&quot;:&quot;Times New Roman&quot;},{&quot;_&quot;:&quot;em&quot;,&quot;value&quot;:false},{&quot;_&quot;:&quot;strong&quot;,&quot;value&quot;:false},{&quot;_&quot;:&quot;color&quot;,&quot;value&quot;:&quot;#000000&quot;},{&quot;_&quot;:&quot;background_color&quot;,&quot;value&quot;:&quot;#ffffff&quot;}]}\"><strong>Les pompiers vont devoir se raser. <\/strong><\/p>\n<p data-syno-attrs=\"{&quot;textMarks&quot;:[{&quot;_&quot;:&quot;font_size&quot;,&quot;value&quot;:16},{&quot;_&quot;:&quot;font_family&quot;,&quot;value&quot;:&quot;Times New Roman&quot;,&quot;eastAsia&quot;:&quot;Times New Roman&quot;,&quot;complexScript&quot;:&quot;Times New Roman&quot;},{&quot;_&quot;:&quot;em&quot;,&quot;value&quot;:false},{&quot;_&quot;:&quot;strong&quot;,&quot;value&quot;:false},{&quot;_&quot;:&quot;color&quot;,&quot;value&quot;:&quot;#000000&quot;},{&quot;_&quot;:&quot;background_color&quot;,&quot;value&quot;:&quot;#ffffff&quot;}]}\">Apr\u00e8s ceux du Pas-de-Calais en juin 2024, place \u00e0 leurs coll\u00e8gues du Nord <strong>depuis ce jeudi 1er janvier. <\/strong><\/p>\n<p data-syno-attrs=\"{&quot;textMarks&quot;:[{&quot;_&quot;:&quot;font_size&quot;,&quot;value&quot;:16},{&quot;_&quot;:&quot;font_family&quot;,&quot;value&quot;:&quot;Times New Roman&quot;,&quot;eastAsia&quot;:&quot;Times New Roman&quot;,&quot;complexScript&quot;:&quot;Times New Roman&quot;},{&quot;_&quot;:&quot;em&quot;,&quot;value&quot;:false},{&quot;_&quot;:&quot;strong&quot;,&quot;value&quot;:false},{&quot;_&quot;:&quot;color&quot;,&quot;value&quot;:&quot;#000000&quot;},{&quot;_&quot;:&quot;background_color&quot;,&quot;value&quot;:&quot;#ffffff&quot;}]}\"><a href=\"https:\/\/www.sdis59.fr\/\" rel=\"noopener\" target=\"_blank\">Suite \u00e0 une d\u00e9cision de leur hi\u00e9rarchie du SDIS59,<\/a> ils n\u2019ont<strong> plus le droit de porter la barbe et la moustache.<\/strong> <\/p>\n<p data-syno-attrs=\"{&quot;textMarks&quot;:[{&quot;_&quot;:&quot;font_size&quot;,&quot;value&quot;:16},{&quot;_&quot;:&quot;font_family&quot;,&quot;value&quot;:&quot;Times New Roman&quot;,&quot;eastAsia&quot;:&quot;Times New Roman&quot;,&quot;complexScript&quot;:&quot;Times New Roman&quot;},{&quot;_&quot;:&quot;em&quot;,&quot;value&quot;:false},{&quot;_&quot;:&quot;strong&quot;,&quot;value&quot;:false},{&quot;_&quot;:&quot;color&quot;,&quot;value&quot;:&quot;#000000&quot;},{&quot;_&quot;:&quot;background_color&quot;,&quot;value&quot;:&quot;#ffffff&quot;}]}\">C\u2019est une <strong>question de s\u00e9curit\u00e9. Cons\u00e9quence du port de leur<\/strong><strong> appareil respiratoire<\/strong> quand ils doivent affronter de la fum\u00e9e. Ils sont plus efficace sans les poils\u2026<\/p>\n<p data-syno-attrs=\"{&quot;textMarks&quot;:[{&quot;_&quot;:&quot;font_size&quot;,&quot;value&quot;:16},{&quot;_&quot;:&quot;font_family&quot;,&quot;value&quot;:&quot;Times New Roman&quot;,&quot;eastAsia&quot;:&quot;Times New Roman&quot;,&quot;complexScript&quot;:&quot;Times New Roman&quot;},{&quot;_&quot;:&quot;em&quot;,&quot;value&quot;:false},{&quot;_&quot;:&quot;strong&quot;,&quot;value&quot;:false},{&quot;_&quot;:&quot;color&quot;,&quot;value&quot;:&quot;#000000&quot;},{&quot;_&quot;:&quot;background_color&quot;,&quot;value&quot;:&quot;#ffffff&quot;}]}\">\u00a0<\/p>\n","protected":false},"excerpt":{"rendered":"Finie m\u00eame la barbe de 2-3 jours&#8230; Cr\u00e9dit : SDIS 59, illustration Les pompiers vont devoir se raser.&hellip;\n","protected":false},"author":2,"featured_media":636270,"comment_status":"","ping_status":"","sticky":false,"template":"","format":"standard","meta":{"footnotes":""},"categories":[2815],"tags":[1111,11,74366,74363,34460,74369,17227,65908,1777,674,1011,27,6578,811,39471,74368,1307,74364,12,1308,23862,74367,1311,74362,7700,25,74365,656,14639],"class_list":{"0":"post-636269","1":"post","2":"type-post","3":"status-publish","4":"format-standard","5":"has-post-thumbnail","7":"category-lille","8":"tag-actu","9":"tag-actualites","10":"tag-appareil-respiratoire","11":"tag-barbe","12":"tag-barbier","13":"tag-colegues","14":"tag-decision","15":"tag-efficacite","16":"tag-eu","17":"tag-europe","18":"tag-fr","19":"tag-france","20":"tag-fumee","21":"tag-hauts-de-france","22":"tag-hierarchie","23":"tag-janvier-2024","24":"tag-lille","25":"tag-moustache","26":"tag-news","27":"tag-nord","28":"tag-pas-de-calais","29":"tag-poils","30":"tag-pompiers","31":"tag-raser","32":"tag-regle","33":"tag-republique-francaise","34":"tag-sdis59","35":"tag-securite","36":"tag-securite-incendie"},"share_on_mastodon":{"url":"https:\/\/pubeurope.com\/@fr\/115825791788488409","error":""},"_links":{"self":[{"href":"https:\/\/www.europesays.com\/fr\/wp-json\/wp\/v2\/posts\/636269","targetHints":{"allow":["GET"]}}],"collection":[{"href":"https:\/\/www.europesays.com\/fr\/wp-json\/wp\/v2\/posts"}],"about":[{"href":"https:\/\/www.europesays.com\/fr\/wp-json\/wp\/v2\/types\/post"}],"author":[{"embeddable":true,"href":"https:\/\/www.europesays.com\/fr\/wp-json\/wp\/v2\/users\/2"}],"replies":[{"embeddable":true,"href":"https:\/\/www.europesays.com\/fr\/wp-json\/wp\/v2\/comments?post=636269"}],"version-history":[{"count":0,"href":"https:\/\/www.europesays.com\/fr\/wp-json\/wp\/v2\/posts\/636269\/revisions"}],"wp:featuredmedia":[{"embeddable":true,"href":"https:\/\/www.europesays.com\/fr\/wp-json\/wp\/v2\/media\/636270"}],"wp:attachment":[{"href":"https:\/\/www.europesays.com\/fr\/wp-json\/wp\/v2\/media?parent=636269"}],"wp:term":[{"taxonomy":"category","embeddable":true,"href":"https:\/\/www.europesays.com\/fr\/wp-json\/wp\/v2\/categories?post=636269"},{"taxonomy":"post_tag","embeddable":true,"href":"https:\/\/www.europesays.com\/fr\/wp-json\/wp\/v2\/tags?post=636269"}],"curies":[{"name":"wp","href":"https:\/\/api.w.org\/{rel}","templated":true}]}}