{"id":636273,"date":"2026-01-02T13:42:11","date_gmt":"2026-01-02T13:42:11","guid":{"rendered":"https:\/\/www.europesays.com\/fr\/636273\/"},"modified":"2026-01-02T13:42:11","modified_gmt":"2026-01-02T13:42:11","slug":"les-hoteliers-font-grise-mine-et-les-musees-se-remplissent","status":"publish","type":"post","link":"https:\/\/www.europesays.com\/fr\/636273\/","title":{"rendered":"les h\u00f4teliers font grise mine et les mus\u00e9es se remplissent"},"content":{"rendered":"<p>Autour du Vieux-Port, l\u2019humeur des h\u00f4teliers n\u2019est pas au beau fixe. Ils font grise mine devant leurs chambres d\u00e9sesp\u00e9r\u00e9ment vides. \u00ab\u00a0Les f\u00eates ne remplissent pas les \u00e9tablissements. No\u00ebl, c\u2019est le plus mauvais taux d\u2019occupation de l\u2019ann\u00e9e avec seulement 40% pendant <a href=\"https:\/\/www.laprovence.com\/article\/sortie-loisirs\/72629598312485\/nos-10-idees-de-sorties-en-attendant-noel-en-provence\" target=\"_blank\" rel=\"noopener\">les vacances de No\u00ebl <\/a>et \u00e0 peine 70% pour le jour de l\u2019An\u00a0\u00bb, fustige <a href=\"https:\/\/www.laprovence.com\/article\/region\/6644562127664914\/avec-1-000-chambres-de-plus-a-marseille-l-offre-hoteliere-s-etoffe-et-monte-en-gamme\" target=\"_blank\" rel=\"noopener\">Nicolas Guyot, vice-pr\u00e9sident de l\u2019UMIH 13<\/a> et directeur de l\u2019h\u00f4tel Carr\u00e9 Vieux-Port.<\/p>\n<p>Sur Airbnb, les r\u00e9servations ont bien fonctionn\u00e9. \u00c0 quelques heures de la Saint-Sylvestre, quelques offres \u00e9taient encore disponibles pour les retardataires et proposaient m\u00eame des prix cass\u00e9s\u00a0: une chambre \u00e0 36\u00a0euros en plein c\u0153ur du Panier ou un studio \u00e0 74\u00a0euros au Camas.<\/p>\n<p><a href=\"https:\/\/www.laprovence.com\/article\/economie\/16001379109955\/tourisme-malgre-le-ressenti-negatif-de-cet-ete-marseille-fait-de-la-resistance\" target=\"_blank\" rel=\"noopener\">Entre la Canebi\u00e8re et le Vieux-Port<\/a>, la foule \u00e9tait bien pr\u00e9sente. Au milieu des familles marseillaises, <a href=\"https:\/\/www.laprovence.com\/article\/region\/1951395616616915\/a-marseille-des-touristes-aussi-nombreux-mais-moins-depensiers-cet-ete\" target=\"_blank\" rel=\"noopener\">des touristes venus profiter des derniers soleils de l\u2019ann\u00e9e<\/a>. Et ce n\u2019est pas fini puisque le port de Marseille accueillera quelque 30\u00a0000 croisi\u00e9ristes en escale ou sur le d\u00e9part entre le 1er et le 6\u00a0janvier.\u00a0Mais les rires des enfants sur la patinoire \u00e9ph\u00e9m\u00e8re ne parviennent pas \u00e0 radoucir les professionnels du secteur.\u00a0Apr\u00e8s une saison estivale l\u00e9g\u00e8rement en retrait par rapport aux ann\u00e9es pr\u00e9c\u00e9den&#8230;<\/p>\n","protected":false},"excerpt":{"rendered":"Autour du Vieux-Port, l\u2019humeur des h\u00f4teliers n\u2019est pas au beau fixe. Ils font grise mine devant leurs chambres&hellip;\n","protected":false},"author":2,"featured_media":636274,"comment_status":"","ping_status":"","sticky":false,"template":"","format":"standard","meta":{"footnotes":""},"categories":[2814],"tags":[5734,1111,11,1777,674,14537,1011,27,74370,151,884,12,6202,882,16,25,602],"class_list":{"0":"post-636273","1":"post","2":"type-post","3":"status-publish","4":"format-standard","5":"has-post-thumbnail","7":"category-marseille","8":"tag-5734","9":"tag-actu","10":"tag-actualites","11":"tag-eu","12":"tag-europe","13":"tag-fetes","14":"tag-fr","15":"tag-france","16":"tag-hoteliers","17":"tag-les","18":"tag-marseille","19":"tag-news","20":"tag-pendant","21":"tag-provence-alpes-cote-dazur","22":"tag-region","23":"tag-republique-francaise","24":"tag-tourisme"},"share_on_mastodon":{"url":"https:\/\/pubeurope.com\/@fr\/115825799666586077","error":""},"_links":{"self":[{"href":"https:\/\/www.europesays.com\/fr\/wp-json\/wp\/v2\/posts\/636273","targetHints":{"allow":["GET"]}}],"collection":[{"href":"https:\/\/www.europesays.com\/fr\/wp-json\/wp\/v2\/posts"}],"about":[{"href":"https:\/\/www.europesays.com\/fr\/wp-json\/wp\/v2\/types\/post"}],"author":[{"embeddable":true,"href":"https:\/\/www.europesays.com\/fr\/wp-json\/wp\/v2\/users\/2"}],"replies":[{"embeddable":true,"href":"https:\/\/www.europesays.com\/fr\/wp-json\/wp\/v2\/comments?post=636273"}],"version-history":[{"count":0,"href":"https:\/\/www.europesays.com\/fr\/wp-json\/wp\/v2\/posts\/636273\/revisions"}],"wp:featuredmedia":[{"embeddable":true,"href":"https:\/\/www.europesays.com\/fr\/wp-json\/wp\/v2\/media\/636274"}],"wp:attachment":[{"href":"https:\/\/www.europesays.com\/fr\/wp-json\/wp\/v2\/media?parent=636273"}],"wp:term":[{"taxonomy":"category","embeddable":true,"href":"https:\/\/www.europesays.com\/fr\/wp-json\/wp\/v2\/categories?post=636273"},{"taxonomy":"post_tag","embeddable":true,"href":"https:\/\/www.europesays.com\/fr\/wp-json\/wp\/v2\/tags?post=636273"}],"curies":[{"name":"wp","href":"https:\/\/api.w.org\/{rel}","templated":true}]}}