{"id":636275,"date":"2026-01-02T13:43:20","date_gmt":"2026-01-02T13:43:20","guid":{"rendered":"https:\/\/www.europesays.com\/fr\/636275\/"},"modified":"2026-01-02T13:43:20","modified_gmt":"2026-01-02T13:43:20","slug":"annee-historique-pour-la-culture-les-musees-explosent-leur-record-avec-pres-de-900-000-visiteurs","status":"publish","type":"post","link":"https:\/\/www.europesays.com\/fr\/636275\/","title":{"rendered":"ann\u00e9e historique pour la culture, les mus\u00e9es explosent leur record avec pr\u00e8s de 900 000 visiteurs !"},"content":{"rendered":"<p>Jamais les mus\u00e9es de la ville n&rsquo;avaient attir\u00e9 autant de monde. La Ville de Marseille vient de d\u00e9voiler les chiffres de fr\u00e9quentation pour l&rsquo;ann\u00e9e 2025, et ils donnent le tournis. Avec une hausse de plus de 30 % en un an, les \u00e9tablissements culturels municipaux ont pulv\u00e9ris\u00e9 leur pr\u00e9c\u00e9dent record historique.<\/p>\n<p class=\"ng-star-inserted\">C\u2019est une v\u00e9ritable fi\u00e8vre culturelle qui s\u2019est empar\u00e9e de Marseille l&rsquo;an dernier. Le bilan 2025 est tomb\u00e9 et il d\u00e9passe toutes les esp\u00e9rances : <strong class=\"ng-star-inserted\">884 000 visiteurs<\/strong>\u00a0ont franchi les portes des mus\u00e9es municipaux.<\/p>\n<p class=\"ng-star-inserted\">Pour mesurer l&rsquo;ampleur du ph\u00e9nom\u00e8ne, il faut regarder dans le r\u00e9troviseur. C&rsquo;est 200 000 entr\u00e9es de plus que le pr\u00e9c\u00e9dent record de 2023. Par rapport \u00e0 2024, la fr\u00e9quentation bondit de plus de\u00a0<strong class=\"ng-star-inserted\">30 %<\/strong>.<br class=\"ng-star-inserted\"\/>L&rsquo;\u00e9t\u00e9 a \u00e9t\u00e9 particuli\u00e8rement intense : pour la premi\u00e8re fois de l&rsquo;histoire, la barre des 100 000 visiteurs mensuels a \u00e9t\u00e9 franchie au mois d&rsquo;ao\u00fbt (101 306 entr\u00e9es).<\/p>\n<p class=\"ng-star-inserted\">\u00a0<\/p>\n<p>La Vieille Charit\u00e9 et le Mus\u00e9e d&rsquo;Histoire au sommet<\/p>\n<p class=\"ng-star-inserted\">Certains lieux embl\u00e9matiques ont litt\u00e9ralement cartonn\u00e9.<\/p>\n<ul class=\"ng-star-inserted\">\n<li class=\"ng-star-inserted\">\n<p class=\"ng-star-inserted\"><strong class=\"ng-star-inserted\">Le Centre de la Vieille Charit\u00e9<\/strong>\u00a0reste la locomotive culturelle avec plus de\u00a0<strong class=\"ng-star-inserted\">270 000 visiteurs<\/strong>, battant son record de 2018.<\/p>\n<\/li>\n<li class=\"ng-star-inserted\">\n<p class=\"ng-star-inserted\"><strong class=\"ng-star-inserted\">Le Mus\u00e9e d\u2019Histoire de Marseille<\/strong>\u00a0franchit pour la premi\u00e8re fois le cap symbolique des\u00a0<strong class=\"ng-star-inserted\">110 000 visiteurs<\/strong>\u00a0annuels.<\/p>\n<\/li>\n<li class=\"ng-star-inserted\">\n<p class=\"ng-star-inserted\"><strong class=\"ng-star-inserted\">Le Mus\u00e9e des Beaux-Arts<\/strong>\u00a0fr\u00f4le les 100 000 entr\u00e9es (99 000).<\/p>\n<\/li>\n<\/ul>\n<p class=\"ng-star-inserted\">M\u00eame succ\u00e8s pour les structures plus sp\u00e9cifiques comme le Pr\u00e9au des Accoules (mus\u00e9e des enfants) ou le M\u00e9morial des d\u00e9portations qui am\u00e9liorent leurs scores.<\/p>\n<p class=\"ng-star-inserted\">\u00a0<\/p>\n<p class=\"ng-star-inserted\"><img loading=\"lazy\" decoding=\"async\" src=\"https:\/\/ws.maritima.fr\/api\/images%2F1767348900060blob\" alt=\"\" width=\"560\" height=\"315\"\/><\/p>\n<p class=\"ng-star-inserted\">\u00a0<\/p>\n<p>Les expositions qui ont tout chang\u00e9<\/p>\n<p class=\"ng-star-inserted\">Ce succ\u00e8s ne doit rien au hasard, il est port\u00e9 par une programmation qui a su s\u00e9duire le public. Les chiffres des expositions temporaires sont \u00e9loquents :<\/p>\n<ul class=\"ng-star-inserted\">\n<li class=\"ng-star-inserted\">\n<p class=\"ng-star-inserted\"><strong class=\"ng-star-inserted\">\u00ab\u00a0Laure Prouvost \u2013 M\u00e8re We Sea\u00a0\u00bb<\/strong>\u00a0(Vieille Charit\u00e9) est un triomphe avec d\u00e9j\u00e0\u00a0<strong class=\"ng-star-inserted\">123 034 visiteurs<\/strong>.<\/p>\n<\/li>\n<li class=\"ng-star-inserted\">\n<p class=\"ng-star-inserted\"><strong class=\"ng-star-inserted\">\u00ab\u00a0Tatouage \u2013 Histoires de la M\u00e9diterran\u00e9e\u00a0\u00bb<\/strong>\u00a0a attir\u00e9 pr\u00e8s de 60 000 curieux.<\/p>\n<\/li>\n<li class=\"ng-star-inserted\">\n<p class=\"ng-star-inserted\"><strong class=\"ng-star-inserted\">\u00ab\u00a0Alberto Giacometti\u00a0\u00bb<\/strong>\u00a0au mus\u00e9e Cantini a s\u00e9duit pr\u00e8s de 44 000 passionn\u00e9s d&rsquo;art.<\/p>\n<\/li>\n<\/ul>\n<p class=\"ng-star-inserted\">La dynamique ne semble pas pr\u00eate de s&rsquo;arr\u00eater en ce d\u00e9but 2026. L&rsquo;exposition actuelle au mus\u00e9e d&rsquo;Histoire,\u00a0<a href=\"https:\/\/maritima.fr\/actualites\/culture\/marseille\/9690\/marseille-164-ans-de-photos-par-la-dynastie-des-photographes-marseillais-detaille\" target=\"_blank\" rel=\"noopener\">\u00ab\u00a0MARSEILLE vue par les DETAILLE\u00a0\u00bb<\/a>, r\u00e9alise un d\u00e9marrage historique avec pr\u00e8s de 25 000 visiteurs en seulement huit semaines.<\/p>\n<p class=\"ng-star-inserted\">\u00a0<\/p>\n<p class=\"ng-star-inserted\"><img loading=\"lazy\" decoding=\"async\" src=\"https:\/\/ws.maritima.fr\/api\/images%2F1767348798959blob\" alt=\"\" width=\"560\" height=\"315\"\/><\/p>\n","protected":false},"excerpt":{"rendered":"Jamais les mus\u00e9es de la ville n&rsquo;avaient attir\u00e9 autant de monde. La Ville de Marseille vient de d\u00e9voiler&hellip;\n","protected":false},"author":2,"featured_media":636276,"comment_status":"","ping_status":"","sticky":false,"template":"","format":"standard","meta":{"footnotes":""},"categories":[2814],"tags":[1111,11,251,1777,674,1011,27,884,3048,12,882,25],"class_list":{"0":"post-636275","1":"post","2":"type-post","3":"status-publish","4":"format-standard","5":"has-post-thumbnail","7":"category-marseille","8":"tag-actu","9":"tag-actualites","10":"tag-culture","11":"tag-eu","12":"tag-europe","13":"tag-fr","14":"tag-france","15":"tag-marseille","16":"tag-musee","17":"tag-news","18":"tag-provence-alpes-cote-dazur","19":"tag-republique-francaise"},"share_on_mastodon":{"url":"https:\/\/pubeurope.com\/@fr\/115825803653754431","error":""},"_links":{"self":[{"href":"https:\/\/www.europesays.com\/fr\/wp-json\/wp\/v2\/posts\/636275","targetHints":{"allow":["GET"]}}],"collection":[{"href":"https:\/\/www.europesays.com\/fr\/wp-json\/wp\/v2\/posts"}],"about":[{"href":"https:\/\/www.europesays.com\/fr\/wp-json\/wp\/v2\/types\/post"}],"author":[{"embeddable":true,"href":"https:\/\/www.europesays.com\/fr\/wp-json\/wp\/v2\/users\/2"}],"replies":[{"embeddable":true,"href":"https:\/\/www.europesays.com\/fr\/wp-json\/wp\/v2\/comments?post=636275"}],"version-history":[{"count":0,"href":"https:\/\/www.europesays.com\/fr\/wp-json\/wp\/v2\/posts\/636275\/revisions"}],"wp:featuredmedia":[{"embeddable":true,"href":"https:\/\/www.europesays.com\/fr\/wp-json\/wp\/v2\/media\/636276"}],"wp:attachment":[{"href":"https:\/\/www.europesays.com\/fr\/wp-json\/wp\/v2\/media?parent=636275"}],"wp:term":[{"taxonomy":"category","embeddable":true,"href":"https:\/\/www.europesays.com\/fr\/wp-json\/wp\/v2\/categories?post=636275"},{"taxonomy":"post_tag","embeddable":true,"href":"https:\/\/www.europesays.com\/fr\/wp-json\/wp\/v2\/tags?post=636275"}],"curies":[{"name":"wp","href":"https:\/\/api.w.org\/{rel}","templated":true}]}}