{"id":636277,"date":"2026-01-02T13:44:12","date_gmt":"2026-01-02T13:44:12","guid":{"rendered":"https:\/\/www.europesays.com\/fr\/636277\/"},"modified":"2026-01-02T13:44:12","modified_gmt":"2026-01-02T13:44:12","slug":"gregory-doucet-glorifie-un-islamiste-notoire-une-nouvelle-polemique-qui-salit-lyon","status":"publish","type":"post","link":"https:\/\/www.europesays.com\/fr\/636277\/","title":{"rendered":"\u00ab Gr\u00e9gory Doucet glorifie un islamiste notoire \u00bb. Une nouvelle pol\u00e9mique qui salit Lyon &#8211;"},"content":{"rendered":"<p>\t\t\t\t<img fetchpriority=\"high\" decoding=\"async\" width=\"900\" height=\"565\" src=\"https:\/\/www.europesays.com\/fr\/wp-content\/uploads\/2026\/01\/docteur-Hamas-et-gregory-doucet.jpg\" alt=\"\" title=\"docteur Hamas et gregory doucet\"   class=\"wp-image-168474\"\/><\/p>\n<p>Captures d\u2019\u00e9cran ILTV et X<\/p>\n<p><strong>Par la r\u00e9daction <\/strong>\u2013 Nouvelle ann\u00e9e, nouvelle pol\u00e9mique\u2026 Pr\u00eat \u00e0 toutes les compromissions pour s\u2019attirer les voix communautaires, <strong>Gr\u00e9gory Doucet<\/strong> continue de salir l\u2019image de Lyon.<\/p>\n<p>Dans sa course \u00e9lectoraliste avec son alli\u00e9 LFI pour s\u2019attirer les bonnes gr\u00e2ces de l\u2019\u00e9lectorat propalestinien, tout est permis. Apr\u00e8s la provocation du drapeau hiss\u00e9 sur le fronton de l\u2019h\u00f4tel de ville et <a href=\"https:\/\/www.lyonpeople.com\/actualites-lyon\/actualites-politiques\/annee-de-la-palestine-a-lyon-la-nouvelle-provocation-de-la-mairie-ecologiste-2025-02-12.html\" target=\"_blank\" rel=\"noopener\"><strong>l\u2019ann\u00e9e de la Palestine<\/strong><\/a>, on apprend que <strong>Hussam Abu Safiya<\/strong>, un sympathisant du Hamas vient de se voir attribuer la citoyennet\u00e9 d\u2019honneur par la Ville de Lyon.<\/p>\n<p>Pourtant, dans un message diffus\u00e9 le 9\/10\/2023, ce m\u00e9decin palestinien est sans ambigu\u00eft\u00e9 sur les attaques terroristes intervenues deux jours plus t\u00f4t en Isra\u00ebl\u00a0: \u00ab Et ils pensaient que leurs forteresses les prot\u00e9geaient de Dieu, mais Dieu les surprit l\u00e0 o\u00f9 ils ne s\u2019y attendaient pas et sema la terreur dans leurs c\u0153urs \u00bb. Cela n\u2019a pas interpell\u00e9 Doucet.<\/p>\n<p><strong>\u00ab Il s\u2019agit l\u00e0 d\u2019une faute morale majeure. Une honte politique <\/strong><strong>\u00bb<\/strong><\/p>\n<p>Dans un post rep\u00e9r\u00e9 par nos confr\u00e8res de Lyon Mag, <strong>Caroline Yadan<\/strong> condamne cette distinction\u00a0: \u00ab\u00a0La Ville de Lyon \u00e9rige en citoyen d\u2019honneur un \u00ab\u00a0colonel\u00a0\u00bb du Hamas, Hassan Abu Safiya. Ce choix revient, de fait, \u00e0 blanchir une organisation terroriste et \u00e0 faire l\u2019\u00e9loge du pogrom du 7 octobre\u00a0\u00bb.<\/p>\n<p>Et la d\u00e9put\u00e9e Renaissance de conclure\u00a0: \u00ab\u00a0En clair, Gr\u00e9gory Doucet glorifie un islamiste notoire, admirateur de barbares massacreurs de civils. Il s\u2019agit l\u00e0 d\u2019une faute morale majeure. Une honte politique. Et une tache ind\u00e9l\u00e9bile sur l\u2019honneur de la Ville de Lyon\u00a0\u00bb.<\/p>\n<p><img loading=\"lazy\" decoding=\"async\" class=\"alignnone size-full wp-image-168475\" src=\"data:image\/svg+xml,%3Csvg%20xmlns=\" http:=\"\" alt=\"\" width=\"532\" height=\"485\" data-lazy- data-lazy- data-lazy-src=\"https:\/\/www.europesays.com\/fr\/wp-content\/uploads\/2026\/01\/hussam-abou-safiya-citoyen-honneur-ville-de-lyon.jpg\"\/><\/p>\n<p>M\u00eame son de cloche pour Ma\u00eetre <strong>Alain Jakubowicz<\/strong>\u00a0: \u00ab\u00a0Ultime provocation d\u2019un Maire qui prend un malin plaisir \u00e0 souiller l\u2019histoire de la Ville de Lyon dont il ne conna\u00eet rien ? Fallait-il pour autant ajouter l\u2019ignominie \u00e0 l\u2019incomp\u00e9tence ? On aimerait entendre son challenger <strong>Jean-Michel Aulas<\/strong> sur le sujet\u00a0\u00bb interpelle l\u2019avocat lyonnais.<\/p>\n<p>L\u2019ancien pr\u00e9sident de l\u2019OL ne s\u2019est pas fait prier\u00a0: \u00ab\u00a0Je suis stup\u00e9fait par une telle irresponsabilit\u00e9. Importer des conflits ext\u00e9rieurs, jouer avec l\u2019histoire et les blessures, instrumentaliser les passions \u00e0 des fins \u00e9lectoralistes : c\u2019est une faute, encore une\u2026 Lyon aspire \u00e0 la concorde, \u00e0 l\u2019apaisement, au respect de son histoire et de toutes ses composantes.\u00a0\u00bb<\/p>\n<p><strong>\u00ab <\/strong><strong>Doute public. Doute document\u00e9 <\/strong><strong>\u00bb<\/strong><\/p>\n<p>De son c\u00f4t\u00e9, dans un communiqu\u00e9, le CRIF d\u00e9nonce cette nouvelle provocation : \u00ab\u00a0Cette distinction n\u2019est pas un acte humanitaire. C\u2019est un acte politique. Elle engage la responsabilit\u00e9 morale de la collectivit\u00e9 qui l\u2019attribue. Au moment de cette d\u00e9cision, un doute s\u00e9rieux existait.<\/p>\n<p>Doute portant sur de possibles liens avec le Hamas, organisation class\u00e9e terroriste par l\u2019Union europ\u00e9enne. Dans une telle situation, une collectivit\u00e9 responsable ne tranche pas. Elle s\u2019abstient.<\/p>\n<p>La d\u00e9fense des droits fondamentaux ne commande pas l\u2019octroi d\u2019honneurs. Elle commande la prudence. La retenue. Le respect des faits non \u00e9tablis. Le soutien d\u2019Amnesty International \u00e0 la situation proc\u00e9durale d\u2019un d\u00e9tenu ne vaut ni absolution, ni certification d\u2019innocence.<\/p>\n<p>Il ne saurait justifier une distinction honorifique. Aujourd\u2019hui, une certitude suffit : le doute imposait l\u2019abstention. La Ville de Lyon a choisi l\u2019honneur l\u00e0 o\u00f9 la responsabilit\u00e9 commandait le silence. Le CRIF le dit avec gravit\u00e9.\u00a0\u00bb conclut <strong>Chantal Devillez, <\/strong>directrice du CRIF ARA.<\/p>\n","protected":false},"excerpt":{"rendered":"Captures d\u2019\u00e9cran ILTV et X Par la r\u00e9daction \u2013 Nouvelle ann\u00e9e, nouvelle pol\u00e9mique\u2026 Pr\u00eat \u00e0 toutes les compromissions&hellip;\n","protected":false},"author":2,"featured_media":636278,"comment_status":"","ping_status":"","sticky":false,"template":"","format":"standard","meta":{"footnotes":""},"categories":[1889],"tags":[4257,1111,11,2430,1777,674,1011,27,5226,3519,2428,12,25],"class_list":{"0":"post-636277","1":"post","2":"type-post","3":"status-publish","4":"format-standard","5":"has-post-thumbnail","7":"category-lyon","8":"tag-0top","9":"tag-actu","10":"tag-actualites","11":"tag-auvergne-rhone-alpes","12":"tag-eu","13":"tag-europe","14":"tag-fr","15":"tag-france","16":"tag-gregory-doucet","17":"tag-hamas","18":"tag-lyon","19":"tag-news","20":"tag-republique-francaise"},"share_on_mastodon":{"url":"https:\/\/pubeurope.com\/@fr\/115825807484880799","error":""},"_links":{"self":[{"href":"https:\/\/www.europesays.com\/fr\/wp-json\/wp\/v2\/posts\/636277","targetHints":{"allow":["GET"]}}],"collection":[{"href":"https:\/\/www.europesays.com\/fr\/wp-json\/wp\/v2\/posts"}],"about":[{"href":"https:\/\/www.europesays.com\/fr\/wp-json\/wp\/v2\/types\/post"}],"author":[{"embeddable":true,"href":"https:\/\/www.europesays.com\/fr\/wp-json\/wp\/v2\/users\/2"}],"replies":[{"embeddable":true,"href":"https:\/\/www.europesays.com\/fr\/wp-json\/wp\/v2\/comments?post=636277"}],"version-history":[{"count":0,"href":"https:\/\/www.europesays.com\/fr\/wp-json\/wp\/v2\/posts\/636277\/revisions"}],"wp:featuredmedia":[{"embeddable":true,"href":"https:\/\/www.europesays.com\/fr\/wp-json\/wp\/v2\/media\/636278"}],"wp:attachment":[{"href":"https:\/\/www.europesays.com\/fr\/wp-json\/wp\/v2\/media?parent=636277"}],"wp:term":[{"taxonomy":"category","embeddable":true,"href":"https:\/\/www.europesays.com\/fr\/wp-json\/wp\/v2\/categories?post=636277"},{"taxonomy":"post_tag","embeddable":true,"href":"https:\/\/www.europesays.com\/fr\/wp-json\/wp\/v2\/tags?post=636277"}],"curies":[{"name":"wp","href":"https:\/\/api.w.org\/{rel}","templated":true}]}}