{"id":636283,"date":"2026-01-02T13:48:10","date_gmt":"2026-01-02T13:48:10","guid":{"rendered":"https:\/\/www.europesays.com\/fr\/636283\/"},"modified":"2026-01-02T13:48:10","modified_gmt":"2026-01-02T13:48:10","slug":"neige-et-temperatures-glaciales-au-programme-de-la-meteo-de-ce-week-end-a-paris-et-en-ile-de-france","status":"publish","type":"post","link":"https:\/\/www.europesays.com\/fr\/636283\/","title":{"rendered":"Neige et temp\u00e9ratures glaciales au programme de la m\u00e9t\u00e9o de ce week-end \u00e0 Paris et en \u00cele-de-France"},"content":{"rendered":"<p>                    Par<br \/>\n        <strong><br \/>\n            <a href=\"https:\/\/actu.fr\/auteur\/redaction-paris\" title=\"Consulter tous les articles de R\u00e9daction Paris\" target=\"_blank\" rel=\"noopener\">R\u00e9daction Paris<\/a><br \/>\n                    <\/strong><\/p>\n<p>        Publi\u00e9 le<\/p>\n<p>            2 janv. 2026 \u00e0 14h38        <\/p>\n<p>Apr\u00e8s un premier (timide) \u00e9pisode \u00e0 la fin du mois de novembre, la <a href=\"https:\/\/actu.fr\/tag\/neige\" target=\"_blank\" rel=\"noopener\">neige<\/a> devrait faire son retour d\u00e8s ce samedi 3 janvier 2025 \u00e0 Paris et en \u00cele-de-France.\u00a0<\/p>\n<p>Averses de neiges<\/p>\n<p class=\" wall-content\">En d\u00e9but d\u2019apr\u00e8s-midi, certains Franciliens ont pu observer de la <strong>neige fondue<\/strong> qui n\u2019a pas dur\u00e9. Les premiers flocons sont attendus pour demain, samedi 3 janvier 2026.<\/p>\n<p class=\" wall-content\">D\u2019apr\u00e8s les pr\u00e9visions de M\u00e9t\u00e9o-France et de La M\u00e9t\u00e9o Agricole, des \u00ab averses de neige faibles \u00bb sont \u00e0 pr\u00e9voir, notamment dans le nord et l\u2019ouest de la r\u00e9gion, en tout d\u00e9but de journ\u00e9e. Dans l\u2019apr\u00e8s-midi, le <strong>soleil<\/strong> sera de retour et brillera jusqu\u2019\u00e0 la tomb\u00e9e de la nuit. M\u00eame dose de vitamine C, dimanche 4 janvier 2026. Les temp\u00e9ratures oscilleront entre \u22121 \u00b0C et 4 \u00b0C.<\/p>\n<p class=\" wall-content\">Lundi 5 janvier 2026, la M\u00e9t\u00e9o Agricole annonce un ciel partiellement nuageux et de la <strong>neige<\/strong> en faible quantit\u00e9. Il fera entre 2\u00b0C et -2\u00b0C.<\/p>\n<p class=\" wall-content\">Personnalisez votre actualit\u00e9 en ajoutant vos villes et m\u00e9dias en favori avec <a href=\"https:\/\/moncompte.actu.fr\" title=\"D\u00e9couvez Mon Actu\" rel=\"nofollow noopener\" data-trk=\"{&quot;cta&quot;:{&quot;action&quot;:&quot;https:\\\/\\\/moncompte.actu.fr&quot;,&quot;category&quot;:&quot;mon compte&quot;,&quot;from&quot;:&quot;article footer&quot;,&quot;name&quot;:&quot;Mon actu&quot;,&quot;type&quot;:&quot;cta&quot;}}\" target=\"_blank\">Mon Actu<\/a>.<\/p>\n","protected":false},"excerpt":{"rendered":"Par R\u00e9daction Paris Publi\u00e9 le 2 janv. 2026 \u00e0 14h38 Apr\u00e8s un premier (timide) \u00e9pisode \u00e0 la fin&hellip;\n","protected":false},"author":2,"featured_media":636284,"comment_status":"","ping_status":"","sticky":false,"template":"","format":"standard","meta":{"footnotes":""},"categories":[1888],"tags":[1111,1928,11,1927,1777,674,1011,27,2487,2357,10584,12,1926,626,1925,25],"class_list":{"0":"post-636283","1":"post","2":"type-post","3":"status-publish","4":"format-standard","5":"has-post-thumbnail","7":"category-paris","8":"tag-actu","9":"tag-actu-paris","10":"tag-actualites","11":"tag-actualites-paris","12":"tag-eu","13":"tag-europe","14":"tag-fr","15":"tag-france","16":"tag-meteo","17":"tag-meteo-france","18":"tag-neige","19":"tag-news","20":"tag-news-paris","21":"tag-paris","22":"tag-paris-news","23":"tag-republique-francaise"},"share_on_mastodon":{"url":"https:\/\/pubeurope.com\/@fr\/115825823132522550","error":""},"_links":{"self":[{"href":"https:\/\/www.europesays.com\/fr\/wp-json\/wp\/v2\/posts\/636283","targetHints":{"allow":["GET"]}}],"collection":[{"href":"https:\/\/www.europesays.com\/fr\/wp-json\/wp\/v2\/posts"}],"about":[{"href":"https:\/\/www.europesays.com\/fr\/wp-json\/wp\/v2\/types\/post"}],"author":[{"embeddable":true,"href":"https:\/\/www.europesays.com\/fr\/wp-json\/wp\/v2\/users\/2"}],"replies":[{"embeddable":true,"href":"https:\/\/www.europesays.com\/fr\/wp-json\/wp\/v2\/comments?post=636283"}],"version-history":[{"count":0,"href":"https:\/\/www.europesays.com\/fr\/wp-json\/wp\/v2\/posts\/636283\/revisions"}],"wp:featuredmedia":[{"embeddable":true,"href":"https:\/\/www.europesays.com\/fr\/wp-json\/wp\/v2\/media\/636284"}],"wp:attachment":[{"href":"https:\/\/www.europesays.com\/fr\/wp-json\/wp\/v2\/media?parent=636283"}],"wp:term":[{"taxonomy":"category","embeddable":true,"href":"https:\/\/www.europesays.com\/fr\/wp-json\/wp\/v2\/categories?post=636283"},{"taxonomy":"post_tag","embeddable":true,"href":"https:\/\/www.europesays.com\/fr\/wp-json\/wp\/v2\/tags?post=636283"}],"curies":[{"name":"wp","href":"https:\/\/api.w.org\/{rel}","templated":true}]}}