{"id":636285,"date":"2026-01-02T13:49:13","date_gmt":"2026-01-02T13:49:13","guid":{"rendered":"https:\/\/www.europesays.com\/fr\/636285\/"},"modified":"2026-01-02T13:49:13","modified_gmt":"2026-01-02T13:49:13","slug":"paris-previsions-meteo-du-vendredi-02-janvier-2026","status":"publish","type":"post","link":"https:\/\/www.europesays.com\/fr\/636285\/","title":{"rendered":"Paris : pr\u00e9visions m\u00e9t\u00e9o du vendredi 02 janvier 2026"},"content":{"rendered":"<p>\u00c0 Paris, la journ\u00e9e de vendredi 2 janvier 2026 sera marqu\u00e9e par un ciel changeant avec quelques pluies faibles en apr\u00e8s-midi, un vent soutenu et des temp\u00e9ratures fra\u00eeches oscillant entre 1 et 6 \u00b0C. Le temps s&rsquo;am\u00e9liorera en soir\u00e9e sous un ciel d\u00e9gag\u00e9.<\/p>\n<p>    Matin : fra\u00eeches \u00e9claircies et lever de soleil<\/p>\n<p>\u00c0 8 h 43, le soleil se l\u00e8ve \u00e0 l\u2019est, illuminant les toits parisiens. Le ciel demeure l\u00e9g\u00e8rement nuageux mais reste lumineux, une ambiance id\u00e9ale pour une promenade matinale rapide avant d\u2019entamer la journ\u00e9e de travail.<\/p>\n<p>Le thermom\u00e8tre n\u2019indique que <b>2 \u00b0C<\/b>, avec un ressenti de <b>-1 \u00b0C<\/b> en raison d\u2019une humidit\u00e9 \u00e9lev\u00e9e (91 %). Un vent d\u2019ouest-sud-ouest souffle faiblement \u00e0 10 km\/h, sans provoquer de rafales notables.<\/p>\n<p>La pression se stabilise \u00e0 1 008 hPa, traduisant une atmosph\u00e8re paisible. Les risques d\u2019averse sont quasiment inexistants (3 %) et aucune pluie n\u2019est attendue avant midi. Pour la qualit\u00e9 de l\u2019air, aucune donn\u00e9e n\u2019est disponible.<\/p>\n<p>Apr\u00e8s-midi : passage pluvieux et rafales sensibles<\/p>\n<p>\u00c0 15 h, un front plus humide s\u2019installe sur la capitale. Une pluie faible tombe, apportant <b>1,4 mm<\/b> sur l\u2019\u00e9pisode et faisant grimper l\u2019humidit\u00e9 \u00e0 72 %. L\u2019ambiance reste humide mais sans exc\u00e8s.<\/p>\n<p>La temp\u00e9rature atteint <b>6 \u00b0C<\/b> avec un ressenti de <b>2 \u00b0C<\/b>. Le vent d\u2019ouest se renforce nettement, atteignant 17 km\/h en moyenne, et des <b>rafales marqu\u00e9es \u00e0 46 km\/h<\/b> sont \u00e0 pr\u00e9voir. Cyclistes, parapluies fragiles ou \u00e9chafaudages devront faire preuve de vigilance.<\/p>\n<p>La pression fl\u00e9chit l\u00e9g\u00e8rement \u00e0 1 006 hPa, signalant le passage de la perturbation. La visibilit\u00e9 peut se r\u00e9duire temporairement sous les averses ; mieux vaut opter pour un imperm\u00e9able plut\u00f4t qu\u2019un simple coupe-vent.<\/p>\n<p>Soir : accalmie nette et coucher de soleil d\u00e9gag\u00e9<\/p>\n<p>Le soleil s\u2019efface \u00e0 17 h 05 derri\u00e8re La D\u00e9fense. La perturbation s\u2019\u00e9loigne rapidement et, d\u00e8s 21 h, le ciel totalement d\u00e9gag\u00e9 favorise l\u2019observation de V\u00e9nus ou d\u2019un croissant de lune.<\/p>\n<p>Le mercure retombe \u00e0 <b>1 \u00b0C<\/b>, avec un ressenti de <b>-2 \u00b0C<\/b>. Le vent devient quasi nul (5 km\/h) et les rafales sont n\u00e9gligeables. L\u2019humidit\u00e9 remonte \u00e0 91 %, rendant les routes parfois glissantes sous l\u2019effet de la condensation nocturne.<\/p>\n<p>La pression repart \u00e0 la hausse, atteignant 1 009 hPa, signe du retour d\u2019une dorsale anticyclonique. Aucun risque de pluie ; les Parisiens pourront profiter d\u2019une promenade hivernale le long de la Seine sans parapluie.<\/p>\n<p>Tendance g\u00e9n\u00e9rale pour demain<\/p>\n<p>Dans la nuit de vendredi \u00e0 samedi, le ciel restera peu nuageux, avec <b>-1 \u00b0C<\/b> et un ressenti glacial de <b>-5 \u00b0C<\/b>. Une couverture \u00e9paisse s\u2019imposera aux sans-abri et travailleurs nocturnes.<\/p>\n<p>Samedi 3 janvier s\u2019annonce plus sec mais encore froid : maximum pr\u00e9vu \u00e0 <b>3 \u00b0C<\/b>, minimum \u00e0 <b>-1 \u00b0C<\/b>. Le vent d\u2019ouest oscillera autour de 14 km\/h avec des rafales limit\u00e9es \u00e0 33 km\/h, sans ph\u00e9nom\u00e8ne violent \u00e0 craindre.<\/p>\n<p>Le risque de pr\u00e9cipitation descend \u00e0 1 %. Sous un ciel variable, de belles \u00e9claircies sont \u00e0 pr\u00e9voir, parfaites pour une sortie culturelle ou une balade dans les parcs parisiens.<\/p>\n<p>Pour des pr\u00e9visions d\u00e9taill\u00e9es sur les prochains jours, consultez <a href=\"https:\/\/www.meteocity.com\/france\/paris-v2988507\" target=\"_blank\" rel=\"noopener\">notre page d\u00e9di\u00e9e<\/a>.<\/p>\n<ul>\n<li><b>R\u00e9sum\u00e9 du jour :<\/b> 2 \u2192 6 \u00b0C, faible pluie en milieu d\u2019apr\u00e8s-midi, rafales 46 km\/h.<\/li>\n<li><b>Conseils :<\/b> pr\u00e9voyez un manteau imperm\u00e9able \u00e0 capuche et \u00e9vitez les parapluies l\u00e9gers.<\/li>\n<li><b>Demain :<\/b> froid sec, belles \u00e9claircies, conditions plus calmes.<\/li>\n<\/ul>\n<p>Cette m\u00e9t\u00e9o est issue de mod\u00e8les num\u00e9riques crois\u00e9s avec les stations locales parisiennes. Les rafales, bien que br\u00e8ves, illustrent la variabilit\u00e9 marqu\u00e9e des hivers atlantiques. Sur le long terme, la recherche climatologique met en avant un contexte d\u2019humidification mod\u00e9r\u00e9e des hivers en \u00cele-de-France.<\/p>\n","protected":false},"excerpt":{"rendered":"\u00c0 Paris, la journ\u00e9e de vendredi 2 janvier 2026 sera marqu\u00e9e par un ciel changeant avec quelques pluies&hellip;\n","protected":false},"author":2,"featured_media":636286,"comment_status":"","ping_status":"","sticky":false,"template":"","format":"standard","meta":{"footnotes":""},"categories":[1888],"tags":[1111,1928,11,1927,1777,674,1011,27,12,1926,626,1925,25],"class_list":{"0":"post-636285","1":"post","2":"type-post","3":"status-publish","4":"format-standard","5":"has-post-thumbnail","7":"category-paris","8":"tag-actu","9":"tag-actu-paris","10":"tag-actualites","11":"tag-actualites-paris","12":"tag-eu","13":"tag-europe","14":"tag-fr","15":"tag-france","16":"tag-news","17":"tag-news-paris","18":"tag-paris","19":"tag-paris-news","20":"tag-republique-francaise"},"share_on_mastodon":{"url":"https:\/\/pubeurope.com\/@fr\/115825827170798649","error":""},"_links":{"self":[{"href":"https:\/\/www.europesays.com\/fr\/wp-json\/wp\/v2\/posts\/636285","targetHints":{"allow":["GET"]}}],"collection":[{"href":"https:\/\/www.europesays.com\/fr\/wp-json\/wp\/v2\/posts"}],"about":[{"href":"https:\/\/www.europesays.com\/fr\/wp-json\/wp\/v2\/types\/post"}],"author":[{"embeddable":true,"href":"https:\/\/www.europesays.com\/fr\/wp-json\/wp\/v2\/users\/2"}],"replies":[{"embeddable":true,"href":"https:\/\/www.europesays.com\/fr\/wp-json\/wp\/v2\/comments?post=636285"}],"version-history":[{"count":0,"href":"https:\/\/www.europesays.com\/fr\/wp-json\/wp\/v2\/posts\/636285\/revisions"}],"wp:featuredmedia":[{"embeddable":true,"href":"https:\/\/www.europesays.com\/fr\/wp-json\/wp\/v2\/media\/636286"}],"wp:attachment":[{"href":"https:\/\/www.europesays.com\/fr\/wp-json\/wp\/v2\/media?parent=636285"}],"wp:term":[{"taxonomy":"category","embeddable":true,"href":"https:\/\/www.europesays.com\/fr\/wp-json\/wp\/v2\/categories?post=636285"},{"taxonomy":"post_tag","embeddable":true,"href":"https:\/\/www.europesays.com\/fr\/wp-json\/wp\/v2\/tags?post=636285"}],"curies":[{"name":"wp","href":"https:\/\/api.w.org\/{rel}","templated":true}]}}