{"id":636291,"date":"2026-01-02T13:52:17","date_gmt":"2026-01-02T13:52:17","guid":{"rendered":"https:\/\/www.europesays.com\/fr\/636291\/"},"modified":"2026-01-02T13:52:17","modified_gmt":"2026-01-02T13:52:17","slug":"guerre-en-ukraine-le-russie-accuse-kiev-davoir-tue-des-civils-lukraine-assure-ne-frapper-que-des-cibles-militaires-02-01-2026-a-1316","status":"publish","type":"post","link":"https:\/\/www.europesays.com\/fr\/636291\/","title":{"rendered":"Guerre en Ukraine : le Russie accuse Kiev d&rsquo;avoir tu\u00e9 des civils, l&rsquo;Ukraine assure ne frapper que des \u00ab\u00a0cibles militaires\u00a0\u00bb &#8211; 02\/01\/2026 \u00e0 13:16"},"content":{"rendered":"<p> La Russie avait accus\u00e9 jeudi Kiev d&rsquo;avoir frapp\u00e9 un caf\u00e9 et un h\u00f4tel pendant les c\u00e9l\u00e9brations du nouvel an dans le village de Khorly, situ\u00e9 sur une minuscule p\u00e9ninsule de la c\u00f4te de la mer Noire dans la partie occup\u00e9e de la r\u00e9gion ukrainienne de Kherson.<\/p>\n<p>        <img decoding=\"async\" src=\"https:\/\/www.europesays.com\/fr\/wp-content\/uploads\/2026\/01\/6f692c6bca5bf7fa503a93d0c24e7767-760x570.jpg\" alt=\"Photo fournie par le gouverneur de la r\u00e9gion de Kherson nomm\u00e9 par la Russie, Vladimir Saldo, montrant le site d\u2019une attaque de drone contre un h\u00f4tel \u00e0 Khorly, le 1er janvier 2026. ( The Governor of Kherson region Vladimir Saldo \/ - )\" loading=\"eager\" fetchpriority=\"high\" width=\"760\" height=\"570\" style=\"max-width: 100%!important; height: auto;\"\/><\/p>\n<p class=\"c-image-news__legend\">Photo fournie par le gouverneur de la r\u00e9gion de Kherson nomm\u00e9 par la Russie, Vladimir Saldo, montrant le site d\u2019une attaque de drone contre un h\u00f4tel \u00e0 Khorly, le 1er janvier 2026. ( The Governor of Kherson region Vladimir Saldo \/ &#8211; )<\/p>\n<p>\n Un porte-parole de l&rsquo;arm\u00e9e ukrainienne a assur\u00e9 vendredi 2 janvier que les troupes de Kiev ne ciblaient que des \u00ab\u00a0cibles miltiaires\u00a0\u00bb russes, alors que Moscou a accus\u00e9 l&rsquo;Ukraine d&rsquo;avoir tu\u00e9 27 civils lors d&rsquo;une frappe de drones sur un caf\u00e9 et un h\u00f4tel dans une zone occup\u00e9e du sud du pays.\n<\/p>\n<p>\n \u00ab\u00a0Les Forces de d\u00e9fense de l&rsquo;Ukraine respectent les normes du droit international humanitaire et frappent exclusivement des cibles militaires ennemies\u00a0\u00bb, a d\u00e9clar\u00e9 \u00e0 l&rsquo;<\/p>\n<p>  AFP<\/p>\n<p> le porte-parole de l&rsquo;\u00e9tat-major, Dmytro Lykhoviy. Une source au sein des forces de d\u00e9fense ukrainiennes a confirm\u00e9 l&rsquo;attaque \u00e0 l&rsquo;<\/p>\n<p>  AFP<\/p>\n<p> tout en assurant qu&rsquo;elle avait cibl\u00e9 un rassemblement militaire russe dans un site ferm\u00e9 aux civils.\n<\/p>\n<p>\n La Russie avait accus\u00e9 jeudi Kiev d&rsquo;avoir<br \/>\n <a href=\"https:\/\/www.boursorama.com\/actualite-economique\/actualites\/ukraine-moscou-accuse-kiev-d-avoir-tue-24-personnes-avec-des-drones-pendant-les-fetes-du-nouvel-an-1094fa99aabac01115d66570db037806\" title=\"Ukraine: Moscou accuse Kiev d avoir tu\u00e9 24 personnes avec des drones pendant les f\u00eates du nouvel an\" target=\"_blank\" rel=\"noopener\"><br \/>\n  frapp\u00e9 un caf\u00e9 et un h\u00f4tel pendant les c\u00e9l\u00e9brations du nouvel an dans le village de Khorly<br \/>\n <\/a><br \/>\n , situ\u00e9 sur une minuscule p\u00e9ninsule de la c\u00f4te de la mer Noire dans la partie occup\u00e9e de la r\u00e9gion ukrainienne de Kherson. Un nouveau bilan, fourni vendredi par le gouverneur de la r\u00e9gion de Kherson nomm\u00e9 par Moscou, Vladimir Saldo, fait \u00e9tat de<br \/>\n <strong><br \/>\n  la mort de \u00ab\u00a027 civils, dont deux enfants\u00a0\u00bb<br \/>\n <\/strong><br \/>\n . Un pr\u00e9c\u00e9dent bilan jeudi des autorit\u00e9s russes faisait \u00e9tat de 24 morts.\n<\/p>\n<p> \u00ab\u00a0D\u00e9sinformation\u00a0\u00bb<\/p>\n<p>\n La Russie a accus\u00e9 Kiev de \u00ab\u00a0torpiller consciemment toute tentative de recherche de solutions pacifiques au conflit\u00a0\u00bb. Ces accusations interviennent dans un contexte d&rsquo;intenses efforts diplomatiques pilot\u00e9s par les Etats-Unis et visant \u00e0 mettre fin \u00e0 la guerre entre Kiev et Moscou d\u00e9clench\u00e9e il y a presque quatre ans par l&rsquo;invasion russe de l&rsquo;Ukraine, pire conflit arm\u00e9 en Europe depuis la Deuxi\u00e8me Guerre mondiale.\n<\/p>\n<p>\n Kiev a de son c\u00f4t\u00e9 accus\u00e9 Moscou de chercher \u00e0 saper le processus diplomatique avec de la \u00ab\u00a0d\u00e9sinformation\u00a0\u00bb.<br \/>\n <strong><br \/>\n  La Russie a \u00ab\u00a0eu recours \u00e0 plusieurs reprises \u00e0 la d\u00e9sinformation et \u00e0 de fausses d\u00e9clarations<br \/>\n <\/strong><br \/>\n , notamment dans le but d&rsquo;influencer les partenaires internationaux de l&rsquo;Ukraine et le cours des n\u00e9gociations de paix\u00a0\u00bb, a d\u00e9clar\u00e9 Dmytro Lykhoviy.\n<\/p>\n<p>\n Un porte-parole militaire ukrainien, Viktor Tregoubov, s&rsquo;est moqu\u00e9 des accusations russes sur les r\u00e9seaux sociaux jeudi.\n<\/p>\n<p>\n \u00ab\u00a0Alors, qui s\u00e9journait \u00e0 l&rsquo;h\u00f4tel pour le nouvel an dans un village situ\u00e9 pr\u00e8s de la ligne de front, dans la r\u00e9gion de Kherson (&#8230;)? Bien s\u00fbr, c&rsquo;\u00e9tait la population locale ! Ils vont toujours dans des h\u00f4tels pour le nouvel an ! Les plages de Kherson sont particuli\u00e8rement accueillantes \u00e0 moins quatre degr\u00e9s\u00a0\u00bb, a-t-il ironis\u00e9 sur Facebook.\n<\/p>\n<p>\n Un communiqu\u00e9 de l&rsquo;\u00e9tat-major publi\u00e9 jeudi matin a mentionn\u00e9 des frappes ukrainiennes ayant \u00ab\u00a0touch\u00e9 deux zones de concentration de personnel militaire et un poste de commandement de drones ennemi\u00a0\u00bb, sans toutefois les localiser.<\/p>\n","protected":false},"excerpt":{"rendered":"La Russie avait accus\u00e9 jeudi Kiev d&rsquo;avoir frapp\u00e9 un caf\u00e9 et un h\u00f4tel pendant les c\u00e9l\u00e9brations du nouvel&hellip;\n","protected":false},"author":2,"featured_media":636292,"comment_status":"","ping_status":"","sticky":false,"template":"","format":"standard","meta":{"footnotes":""},"categories":[1591],"tags":[400,11,398,408,405,1887,403,402,399,404,12,1885,1886,132,401,406,407],"class_list":{"0":"post-636291","1":"post","2":"type-post","3":"status-publish","4":"format-standard","5":"has-post-thumbnail","7":"category-russie","8":"tag-action-cac-40","9":"tag-actualites","10":"tag-bourse-de-paris","11":"tag-boursorama","12":"tag-cotations","13":"tag-federation-de-russie","14":"tag-indices-devises","15":"tag-investir","16":"tag-investissement","17":"tag-marche-boursier","18":"tag-news","19":"tag-russia","20":"tag-russian-federation","21":"tag-russie","22":"tag-sicav","23":"tag-trackers","24":"tag-warrants"},"share_on_mastodon":{"url":"https:\/\/pubeurope.com\/@fr\/115825838953267324","error":""},"_links":{"self":[{"href":"https:\/\/www.europesays.com\/fr\/wp-json\/wp\/v2\/posts\/636291","targetHints":{"allow":["GET"]}}],"collection":[{"href":"https:\/\/www.europesays.com\/fr\/wp-json\/wp\/v2\/posts"}],"about":[{"href":"https:\/\/www.europesays.com\/fr\/wp-json\/wp\/v2\/types\/post"}],"author":[{"embeddable":true,"href":"https:\/\/www.europesays.com\/fr\/wp-json\/wp\/v2\/users\/2"}],"replies":[{"embeddable":true,"href":"https:\/\/www.europesays.com\/fr\/wp-json\/wp\/v2\/comments?post=636291"}],"version-history":[{"count":0,"href":"https:\/\/www.europesays.com\/fr\/wp-json\/wp\/v2\/posts\/636291\/revisions"}],"wp:featuredmedia":[{"embeddable":true,"href":"https:\/\/www.europesays.com\/fr\/wp-json\/wp\/v2\/media\/636292"}],"wp:attachment":[{"href":"https:\/\/www.europesays.com\/fr\/wp-json\/wp\/v2\/media?parent=636291"}],"wp:term":[{"taxonomy":"category","embeddable":true,"href":"https:\/\/www.europesays.com\/fr\/wp-json\/wp\/v2\/categories?post=636291"},{"taxonomy":"post_tag","embeddable":true,"href":"https:\/\/www.europesays.com\/fr\/wp-json\/wp\/v2\/tags?post=636291"}],"curies":[{"name":"wp","href":"https:\/\/api.w.org\/{rel}","templated":true}]}}