{"id":636295,"date":"2026-01-02T13:54:12","date_gmt":"2026-01-02T13:54:12","guid":{"rendered":"https:\/\/www.europesays.com\/fr\/636295\/"},"modified":"2026-01-02T13:54:12","modified_gmt":"2026-01-02T13:54:12","slug":"mercedes-va-presenter-un-glc-tout-electrique-taille-pour-les-usa-au-ces-de-las-vegas","status":"publish","type":"post","link":"https:\/\/www.europesays.com\/fr\/636295\/","title":{"rendered":"Mercedes va pr\u00e9senter un GLC tout \u00e9lectrique taill\u00e9 pour les USA au CES de Las Vegas"},"content":{"rendered":"<p>\n                            Mercedes-Benz a pr\u00e9vu de d\u00e9voiler lors du Consumer Electronics Show (CES) de Las Vegas une version \u00e9lectrique destin\u00e9e au march\u00e9 am\u00e9ricain de son SUV de luxe GLC, l&rsquo;un de ses mod\u00e8les les plus vendus aux \u00c9tats-Unis.\n                    <\/p>\n<p>                    Dans un communiqu\u00e9, le constructeur automobile haut de gamme \u00e9voque une \u00e9tape \u00ab\u00a0majeure\u00a0\u00bb devant marquer le prochain chapitre de ce \u00ab\u00a0best-seller\u00a0\u00bb qui a d\u00e9fini son succ\u00e8s aux Etats-Unis.<\/p>\n<p>Pour ce faire, le groupe allemand compte pr\u00e9senter un tout nouveau \u00e9lectrique dot\u00e9 d&rsquo;une multitude d&rsquo;innovations destin\u00e9es \u00e0 am\u00e9liorer l&rsquo;exp\u00e9rience-conduite, dont une plateforme d&rsquo;exploitation MB.OS aliment\u00e9e par l&rsquo;IA, un \u00e9cran \u00ab\u00a0Hyperscreen\u00a0\u00bb de 39,1 pouces, le plus grand con\u00e7u par Mercedes-Benz \u00e0 ce jour, et un int\u00e9rieur v\u00e9gan certifi\u00e9.<\/p>\n<p>Le v\u00e9hicule propose \u00e9galement d&rsquo;autres fonctionnalit\u00e9s avanc\u00e9es telles que la suspension pneumatique intelligente et le premier syst\u00e8me d&rsquo;info divertissement embarqu\u00e9 au monde \u00e0 int\u00e9grer l&rsquo;IA de Microsoft et Google, ainsi qu&rsquo;un syst\u00e8me de charge de 800 volts assurant une recharge rapide, mais aussi des technologies d&rsquo;assistance \u00e0 la conduite de nouvelle g\u00e9n\u00e9ration .<\/p>\n<p>Le v\u00e9hicule doit afficher une puissance de 483 chevaux pour une autonomie estim\u00e9e allant jusqu&rsquo;\u00e0 713 km.<\/p>\n<p>Le groupe explique qu&rsquo;il pr\u00e9voit d&rsquo;\u00e9largir la gamme GLC aux Etats-Unis \u00e0 partir du second semestre 2026.<\/p>\n<p>En parall\u00e8le du tout nouveau GLC \u00e9lectrique, qui sera officiellement pr\u00e9sent\u00e9 la semaine prochaine au Dolby Live Theater de Las Vegas, Mercedes compte aussi lever le voile sur son coup\u00e9 CLA de nouvelle g\u00e9n\u00e9ration imagin\u00e9 en partenariat avec Nvidia, qui prend d\u00e9sormais en charge ses syst\u00e8mes avanc\u00e9s d&rsquo;assistance \u00e0 la conduite \u00e0 partir de ses technologies d&rsquo;IA, de logiciels et de calcul acc\u00e9l\u00e9r\u00e9.<\/p>\n<p>Avec ce dispositif, l&rsquo;assistance \u00e0 la conduite et la navigation fusionnent d\u00e9sormais afin de permettre, avec une simple pression sur un bouton, au v\u00e9hicule de naviguer dans les rues de la ville, du parking \u00e0 la destination, gr\u00e2ce \u00e0 une assistance avanc\u00e9e dite \u00ab\u00a0SAE-Niveau 2\u00a0\u00bb.<\/p>\n<p>Copyright (c) 2025 Zonebourse.com &#8211; All rights reserved.<\/p>\n","protected":false},"excerpt":{"rendered":"Mercedes-Benz a pr\u00e9vu de d\u00e9voiler lors du Consumer Electronics Show (CES) de Las Vegas une version \u00e9lectrique destin\u00e9e&hellip;\n","protected":false},"author":2,"featured_media":636296,"comment_status":"","ping_status":"","sticky":false,"template":"","format":"standard","meta":{"footnotes":""},"categories":[1589],"tags":[11,340,73,1866,12,1864,1865,1863,308],"class_list":{"0":"post-636295","1":"post","2":"type-post","3":"status-publish","4":"format-standard","5":"has-post-thumbnail","7":"category-etats-unis","8":"tag-actualites","9":"tag-bourse","10":"tag-etats-unis","11":"tag-etats-unis-damerique","12":"tag-news","13":"tag-united-states","14":"tag-united-states-of-america","15":"tag-us","16":"tag-usa"},"share_on_mastodon":{"url":"https:\/\/pubeurope.com\/@fr\/115825846808308572","error":""},"_links":{"self":[{"href":"https:\/\/www.europesays.com\/fr\/wp-json\/wp\/v2\/posts\/636295","targetHints":{"allow":["GET"]}}],"collection":[{"href":"https:\/\/www.europesays.com\/fr\/wp-json\/wp\/v2\/posts"}],"about":[{"href":"https:\/\/www.europesays.com\/fr\/wp-json\/wp\/v2\/types\/post"}],"author":[{"embeddable":true,"href":"https:\/\/www.europesays.com\/fr\/wp-json\/wp\/v2\/users\/2"}],"replies":[{"embeddable":true,"href":"https:\/\/www.europesays.com\/fr\/wp-json\/wp\/v2\/comments?post=636295"}],"version-history":[{"count":0,"href":"https:\/\/www.europesays.com\/fr\/wp-json\/wp\/v2\/posts\/636295\/revisions"}],"wp:featuredmedia":[{"embeddable":true,"href":"https:\/\/www.europesays.com\/fr\/wp-json\/wp\/v2\/media\/636296"}],"wp:attachment":[{"href":"https:\/\/www.europesays.com\/fr\/wp-json\/wp\/v2\/media?parent=636295"}],"wp:term":[{"taxonomy":"category","embeddable":true,"href":"https:\/\/www.europesays.com\/fr\/wp-json\/wp\/v2\/categories?post=636295"},{"taxonomy":"post_tag","embeddable":true,"href":"https:\/\/www.europesays.com\/fr\/wp-json\/wp\/v2\/tags?post=636295"}],"curies":[{"name":"wp","href":"https:\/\/api.w.org\/{rel}","templated":true}]}}