{"id":636297,"date":"2026-01-02T13:55:27","date_gmt":"2026-01-02T13:55:27","guid":{"rendered":"https:\/\/www.europesays.com\/fr\/636297\/"},"modified":"2026-01-02T13:55:27","modified_gmt":"2026-01-02T13:55:27","slug":"hausse-du-nombre-darrivees-de-migrants-par-la-manche-en-2025","status":"publish","type":"post","link":"https:\/\/www.europesays.com\/fr\/636297\/","title":{"rendered":"hausse du nombre d&rsquo;arriv\u00e9es de migrants par la Manche en 2025"},"content":{"rendered":"<p>Le nombre de migrants d\u00e9barqu\u00e9s sur les c\u00f4tes britanniques \u00e0 bord de petites embarcations est le deuxi\u00e8me plus \u00e9lev\u00e9 enregistr\u00e9 depuis le 2018.<\/p>\n<p>L\u2019an dernier, <a href=\"https:\/\/www.lecourrierdelatlas.com\/traverser-la-manche-record-du-nombre-de-migrants-depuis-janvier\/\" target=\"_blank\" rel=\"noopener\">41 472 migrants ont entrepris la travers\u00e9e de la Manche<\/a> depuis la France. C\u2019est le deuxi\u00e8me nombre le plus \u00e9lev\u00e9 apr\u00e8s le record de 45 774 enregistr\u00e9 en 2022, selon les donn\u00e9es du minist\u00e8re britannique de l\u2019int\u00e9rieur. Ces travers\u00e9es occasionnent de <a href=\"https:\/\/www.lecourrierdelatlas.com\/des-passeurs-juges-pour-un-naufrage-dans-la-manche-en-2023\/\" target=\"_blank\" rel=\"noopener\">nombreux naufrages<\/a>. Au moins 29 migrants ont p\u00e9ri en mer pendant l\u2019ann\u00e9e \u00e9coul\u00e9e.<\/p>\n<p>\u00ab\u00a0Arr\u00eater les bateaux\u00a0\u00bb<\/p>\n<p>La hausse du nombre des arriv\u00e9es est une mauvaise nouvelle pour le gouvernement du Premier ministre, Keir Starmer, qui a pris ses fonctions en juillet 2024 et qui est confront\u00e9 \u00e0 la mont\u00e9e du parti anti-immigration Reform UK de Nigel Farage.<\/p>\n<p>Ce dernier caracole en t\u00eate des sondages d\u2019opinion depuis plusieurs mois et compte capitaliser sur l\u2019impopularit\u00e9 de l\u2019ex\u00e9cutif pour engranger de nouveaux succ\u00e8s aux \u00e9lections locales de mai prochain.<\/p>\n<p>Le pr\u00e9c\u00e9dent gouvernement, celui conservateur de <a href=\"https:\/\/www.lecourrierdelatlas.com\/tag\/loi-rwanda\/\" target=\"_blank\" rel=\"noopener\">Rishi Sunak, avait promis, sans succ\u00e8s, d\u2019\u00ab\u00a0arr\u00eater les bateaux\u00a0\u00bb<\/a>. <a href=\"https:\/\/www.lecourrierdelatlas.com\/migration-au-royaume-uni-budget-double-pour-la-lutte-contre-les-passeurs\/\" target=\"_blank\" rel=\"noopener\">Keir Starmer s\u2019est quant \u00e0 lui engag\u00e9 \u00e0 \u00ab\u00a0d\u00e9manteler les gangs\u00a0\u00bb<\/a> de passeurs, sans plus de r\u00e9sultats jusqu\u2019\u00e0 pr\u00e9sent.<\/p>\n<p>Retour forc\u00e9<\/p>\n<p>L\u2019ex\u00e9cutif travailliste a annonc\u00e9 une s\u00e9rie de mesures restrictives en mati\u00e8re d\u2019immigration et de droit d\u2019asile, alors que les demandes d\u2019asile ont atteint un niveau record : plus de 110 000 sur la p\u00e9riode octobre 2024-septembre 2025.<\/p>\n<p>Il a conclu l\u2019\u00e9t\u00e9 dernier avec la France un <a href=\"https:\/\/www.lecourrierdelatlas.com\/accord-migratoire-franco-britannique-premiers-echanges-de-migrants-et-contexte-explosif\/\" target=\"_blank\" rel=\"noopener\">accord<\/a> consistant \u00e0 renvoyer vers ce pays les migrants arriv\u00e9s \u00e0 bord de petites embarcations, en \u00e9change de l\u2019accueil par le Royaume-Uni, dans le cadre d\u2019une voie d\u2019admission l\u00e9gale, de migrants se trouvant sur le territoire fran\u00e7ais.<\/p>\n<p>Ce m\u00e9canisme, <a href=\"https:\/\/www.lecourrierdelatlas.com\/migration-accord-franco-britannique-15-organisations-saisissent-le-conseil-detat\/\" target=\"_blank\" rel=\"noopener\">contest\u00e9 par les organisations de d\u00e9fense des droits humains<\/a>, n\u2019a pour l\u2019instant pas dissuad\u00e9 les candidats aux travers\u00e9es. Il a jusqu\u2019ici d\u00e9bouch\u00e9 sur le retour forc\u00e9 vers la France de 153 personnes et l\u2019admission par le Royaume-Uni de 134 autres, selon les donn\u00e9es communiqu\u00e9es du Home Office.<\/p>\n<p>\u00a0<\/p>\n","protected":false},"excerpt":{"rendered":"Le nombre de migrants d\u00e9barqu\u00e9s sur les c\u00f4tes britanniques \u00e0 bord de petites embarcations est le deuxi\u00e8me plus&hellip;\n","protected":false},"author":2,"featured_media":636298,"comment_status":"","ping_status":"","sticky":false,"template":"","format":"standard","meta":{"footnotes":""},"categories":[1588],"tags":[11,34267,4625,1777,674,74371,1061,2581,14653,6059,35597,12,10669,74372,34900,18053,473,1853,1851,1850,1852],"class_list":{"0":"post-636297","1":"post","2":"type-post","3":"status-publish","4":"format-standard","5":"has-post-thumbnail","7":"category-royaume-uni","8":"tag-actualites","9":"tag-droit-dasile","10":"tag-droits-humains","11":"tag-eu","12":"tag-europe","13":"tag-france-royaume-uni","14":"tag-immigration","15":"tag-keir-starmer","16":"tag-manche","17":"tag-migration","18":"tag-naufrages","19":"tag-news","20":"tag-nigel-farage","21":"tag-petites-embarcations","22":"tag-politiques-migratoires","23":"tag-reform-uk","24":"tag-royaume-uni","25":"tag-royaume-uni-de-grande-bretagne-et-dirlande-du-nord","26":"tag-uk","27":"tag-united-kingdom","28":"tag-united-kingdom-of-great-britain-and-northern-ireland"},"share_on_mastodon":{"url":"https:\/\/pubeurope.com\/@fr\/115825850761770357","error":""},"_links":{"self":[{"href":"https:\/\/www.europesays.com\/fr\/wp-json\/wp\/v2\/posts\/636297","targetHints":{"allow":["GET"]}}],"collection":[{"href":"https:\/\/www.europesays.com\/fr\/wp-json\/wp\/v2\/posts"}],"about":[{"href":"https:\/\/www.europesays.com\/fr\/wp-json\/wp\/v2\/types\/post"}],"author":[{"embeddable":true,"href":"https:\/\/www.europesays.com\/fr\/wp-json\/wp\/v2\/users\/2"}],"replies":[{"embeddable":true,"href":"https:\/\/www.europesays.com\/fr\/wp-json\/wp\/v2\/comments?post=636297"}],"version-history":[{"count":0,"href":"https:\/\/www.europesays.com\/fr\/wp-json\/wp\/v2\/posts\/636297\/revisions"}],"wp:featuredmedia":[{"embeddable":true,"href":"https:\/\/www.europesays.com\/fr\/wp-json\/wp\/v2\/media\/636298"}],"wp:attachment":[{"href":"https:\/\/www.europesays.com\/fr\/wp-json\/wp\/v2\/media?parent=636297"}],"wp:term":[{"taxonomy":"category","embeddable":true,"href":"https:\/\/www.europesays.com\/fr\/wp-json\/wp\/v2\/categories?post=636297"},{"taxonomy":"post_tag","embeddable":true,"href":"https:\/\/www.europesays.com\/fr\/wp-json\/wp\/v2\/tags?post=636297"}],"curies":[{"name":"wp","href":"https:\/\/api.w.org\/{rel}","templated":true}]}}