{"id":6363,"date":"2025-04-06T22:19:14","date_gmt":"2025-04-06T22:19:14","guid":{"rendered":"https:\/\/www.europesays.com\/fr\/6363\/"},"modified":"2025-04-06T22:19:14","modified_gmt":"2025-04-06T22:19:14","slug":"un-chroniqueur-vire-dans-la-nouvelle-version-sur-w9-il-est-soupconne-de-mensonges-il-nen-sait-rien","status":"publish","type":"post","link":"https:\/\/www.europesays.com\/fr\/6363\/","title":{"rendered":"un chroniqueur vir\u00e9 dans la nouvelle version sur W9 ? Il est soup\u00e7onn\u00e9 de mensonges, \u00ab\u00a0Il n&rsquo;en sait rien&#8230;\u00a0\u00bb"},"content":{"rendered":"<p>Alors que le public se demande si Kelly Vedovelli rejoindra vraiment Cyril Hanouna dans sa nouvelle aventure sur W9, c&rsquo;est un autre chroniqueur qui pourrait en \u00eatre absent. Tandis que le groupe M6 ne veut pas de pol\u00e9miques avec la nouvelle version \u00e0 venir de TPMP, Fabien Lecoeuvre est accus\u00e9 de mensonges ou d&rsquo;exag\u00e9rer les v\u00e9rit\u00e9s&#8230;<\/p>\n<p>Malgr\u00e9 la fermeture de C8 et la r\u00e9cente fin de son aventure en streaming, <strong>Cyril Hanouna<\/strong> ne va pas vraiment dispara\u00eetre de nos \u00e9crans. En r\u00e9alit\u00e9, c&rsquo;est du c\u00f4t\u00e9 de W9 qu&rsquo;on le retrouvera avec une nouvelle \u00e9mission, probablement dans la lign\u00e9e de TPMP. Et alors que les dirigeants du Groupe M6 souhaiteraient avoir leur mot \u00e0 dire sur la future bande de l&rsquo;animateur, on ne serait pas surpris de constater l&rsquo;absence de l&rsquo;un de ses chroniqueurs habituels.<\/p>\n<p>Non, on ne parle pas de Bernard Montiel qui a r\u00e9cemment confi\u00e9 avoir parfois du mal avec le style du pr\u00e9sentateur, mais de <strong>Fabien Lecoeuvre<\/strong>. Pr\u00e9sent\u00e9 comme le sp\u00e9cialiste des stars en France, le chroniqueur &#8211; qui avait fait scandale suite \u00e0 ses propos d\u00e9plac\u00e9s \u00e0 l&rsquo;encontre d&rsquo;Hoshi en 2021, serait en r\u00e9alit\u00e9 tr\u00e8s loin de ma\u00eetriser son sujet. Au contraire, il serait m\u00eame plut\u00f4t du genre \u00e0 r\u00e9\u00e9crire la v\u00e9rit\u00e9.<\/p>\n<p>Un chroniqueur de TPMP adepte des mensonges ?<\/p>\n<p>C&rsquo;est en effet ce que vient de sous-entendre Laurence Boccolini dans Showtime &#8211; souvenirs du chaos, son livre publi\u00e9 le 2 avril dernier. Au d\u00e9tour de quelques lignes, l&rsquo;animatrice de France 2 n&rsquo;a pas h\u00e9sit\u00e9 \u00e0 remettre en cause la l\u00e9gitimit\u00e9 du chroniqueur d&rsquo;Hanouna. Alors que, dans sa biographie, elle rebondissait sur sa mortalit\u00e9 apr\u00e8s la d\u00e9couverte d&rsquo;une tumeur, Laurence Boccolini a \u00e9crit au sujet de son futur testament : \u00ab\u00a0Il faut absolument que je fasse mentionner quelque part que <strong>je&#8230;<\/p>\n<p><a href=\"https:\/\/www.purebreak.com\/news\/tpmp-un-chroniqueur-vire-dans-la-nouvelle-version-sur-w9-il-est-soupconne-de-mensonges-il-nen-sait-rien\/253394\" rel=\"nofollow noopener\" target=\"_blank\" data-ylk=\"slk:Lire la suite;elm:context_link;itc:0;sec:content-canvas\" class=\"link \">Lire la suite<\/a><\/p>\n<p>\u00c0 lire aussi<\/p>\n<p><a href=\"https:\/\/www.purebreak.com\/news\/cyril-hanouna-pret-a-lacher-w9-pour-reprendre-tpmp-sans-censure-ailleurs-un-chroniqueur-reagit-on-ne-sait-jamais\/253346\" rel=\"nofollow noopener\" target=\"_blank\" data-ylk=\"slk:Cyril Hanouna pr\u00eat \u00e0 l\u00e2cher W9 pour reprendre TPMP sans censure ailleurs ? Un chroniqueur r\u00e9agit, &quot;On ne sait jamais...&quot;;elm:context_link;itc:0;sec:content-canvas\" class=\"link \">Cyril Hanouna pr\u00eat \u00e0 l\u00e2cher W9 pour reprendre TPMP sans censure ailleurs ? Un chroniqueur r\u00e9agit, \u00ab\u00a0On ne sait jamais&#8230;\u00a0\u00bb<\/a><br \/><a href=\"https:\/\/www.purebreak.com\/news\/il-y-a-un-manque-a-gagner-les-chroniqueurs-de-tpmp-sous-payes-dans-la-nouvelle-version-la-mise-au-point-dhanouna-sur-les-salaires\/252998\" rel=\"nofollow noopener\" target=\"_blank\" data-ylk=\"slk:&quot;Il y a un manque \u00e0 gagner&quot; : les chroniqueurs de TPMP sous-pay\u00e9s dans la nouvelle version ? La mise au point d&#039;Hanouna sur les salaires;elm:context_link;itc:0;sec:content-canvas\" class=\"link \">\u00ab\u00a0Il y a un manque \u00e0 gagner\u00a0\u00bb : les chroniqueurs de TPMP sous-pay\u00e9s dans la nouvelle version ? La mise au point d&rsquo;Hanouna sur les salaires<\/a><br \/><a href=\"https:\/\/www.purebreak.com\/news\/tpmp-nouvelle-version-cyril-hanouna-lache-par-une-chroniqueuse-jordan-de-luxe-recrute-en-derniere-minute\/252987\" rel=\"nofollow noopener\" target=\"_blank\" data-ylk=\"slk:TPMP nouvelle version : Cyril Hanouna l\u00e2ch\u00e9 par une chroniqueuse, Jordan de Luxe recrut\u00e9 en derni\u00e8re minute;elm:context_link;itc:0;sec:content-canvas\" class=\"link \">TPMP nouvelle version : Cyril Hanouna l\u00e2ch\u00e9 par une chroniqueuse, Jordan de Luxe recrut\u00e9 en derni\u00e8re minute<\/a><\/p>\n<p><\/strong><\/p>\n","protected":false},"excerpt":{"rendered":"Alors que le public se demande si Kelly Vedovelli rejoindra vraiment Cyril Hanouna dans sa nouvelle aventure sur&hellip;\n","protected":false},"author":2,"featured_media":6364,"comment_status":"","ping_status":"","sticky":false,"template":"","format":"standard","meta":{"footnotes":""},"categories":[1356],"tags":[3720,3721,1083,58,59,3719,1011,27,1675,3219,252,550,1364,2395],"class_list":{"0":"post-6363","1":"post","2":"type-post","3":"status-publish","4":"format-standard","5":"has-post-thumbnail","7":"category-television","8":"tag-bernard-montiel","9":"tag-chroniqueur","10":"tag-cyril-hanouna","11":"tag-divertissement","12":"tag-entertainment","13":"tag-fabien-lecoeuvre","14":"tag-fr","15":"tag-france","16":"tag-kelly-vedovelli","17":"tag-laurence-boccolini","18":"tag-television","19":"tag-tpmp","20":"tag-tv","21":"tag-w9"},"share_on_mastodon":{"url":"https:\/\/pubeurope.com\/@fr\/114293346368608631","error":""},"_links":{"self":[{"href":"https:\/\/www.europesays.com\/fr\/wp-json\/wp\/v2\/posts\/6363","targetHints":{"allow":["GET"]}}],"collection":[{"href":"https:\/\/www.europesays.com\/fr\/wp-json\/wp\/v2\/posts"}],"about":[{"href":"https:\/\/www.europesays.com\/fr\/wp-json\/wp\/v2\/types\/post"}],"author":[{"embeddable":true,"href":"https:\/\/www.europesays.com\/fr\/wp-json\/wp\/v2\/users\/2"}],"replies":[{"embeddable":true,"href":"https:\/\/www.europesays.com\/fr\/wp-json\/wp\/v2\/comments?post=6363"}],"version-history":[{"count":0,"href":"https:\/\/www.europesays.com\/fr\/wp-json\/wp\/v2\/posts\/6363\/revisions"}],"wp:featuredmedia":[{"embeddable":true,"href":"https:\/\/www.europesays.com\/fr\/wp-json\/wp\/v2\/media\/6364"}],"wp:attachment":[{"href":"https:\/\/www.europesays.com\/fr\/wp-json\/wp\/v2\/media?parent=6363"}],"wp:term":[{"taxonomy":"category","embeddable":true,"href":"https:\/\/www.europesays.com\/fr\/wp-json\/wp\/v2\/categories?post=6363"},{"taxonomy":"post_tag","embeddable":true,"href":"https:\/\/www.europesays.com\/fr\/wp-json\/wp\/v2\/tags?post=6363"}],"curies":[{"name":"wp","href":"https:\/\/api.w.org\/{rel}","templated":true}]}}