{"id":636301,"date":"2026-01-02T13:57:12","date_gmt":"2026-01-02T13:57:12","guid":{"rendered":"https:\/\/www.europesays.com\/fr\/636301\/"},"modified":"2026-01-02T13:57:12","modified_gmt":"2026-01-02T13:57:12","slug":"en-2020-il-nous-avait-raconte-avec-passion-son-projet-de-recreer-une-foret-primaire-en-europe","status":"publish","type":"post","link":"https:\/\/www.europesays.com\/fr\/636301\/","title":{"rendered":"en 2020, il nous avait racont\u00e9 avec passion son projet de recr\u00e9er une for\u00eat primaire en Europe"},"content":{"rendered":"<p>      <img fetchpriority=\"high\" decoding=\"async\" class=\"mx-auto\" src=\"data:image\/svg+xml,%3Csvg%20xmlns%3D%27http%3A%2F%2Fwww.w3.org%2F2000%2Fsvg%27%20fill%3D%22%23e4e4e4%22%20viewBox%3D%270%200%20510%20340%27%20width%3D%22510%22%20height%3D%22340%22%3E%3Cpath%20d%3D%27M0%200h510v340H0z%27%2F%3E%3C%2Fsvg%3E\"  loading=\"eager\" width=\"510\" height=\"340\" data-oncrawl-image-size=\"510x340\" alt=\"Francis Hall\u00e9 \u00e0 Paris, le 5 novembre 2013.\"\/>      <\/p>\n<p class=\"latino-100m text-grey-600\">\n            Francis Hall\u00e9 \u00e0 Paris, le 5 novembre 2013.\u00a0THOMAS SAMSON \/ AFP        <\/p>\n<p>        Lire\u00a0plus\u00a0tard      <\/p>\n<p><a aria-label=\"Nous suivre sur Google News\" href=\"https:\/\/news.google.com\/publications\/CAAqBwgKMJe4nQkw3dFs?hl=fr&amp;gl=FR&amp;ceid=FR%3Afr\" target=\"_blank\" data-piano=\"Page_Article,Sous_date_publi,Nous_suivre_sur_google_news,1er_clic,action\" class=\"btn btn--small btn--tertiary btn--icon-only\" rel=\"noopener\"><\/p>\n<p>      Google Actualit\u00e9s<br \/>\n  <\/a><\/p>\n<p>  Partager<\/p>\n<p>        Facebook<\/p>\n<p>        Bluesky<\/p>\n<p>        E-mail<\/p>\n<p>        Copier le lien<\/p>\n<p>      Envoyer<\/p>\n<p>      S\u2019abonner pour lire    <\/p>\n<p class=\"node__paragraphe antonia-750r text-grey-800 pb-24 pb-md-32\">\nLe botaniste fran\u00e7ais Francis Hall\u00e9, ardent d\u00e9fenseur des for\u00eats tropicales primaires, est mort le 31\u00a0d\u00e9cembre 2025 \u00e0 87 ans, a annonc\u00e9 vendredi l\u2019association Francis Hall\u00e9. \u00ab\u00a0Il a largement contribu\u00e9 \u00e0 mieux faire conna\u00eetre les arbres et surtout les for\u00eats primaires qu\u2019il a \u00e9tudi\u00e9es toute sa vie durant\u00a0\u00bb, a \u00e9crit l\u2019association, louant\u00a0\u00ab\u00a0un grand explorateur du vivant\u00a0\u00bb. En d\u00e9cembre 2020, il nous avait accord\u00e9 cet entretien \u00e0 propos de son projet de recr\u00e9er en Europe une for\u00eat primaire &#8211; c\u2019est-\u00e0-dire totalement inexploit\u00e9e par l\u2019homme -, que nous republions aujourd\u2019hui.<\/p>\n<p>Francis Hall\u00e9 veut recr\u00e9er une for\u00eat primaire en Europe\u00a0: \u00ab\u00a0Elle sera un don aux g\u00e9n\u00e9rations futures\u00a0\u00bb<\/p>\n<p class=\"node__paragraphe antonia-750r text-grey-800 pb-8\">\nC\u2019est un d\u00e9fi qui, par le temps extr\u00eamement long que sa r\u00e9alisation n\u00e9cessite, fait un peu penser \u00e0 l\u2019\u00e9dification des cath\u00e9drales, quand, il y a plusieurs si\u00e8cles, les hommes entamaient une construc\u2026<\/p>\n<p>      <img loading=\"lazy\" decoding=\"async\" class=\"floating-img\" src=\"https:\/\/www.europesays.com\/fr\/wp-content\/uploads\/2025\/12\/luge.png\" width=\"116\" height=\"83\" alt=\"\"\/><\/p>\n<p class=\"latino-100m\">Article r\u00e9serv\u00e9 aux abonn\u00e9s.<\/p>\n<p>        Se connecter      <\/p>\n<p class=\"title text-center\" style=\"margin-bottom:4px;\">Le cadeau qui \u00e9clairera votre ann\u00e9e<\/p>\n<p class=\"description pb-8 pb-md-16 text-center\">Tous nos contenus exclusifs en acc\u00e8s illimit\u00e9<\/p>\n<p>            S\u2019abonner\u00a0: 7,99\u20ac 3,99\u20ac\/mois                          pendant 1 an                      <\/p>\n<p class=\"or d-none d-md-flex\">ou<\/p>\n<p>                        <img width=\"164\" height=\"20\" src=\"data:image\/svg+xml,%3Csvg%20xmlns%3D%27http%3A%2F%2Fwww.w3.org%2F2000%2Fsvg%27%20fill%3D%22%23e4e4e4%22%20viewBox%3D%270%200%20282%2054%27%20width%3D%22282%22%20height%3D%2254%22%3E%3Cpath%20d%3D%27M0%200h282v54H0z%27%2F%3E%3C%2Fsvg%3E\"  class=\"js-swg-placeholder\" alt=\"Subscribe with Google\" loading=\"lazy\" decoding=\"async\"\/><\/p>\n","protected":false},"excerpt":{"rendered":"Francis Hall\u00e9 \u00e0 Paris, le 5 novembre 2013.\u00a0THOMAS SAMSON \/ AFP Lire\u00a0plus\u00a0tard Google Actualit\u00e9s Partager Facebook Bluesky E-mail&hellip;\n","protected":false},"author":2,"featured_media":636302,"comment_status":"","ping_status":"","sticky":false,"template":"","format":"standard","meta":{"footnotes":""},"categories":[1586],"tags":[67544,5734,11,74374,32636,1777,674,1011,27,61092,8068,18,12,9580,9068,25,104],"class_list":{"0":"post-636301","1":"post","2":"type-post","3":"status-publish","4":"format-standard","5":"has-post-thumbnail","7":"category-europe","8":"tag-67544","9":"tag-5734","10":"tag-actualites","11":"tag-botaniste","12":"tag-ecoloobs","13":"tag-eu","14":"tag-europe","15":"tag-fr","16":"tag-france","17":"tag-francis","18":"tag-halle","19":"tag-mort","20":"tag-news","21":"tag-passion","22":"tag-raconte","23":"tag-republique-francaise","24":"tag-societe"},"share_on_mastodon":{"url":"https:\/\/pubeurope.com\/@fr\/115825858628368052","error":""},"_links":{"self":[{"href":"https:\/\/www.europesays.com\/fr\/wp-json\/wp\/v2\/posts\/636301","targetHints":{"allow":["GET"]}}],"collection":[{"href":"https:\/\/www.europesays.com\/fr\/wp-json\/wp\/v2\/posts"}],"about":[{"href":"https:\/\/www.europesays.com\/fr\/wp-json\/wp\/v2\/types\/post"}],"author":[{"embeddable":true,"href":"https:\/\/www.europesays.com\/fr\/wp-json\/wp\/v2\/users\/2"}],"replies":[{"embeddable":true,"href":"https:\/\/www.europesays.com\/fr\/wp-json\/wp\/v2\/comments?post=636301"}],"version-history":[{"count":0,"href":"https:\/\/www.europesays.com\/fr\/wp-json\/wp\/v2\/posts\/636301\/revisions"}],"wp:featuredmedia":[{"embeddable":true,"href":"https:\/\/www.europesays.com\/fr\/wp-json\/wp\/v2\/media\/636302"}],"wp:attachment":[{"href":"https:\/\/www.europesays.com\/fr\/wp-json\/wp\/v2\/media?parent=636301"}],"wp:term":[{"taxonomy":"category","embeddable":true,"href":"https:\/\/www.europesays.com\/fr\/wp-json\/wp\/v2\/categories?post=636301"},{"taxonomy":"post_tag","embeddable":true,"href":"https:\/\/www.europesays.com\/fr\/wp-json\/wp\/v2\/tags?post=636301"}],"curies":[{"name":"wp","href":"https:\/\/api.w.org\/{rel}","templated":true}]}}