{"id":636308,"date":"2026-01-02T14:01:15","date_gmt":"2026-01-02T14:01:15","guid":{"rendered":"https:\/\/www.europesays.com\/fr\/636308\/"},"modified":"2026-01-02T14:01:15","modified_gmt":"2026-01-02T14:01:15","slug":"meteo-france-annonce-de-la-neige-dans-le-rhone-voici-les-secteurs-concernes","status":"publish","type":"post","link":"https:\/\/www.europesays.com\/fr\/636308\/","title":{"rendered":"M\u00e9t\u00e9o-France annonce de la neige dans le Rh\u00f4ne : voici les secteurs concern\u00e9s"},"content":{"rendered":"<p>                    Par<br \/>\n        <strong><br \/>\n            <a href=\"https:\/\/actu.fr\/auteur\/anthony-soudani\" title=\"Consulter tous les articles de Anthony Soudani\" target=\"_blank\" rel=\"noopener\">Anthony Soudani<\/a><br \/>\n                    <\/strong><\/p>\n<p>        Publi\u00e9 le<\/p>\n<p>            2 janv. 2026 \u00e0 12h47        <\/p>\n<p>De la <a href=\"https:\/\/actu.fr\/auvergne-rhone-alpes\/lyon_69123\/des-chutes-de-neige-possibles-a-lyon-et-dans-la-region-un-expert-meteo-donne-la-tendance_63636324.html\" target=\"_blank\" rel=\"noopener\">neige \u00e0 Lyon<\/a> et dans le Rh\u00f4ne pour commencer l\u2019ann\u00e9e 2026 ? D\u2019apr\u00e8s le site de M\u00e9t\u00e9o-France, c\u2019est possible. <strong>De faibles averses neigeuses<\/strong> sont annonc\u00e9es dans la soir\u00e9e et la nuit de ce vendredi 2 janvier dans le d\u00e9partement et la m\u00e9tropole lyonnaise. Voici les pr\u00e9visions.\u00a0<\/p>\n<p>Le nord du Rh\u00f4ne particuli\u00e8rement concern\u00e9<\/p>\n<p class=\" wall-content\">La neige pourrait faire son apparition dans la soir\u00e9e au nord du <a href=\"https:\/\/actu.fr\/auvergne-rhone-alpes\/rhone_69\" target=\"_blank\" rel=\"noopener\">Rh\u00f4ne<\/a>, notamment dans le Beaujolais. De petites averses neigeuses sont annonc\u00e9es \u00e0 <strong>Tarare, Villefranche-surSa\u00f4ne, Belleville, Beaujeu, Thizy et Trades.\u00a0<\/strong><\/p>\n<p class=\" wall-content\">\u00c0 Tarare et Thizy, dans le nord-ouest du d\u00e9partement, la neige pourrait tomber en faible quantit\u00e9 entre 21h et 3h du matin. \u00c0 Villefranche-sur-Sa\u00f4ne et Belleville, elle tomberait plut\u00f4t aux alentours de 1h et 2h du matin. \u00c0 Beaujeu, la neige devrait pointer le bout de son nez vers minuit.\u00a0<\/p>\n<p>Quelques flocons possibles \u00e0 Lyon ?<\/p>\n<p class=\" wall-content\">Le sud du d\u00e9partement devrait aussi \u00eatre touch\u00e9 par ces faibles chutes de neige. Toujours selon le site de <a href=\"https:\/\/meteofrance.com\/previsions-meteo-france\/rhone\/69\" target=\"_blank\" rel=\"noopener\">M\u00e9t\u00e9o-France<\/a>, de faibles chutes de neige pourraient toucher Lyon et Pusignan \u00e0 4h du matin dans la nuit de vendredi \u00e0 samedi.<\/p>\n<p class=\" wall-content\">\u00a0Juste avant, ces faibles pr\u00e9cipitations neigeuses devraient toucher Soucieu-en-Jarrest, \u00e0 l\u2019ouest de la m\u00e9tropole, vers 2h du matin.\u00a0<\/p>\n<p>La vigilance Grand Froid activ\u00e9e samedi dans le Rh\u00f4ne<\/p>\n<p class=\" wall-content\">Difficile de savoir par rapport aux faibles quantit\u00e9s de neige si cela tiendra ou non sur la chauss\u00e9e. Mais samedi matin, il faudra se montrer prudent sur les routes en cas de verglas ou fine pellicule neigeuse.<\/p>\n<p>Votre r\u00e9gion, votre actu !<\/p>\n<p>Recevez chaque jour les infos qui comptent pour vous.<\/p>\n<p>\t<a href=\"https:\/\/actu.fr\/newsletter\" class=\"ac-btn ac-btn--corner ac-btn--medium ac-btn--blue800\" target=\"_blank\" rel=\"noopener\">S&rsquo;incrire<\/a><\/p>\n<p class=\" wall-content\">\u00c0 noter que le d\u00e9partement du Rh\u00f4ne sera plac\u00e9 en <strong>vigilance jaune Grand froid<\/strong> \u00e0 partir de 16h samedi 3 janvier. Les temp\u00e9ratures seront vraiment basses avec des minimales entre -4\u00b0C dans le nord du d\u00e9partement et -2\u00b0C \u00e0 Lyon.<\/p>\n<p class=\" wall-content\">Personnalisez votre actualit\u00e9 en ajoutant vos villes et m\u00e9dias en favori avec <a href=\"https:\/\/moncompte.actu.fr\" title=\"D\u00e9couvez Mon Actu\" rel=\"nofollow noopener\" data-trk=\"{&quot;cta&quot;:{&quot;action&quot;:&quot;https:\\\/\\\/moncompte.actu.fr&quot;,&quot;category&quot;:&quot;mon compte&quot;,&quot;from&quot;:&quot;article footer&quot;,&quot;name&quot;:&quot;Mon actu&quot;,&quot;type&quot;:&quot;cta&quot;}}\" target=\"_blank\">Mon Actu<\/a>.<\/p>\n","protected":false},"excerpt":{"rendered":"Par Anthony Soudani Publi\u00e9 le 2 janv. 2026 \u00e0 12h47 De la neige \u00e0 Lyon et dans le&hellip;\n","protected":false},"author":2,"featured_media":636309,"comment_status":"","ping_status":"","sticky":false,"template":"","format":"standard","meta":{"footnotes":""},"categories":[4],"tags":[11,1011,27,2487,2357,10584,12,25],"class_list":{"0":"post-636308","1":"post","2":"type-post","3":"status-publish","4":"format-standard","5":"has-post-thumbnail","7":"category-france","8":"tag-actualites","9":"tag-fr","10":"tag-france","11":"tag-meteo","12":"tag-meteo-france","13":"tag-neige","14":"tag-news","15":"tag-republique-francaise"},"share_on_mastodon":{"url":"https:\/\/pubeurope.com\/@fr\/115825874201447122","error":""},"_links":{"self":[{"href":"https:\/\/www.europesays.com\/fr\/wp-json\/wp\/v2\/posts\/636308","targetHints":{"allow":["GET"]}}],"collection":[{"href":"https:\/\/www.europesays.com\/fr\/wp-json\/wp\/v2\/posts"}],"about":[{"href":"https:\/\/www.europesays.com\/fr\/wp-json\/wp\/v2\/types\/post"}],"author":[{"embeddable":true,"href":"https:\/\/www.europesays.com\/fr\/wp-json\/wp\/v2\/users\/2"}],"replies":[{"embeddable":true,"href":"https:\/\/www.europesays.com\/fr\/wp-json\/wp\/v2\/comments?post=636308"}],"version-history":[{"count":0,"href":"https:\/\/www.europesays.com\/fr\/wp-json\/wp\/v2\/posts\/636308\/revisions"}],"wp:featuredmedia":[{"embeddable":true,"href":"https:\/\/www.europesays.com\/fr\/wp-json\/wp\/v2\/media\/636309"}],"wp:attachment":[{"href":"https:\/\/www.europesays.com\/fr\/wp-json\/wp\/v2\/media?parent=636308"}],"wp:term":[{"taxonomy":"category","embeddable":true,"href":"https:\/\/www.europesays.com\/fr\/wp-json\/wp\/v2\/categories?post=636308"},{"taxonomy":"post_tag","embeddable":true,"href":"https:\/\/www.europesays.com\/fr\/wp-json\/wp\/v2\/tags?post=636308"}],"curies":[{"name":"wp","href":"https:\/\/api.w.org\/{rel}","templated":true}]}}