{"id":636312,"date":"2026-01-02T14:05:13","date_gmt":"2026-01-02T14:05:13","guid":{"rendered":"https:\/\/www.europesays.com\/fr\/636312\/"},"modified":"2026-01-02T14:05:13","modified_gmt":"2026-01-02T14:05:13","slug":"atp-bientot-un-nouveau-poste-pour-rafael-nadal-il-ne-dit-pas-non-pourquoi-pas-je-pourrais-mamuser-ou-pas","status":"publish","type":"post","link":"https:\/\/www.europesays.com\/fr\/636312\/","title":{"rendered":"ATP > Bient\u00f4t un nouveau poste pour Rafael Nadal ? Il ne dit pas non : \u00ab\u00a0Pourquoi pas ? Je pourrais m&rsquo;amuser&#8230; ou pas\u00a0\u00bb"},"content":{"rendered":"<p>Lors de sa grande inter\u00adview accord\u00e9e au m\u00e9dia <a href=\"https:\/\/as.com\/masdeporte\/nadal-estoy-descubriendo-que-quiero-ser-de-mayor-f202512-n\/\" data-wpel-link=\"external\" target=\"_blank\" rel=\"nofollow external noopener\">AS<\/a>, un peu plus d\u2019un an apr\u00e8s avoir mis un terme \u00e0 sa carri\u00e8re, <a href=\"https:\/\/www.welovetennis.fr\/atp\/la-reponse-honnete-de-rafael-nadal-sur-la-possibilite-dentrainer-carlos-alcaraz-etre-entraineur-impliquerait-cela-et-pour-linstant-cela-ne-correspond-pas-a-ma-vie\" data-wpel-link=\"internal\" target=\"_blank\" rel=\"noopener\">Rafael Nadal a \u00e9cart\u00e9 la possi\u00adbi\u00adlit\u00e9 de devenir entra\u00ee\u00adneur \u00e0 court ou moyen terme<\/a>. En ce qui concerne le poste de capi\u00adtaine de l\u2019\u00e9quipe espa\u00adgnole de Coupe Davis, il a \u00e9t\u00e9 un peu moins ferme dans sa r\u00e9ponse.\u00a0<\/p>\n<p><strong>\u00ab\u202f\u00catre capi\u00adtaine de la Coupe Davis un jour\u202f? Pourquoi pas\u202f? Je pour\u00adrais m\u2019amuser\u2026 ou pas. Je viens de prendre ma retraite, il est trop t\u00f4t pour y r\u00e9fl\u00e9\u00adchir. Je respecte les processus de la vie et l\u2019adap\u00adta\u00adtion. Pour l\u2019ins\u00adtant, ce n\u2019est pas le moment d\u2019y penser.\u202f\u00bb<\/strong><\/p>\n<p class=\"post-published-date\" style=\"color: silver; font-size: 75%; text-align: left;\">Publi\u00e9 le vendredi 2 janvier 2026 \u00e0 12:43<\/p>\n","protected":false},"excerpt":{"rendered":"Lors de sa grande inter\u00adview accord\u00e9e au m\u00e9dia AS, un peu plus d\u2019un an apr\u00e8s avoir mis un&hellip;\n","protected":false},"author":2,"featured_media":213368,"comment_status":"","ping_status":"","sticky":false,"template":"","format":"standard","meta":{"footnotes":""},"categories":[1415],"tags":[1011,27,1960,60,1467],"class_list":{"0":"post-636312","1":"post","2":"type-post","3":"status-publish","4":"format-standard","5":"has-post-thumbnail","7":"category-tennis","8":"tag-fr","9":"tag-france","10":"tag-nadal","11":"tag-sports","12":"tag-tennis"},"share_on_mastodon":{"url":"https:\/\/pubeurope.com\/@fr\/115825889940985623","error":""},"_links":{"self":[{"href":"https:\/\/www.europesays.com\/fr\/wp-json\/wp\/v2\/posts\/636312","targetHints":{"allow":["GET"]}}],"collection":[{"href":"https:\/\/www.europesays.com\/fr\/wp-json\/wp\/v2\/posts"}],"about":[{"href":"https:\/\/www.europesays.com\/fr\/wp-json\/wp\/v2\/types\/post"}],"author":[{"embeddable":true,"href":"https:\/\/www.europesays.com\/fr\/wp-json\/wp\/v2\/users\/2"}],"replies":[{"embeddable":true,"href":"https:\/\/www.europesays.com\/fr\/wp-json\/wp\/v2\/comments?post=636312"}],"version-history":[{"count":0,"href":"https:\/\/www.europesays.com\/fr\/wp-json\/wp\/v2\/posts\/636312\/revisions"}],"wp:featuredmedia":[{"embeddable":true,"href":"https:\/\/www.europesays.com\/fr\/wp-json\/wp\/v2\/media\/213368"}],"wp:attachment":[{"href":"https:\/\/www.europesays.com\/fr\/wp-json\/wp\/v2\/media?parent=636312"}],"wp:term":[{"taxonomy":"category","embeddable":true,"href":"https:\/\/www.europesays.com\/fr\/wp-json\/wp\/v2\/categories?post=636312"},{"taxonomy":"post_tag","embeddable":true,"href":"https:\/\/www.europesays.com\/fr\/wp-json\/wp\/v2\/tags?post=636312"}],"curies":[{"name":"wp","href":"https:\/\/api.w.org\/{rel}","templated":true}]}}