{"id":636313,"date":"2026-01-02T14:09:10","date_gmt":"2026-01-02T14:09:10","guid":{"rendered":"https:\/\/www.europesays.com\/fr\/636313\/"},"modified":"2026-01-02T14:09:10","modified_gmt":"2026-01-02T14:09:10","slug":"le-nouveau-maillot-darnaud-de-lie-a-ete-devoile-directvelo","status":"publish","type":"post","link":"https:\/\/www.europesays.com\/fr\/636313\/","title":{"rendered":"Le nouveau maillot d&#039;Arnaud De Lie a \u00e9t\u00e9 d\u00e9voil\u00e9 &#8211; DirectVelo"},"content":{"rendered":"<ol>\n<li><a href=\"https:\/\/news.google.com\/rss\/articles\/CBMigwFBVV95cUxNUlUyeEpPdjJjdGNMWUlyOWc0bDJmTWZja0M1QTBFWTdIbWd0dDdRM0NnVThJRGRobU1MMVROUDlaOXNuLVBaNnpSRTJrMTZFQzVUNEhod1U5eG4yOFF0SnoyRFFPNE5FaXVieUFHSkVQN3NTNlY3eHdqaDh5UnQ1Z1R5SQ?oc=5\" target=\"_blank\" rel=\"noopener\">Le nouveau maillot d&rsquo;Arnaud De Lie a \u00e9t\u00e9 d\u00e9voil\u00e9<\/a>&nbsp;&nbsp;DirectVelo<\/li>\n<li><a href=\"https:\/\/news.google.com\/rss\/articles\/CBMi6wFBVV95cUxOdTFIbDhBRkwzdG1CczZVVUdZVkxHeXZ5Qnc1azlSQmJpVzRjNGVORFJNQXdVYzQwTnJWUXBqRFhHV1ZIeUFGYS1Ub19sdkpFZjFWS1FhcWhpdHZTc3BJM2xwNzUzbWlTUTNpQXAwYS11WmpTQzNTcENUTUlMTUhoNW11YmdlMFozLUI5NWpsZEpYVzB3QkNidzh1QmY4NGVaY1EzQ0V0LWxPbUNaeVhhNldUd3ZjcFp3X1JKLS1MUHRVNmpKdjNlUGctSi1SM3E2S0s5UjJBeDdCWmZyU0JiV0phREZXQXgtMXYw?oc=5\" target=\"_blank\" rel=\"noopener\">Arnaud De Lie se pare de rouge : voici les nouveaux maillots de Lotto-Intermarch\u00e9<\/a>&nbsp;&nbsp;RTL Info<\/li>\n<li><a href=\"https:\/\/news.google.com\/rss\/articles\/CBMitAFBVV95cUxQbVdhM3dXejViTEhtckx6N0xZUGlSTDBXWEpFc0FmR0hQNG42N3NVTXg4N2lpbEwxc3pQc1p5MXQ4SFQyUUFoUjJ5QjJzb25pM0pfdndUSEd2ZjB0WkFiYXZPc3BUbFpoMk96by1PSDZCc21oNmNucGZCMklQcWRBdDc1cjRhbmtrTmFzSmhsbmdIQ2Z5aWtxa2NmRjBHVGh1WUxJVVlrV1N0bmNBQU5fZTY4SlbSAbQBQVVfeXFMTW1pU2VzOENlN1RKcHV0VEJRck4yZi1hMVJGY0FuOTlnZ0NsaUZlQjcwblAwMG54OWVUWEtzbEowS1FhQnRCWWd1RnZIYTJnV3k5WFdKNFNfZ1R4V3lsM3pJa201LW93YzFQVVVvWjNHRkNYWnB1bTc4WmFDSENRaFJyZkYtNjc0RmVRdmphQ1NYUzA0MUZpTHFQUDlmTVFPRVRBbFEtd016Q2pfU3NGWTdCeDA3?oc=5\" target=\"_blank\" rel=\"noopener\">Route: La maillot de la nouvelle \u00e9quipe Lotto-Intermarch\u00e9 d\u00e9voil\u00e9<\/a>&nbsp;&nbsp;Cyclism&rsquo;Actu<\/li>\n<li><a href=\"https:\/\/news.google.com\/rss\/articles\/CBMihwFBVV95cUxPRUtBWW9kN3Z6ZXJHQ3NPeFVpMERHdmZYY2E0eEthVUFabmJnUEdvSXBNQ1Jac3FYcHdibGlSZjhIdnlMa3h3YjBwdDg1cFg0akdVdXpfWkpLdXJ0SUd5UVpZTEM2VTdpS1Z0dXFzVXJndDN0UWpiaUhqMU5MeHdqbHRXNG5sMVE?oc=5\" target=\"_blank\" rel=\"noopener\">Lotto, voici le maillot pour la saison 2026.<\/a>&nbsp;&nbsp;| CyclingPro.Net<\/li>\n<li><a href=\"https:\/\/news.google.com\/rss\/articles\/CBMijgFBVV95cUxNYXZtejI3cE5hUXdmZmdSX3phSFlmdldfb0k0VDhDMExwaE5DQWk5SkpmekppazdZTTdOWEN1eklTM0tzd2VZQ3RsdElIajBMQlFSNzdpVnNnM0QzYTY5N0VMWENqU25LUTJJV0dldmlmWDFyazRxVjdGNFVXcnhMcEFSdDlMZlE5UWh0NGhR?oc=5\" target=\"_blank\" rel=\"noopener\">Lotto-Intermarch\u00e9 d\u00e9voile son maillot pour la saison 2026<\/a>&nbsp;&nbsp;TotalVelo<\/li>\n<\/ol>\n","protected":false},"excerpt":{"rendered":"Le nouveau maillot d&rsquo;Arnaud De Lie a \u00e9t\u00e9 d\u00e9voil\u00e9&nbsp;&nbsp;DirectVelo Arnaud De Lie se pare de rouge : voici&hellip;\n","protected":false},"author":2,"featured_media":636314,"comment_status":"","ping_status":"","sticky":false,"template":"","format":"standard","meta":{"footnotes":""},"categories":[1411],"tags":[834,828,836,829,837,827,83,826,824,823,1154,207,814,817,815,816,822,821,832,211,839,1011,27,820,818,819,835,831,830,833,838,60,212,208,825],"class_list":{"0":"post-636313","1":"post","2":"type-post","3":"status-publish","4":"format-standard","5":"has-post-thumbnail","7":"category-cyclisme","8":"tag-attaque","9":"tag-belgique","10":"tag-braquet","11":"tag-bretagne","12":"tag-chute","13":"tag-competition","14":"tag-coupe-de-france","15":"tag-coureur","16":"tag-course-cyclisme","17":"tag-course-cycliste","18":"tag-cycling","19":"tag-cyclisme","20":"tag-direct","21":"tag-direct-velo","22":"tag-directvelo","23":"tag-directvelo-com","24":"tag-epreuve","25":"tag-epreuve-cycliste","26":"tag-federation-francaise-de-cyclisme","27":"tag-ffc","28":"tag-flandres","29":"tag-fr","30":"tag-france","31":"tag-live","32":"tag-live-course","33":"tag-live-epreuve","34":"tag-peloton","35":"tag-radio-peloton","36":"tag-radio-tour","37":"tag-ravitaillement","38":"tag-relance","39":"tag-sports","40":"tag-uci","41":"tag-velo","42":"tag-velos"},"share_on_mastodon":{"url":"https:\/\/pubeurope.com\/@fr\/115825905817294230","error":""},"_links":{"self":[{"href":"https:\/\/www.europesays.com\/fr\/wp-json\/wp\/v2\/posts\/636313","targetHints":{"allow":["GET"]}}],"collection":[{"href":"https:\/\/www.europesays.com\/fr\/wp-json\/wp\/v2\/posts"}],"about":[{"href":"https:\/\/www.europesays.com\/fr\/wp-json\/wp\/v2\/types\/post"}],"author":[{"embeddable":true,"href":"https:\/\/www.europesays.com\/fr\/wp-json\/wp\/v2\/users\/2"}],"replies":[{"embeddable":true,"href":"https:\/\/www.europesays.com\/fr\/wp-json\/wp\/v2\/comments?post=636313"}],"version-history":[{"count":0,"href":"https:\/\/www.europesays.com\/fr\/wp-json\/wp\/v2\/posts\/636313\/revisions"}],"wp:featuredmedia":[{"embeddable":true,"href":"https:\/\/www.europesays.com\/fr\/wp-json\/wp\/v2\/media\/636314"}],"wp:attachment":[{"href":"https:\/\/www.europesays.com\/fr\/wp-json\/wp\/v2\/media?parent=636313"}],"wp:term":[{"taxonomy":"category","embeddable":true,"href":"https:\/\/www.europesays.com\/fr\/wp-json\/wp\/v2\/categories?post=636313"},{"taxonomy":"post_tag","embeddable":true,"href":"https:\/\/www.europesays.com\/fr\/wp-json\/wp\/v2\/tags?post=636313"}],"curies":[{"name":"wp","href":"https:\/\/api.w.org\/{rel}","templated":true}]}}