{"id":636333,"date":"2026-01-02T14:21:13","date_gmt":"2026-01-02T14:21:13","guid":{"rendered":"https:\/\/www.europesays.com\/fr\/636333\/"},"modified":"2026-01-02T14:21:13","modified_gmt":"2026-01-02T14:21:13","slug":"je-vis-en-france-mais-jai-travaille-en-suisse-toute-ma-vie-voici-combien-je-gagne-de-retraite-a-ce-jour","status":"publish","type":"post","link":"https:\/\/www.europesays.com\/fr\/636333\/","title":{"rendered":"Je vis en France mais j\u2019ai travaill\u00e9 en Suisse toute ma vie, voici combien je gagne de retraite \u00e0 ce jour"},"content":{"rendered":"<p>Contrairement \u00e0 ce que pensent les actifs, retraite ne rime pas<br \/>\ntoujours avec s\u00e9r\u00e9nit\u00e9. Quand l\u2019\u00e2ge du grand d\u00e9part approche, de<br \/>\nnouvelles <strong>craintes et angoisses<\/strong> ont en effet<br \/>\ntendance \u00e0 surgir. Selon une r\u00e9cente enqu\u00eate de la CFDT, deux tiers<br \/>\ndes Fran\u00e7ais interrog\u00e9s affirmaient ainsi <strong>craindre <a href=\"https:\/\/www.mariefrance.fr\/actualite\/societe\/caf-allocataires-perdre-droits-janvier-concerne-1201179.html\" target=\"_blank\" rel=\"noopener\"><br \/>\nla pauvret\u00e9<\/a><\/strong>, de manquer d\u2019argent, ou de rencontrer des<br \/>\nsoucis de sant\u00e9.<\/p>\n<p>De m\u00eame, ils \u00e9taient 23 % des actifs \u00e0 penser ne pas pouvoir<br \/>\ncouvrir leurs d\u00e9penses quotidiennes une fois \u00e0 la<br \/>\n<strong>retraite,<\/strong> et 38 % \u00e0 estimer qu\u2019ils y parviendront<br \/>\ntout juste. Des angoisses d\u2019autant plus cr\u00e9dibles que la somme<br \/>\ntouch\u00e9e une fois le cap pass\u00e9 d\u00e9pend de tr\u00e8s nombreux crit\u00e8res.<br \/>\nNotamment si vous \u00eates <strong>frontalier<\/strong>, et que vous<br \/>\navez travaill\u00e9 toute votre vie dans un pays comme la Suisse.<\/p>\n<p>Travailler en Suisse permet-il d\u2019obtenir une belle retraite si<br \/>\nl\u2019on habite en France ?<\/p>\n<p>S\u2019il est connu que travailler en Suisse permet d\u2019obtenir un bon<br \/>\nsalaire, surtout lorsque l\u2019on vit en France, la chose n\u2019est pas<br \/>\naussi simple lorsque vient le <a href=\"https:\/\/www.mariefrance.fr\/actualite\/societe\/1605-eurso-retraite-jamais-travaille-regle-encore-meconnue-1157107.html\" target=\"_blank\" rel=\"noopener\"><br \/>\n<strong>passage \u00e0 la retraite<\/strong><\/a>. D\u2019autant plus que c\u00f4t\u00e9<br \/>\nsuisse comme c\u00f4t\u00e9 fran\u00e7ais, <a href=\"https:\/\/www.mariefrance.fr\/actualite\/societe\/arnaque-secu-vole-307-000-retraite-pendant-25-ans-faisant-passer-mere-decedee-1200123.html\" target=\"_blank\" rel=\"noopener\"><br \/>\nla complexit\u00e9 et les modalit\u00e9s<\/a> peuvent vite perdre les<br \/>\npersonnes. <strong>L\u2019\u00e2ge de d\u00e9part<\/strong>, dans un premier temps,<br \/>\ndiff\u00e8re quelque peu d\u2019un pays \u00e0 l\u2019autre. En France, il est \u00e9tabli \u00e0<br \/>\n64 ans depuis la r\u00e9forme de 2023 (avec exceptions en cas de<br \/>\ncarri\u00e8re longue, de handicap\u2026).<\/p>\n<p>En Suisse en revanche, il est de <strong>65 ans pour les<br \/>\nhommes<\/strong> et 64 ans pour les femmes (un d\u00e9part est possible<br \/>\nplus t\u00f4t, mais avec une d\u00e9cote de 6,8 % par an). Une fois ce d\u00e9tail<br \/>\nen t\u00eate, il faut prendre en compte le syst\u00e8me suisse \u00e0 3 piliers.<br \/>\nUne retraite de base obligatoire (AVS), une retraite<br \/>\nprofessionnelle li\u00e9e au salaire (LPP) et une \u00e9pargne priv\u00e9e<br \/>\nfacultative pour compl\u00e9ter ses revenus comme le rapporte <a href=\"https:\/\/www.pleinevie.fr\/retraite-travail\/retraite\/retraite-jai-travaille-toute-ma-vie-en-suisse-en-habitant-en-france-voici-le-montant-de-ma-pension-166012.html\" target=\"_blank\" rel=\"nofollow noopener\">Pleine<br \/>\nVie<\/a>.<\/p>\n<p><img loading=\"lazy\" decoding=\"async\" itemprop=\"thumbnailUrl\" class=\"alignnone size-full wp-image-1197174 img-responsive\" src=\"https:\/\/www.europesays.com\/fr\/wp-content\/uploads\/2026\/01\/euros-1.jpg\" alt=\"Retraite : on sait quand tombera le prochain versement, votre compte en banque va faire un bond\" width=\"1280\" height=\"720\"\/> \u00a9 Shutterstock<\/p>\n<p>Quelle somme peut esp\u00e9rer toucher un<br \/>\nfrontalier suisse \u00e0 la retraite ?<\/p>\n<p>Un salari\u00e9 suisse mais habitant en France peut tout \u00e0 fait<br \/>\n<strong>cumuler les deux retraites<\/strong> une fois l\u2019\u00e2ge atteint.<br \/>\nChaque pays verse sa part en fonction des ann\u00e9es travaill\u00e9es mais<br \/>\nil faut \u00eatre prudent : les r\u00e8gles fiscales et les conditions de<br \/>\nretrait (capital ou rente) diff\u00e8rent. En moyenne cependant, peut<br \/>\nesp\u00e9rer toucher <strong>entre 3 300 et 6 800 \u20ac par mois<\/strong>,<br \/>\nselon son salaire et sa carri\u00e8re en Suisse. Pour obtenir une telle<br \/>\nsomme, il y a tout de m\u00eame des erreurs \u00e0 ne pas commettre une fois<br \/>\n\u00e0 la retraite.<\/p>\n<p>Parfois, par manque de connaissances, les frontaliers<br \/>\n<strong>oublient de r\u00e9clamer leur pension suisse<\/strong>. La<br \/>\nraison ? Elle n\u2019est pas vers\u00e9e automatiquement. De m\u00eame, il est<br \/>\npossible de transformer le 2e pilier de sa retraite suisse en rente<br \/>\nmensuelle, tout comme il est possible de le retirer en capital (le<br \/>\ntout ou seulement une partie). Il ne faut pas faire le mauvais<br \/>\nchoix en revanche, au risque de perdre beaucoup d\u2019argent avec les<br \/>\nimp\u00f4ts. Enfin, m\u00eame si vous touchez une pension suisse, vous vous<br \/>\ndevez de <strong>d\u00e9clarer vos revenus<\/strong> comme tout le monde<br \/>\nen France. Au risque d\u2019\u00eatre surpris par un redressement fiscal.<\/p>\n","protected":false},"excerpt":{"rendered":"Contrairement \u00e0 ce que pensent les actifs, retraite ne rime pas toujours avec s\u00e9r\u00e9nit\u00e9. Quand l\u2019\u00e2ge du grand&hellip;\n","protected":false},"author":2,"featured_media":636334,"comment_status":"","ping_status":"","sticky":false,"template":"","format":"standard","meta":{"footnotes":""},"categories":[6],"tags":[35,33,34,1011,27,6055,137],"class_list":{"0":"post-636333","1":"post","2":"type-post","3":"status-publish","4":"format-standard","5":"has-post-thumbnail","7":"category-economie","8":"tag-business","9":"tag-economie","10":"tag-economy","11":"tag-fr","12":"tag-france","13":"tag-republishing","14":"tag-retraite"},"share_on_mastodon":{"url":"https:\/\/pubeurope.com\/@fr\/115825953081195900","error":""},"_links":{"self":[{"href":"https:\/\/www.europesays.com\/fr\/wp-json\/wp\/v2\/posts\/636333","targetHints":{"allow":["GET"]}}],"collection":[{"href":"https:\/\/www.europesays.com\/fr\/wp-json\/wp\/v2\/posts"}],"about":[{"href":"https:\/\/www.europesays.com\/fr\/wp-json\/wp\/v2\/types\/post"}],"author":[{"embeddable":true,"href":"https:\/\/www.europesays.com\/fr\/wp-json\/wp\/v2\/users\/2"}],"replies":[{"embeddable":true,"href":"https:\/\/www.europesays.com\/fr\/wp-json\/wp\/v2\/comments?post=636333"}],"version-history":[{"count":0,"href":"https:\/\/www.europesays.com\/fr\/wp-json\/wp\/v2\/posts\/636333\/revisions"}],"wp:featuredmedia":[{"embeddable":true,"href":"https:\/\/www.europesays.com\/fr\/wp-json\/wp\/v2\/media\/636334"}],"wp:attachment":[{"href":"https:\/\/www.europesays.com\/fr\/wp-json\/wp\/v2\/media?parent=636333"}],"wp:term":[{"taxonomy":"category","embeddable":true,"href":"https:\/\/www.europesays.com\/fr\/wp-json\/wp\/v2\/categories?post=636333"},{"taxonomy":"post_tag","embeddable":true,"href":"https:\/\/www.europesays.com\/fr\/wp-json\/wp\/v2\/tags?post=636333"}],"curies":[{"name":"wp","href":"https:\/\/api.w.org\/{rel}","templated":true}]}}