{"id":636335,"date":"2026-01-02T14:22:11","date_gmt":"2026-01-02T14:22:11","guid":{"rendered":"https:\/\/www.europesays.com\/fr\/636335\/"},"modified":"2026-01-02T14:22:11","modified_gmt":"2026-01-02T14:22:11","slug":"pourquoi-lfi-est-critiquee-pour-sa-perception-des-revoltes-en-iran","status":"publish","type":"post","link":"https:\/\/www.europesays.com\/fr\/636335\/","title":{"rendered":"Pourquoi LFI est critiqu\u00e9e pour sa perception des r\u00e9voltes en Iran"},"content":{"rendered":"<p>        <img decoding=\"async\" loading=\"lazy\" src=\"https:\/\/www.europesays.com\/fr\/wp-content\/uploads\/2026\/01\/69ce6fa_upload-1-ob6ifl9gcp1z-afp-20251214-hl-xbouzas-2991830-v1-highres-francepoliticslfiresignatio.jpeg\"  width=\"728\" height=\"409\" alt=\"Cl\u00e9mence Guett\u00e9, Jean-Luc M\u00e9lenchon et Manuel Bompard photographi\u00e9s le 6\u00a0octobre \u00e0 Paris (illustration)\"\/>  <\/p>\n<p>XOSE BOUZAS \/ Hans Lucas via AFP<\/p>\n<p>Cl\u00e9mence Guett\u00e9, Jean-Luc M\u00e9lenchon et Manuel Bompard photographi\u00e9s le 6\u00a0octobre \u00e0 Paris (illustration)<\/p>\n<p class=\"asset asset-text\">C\u2019est une constante. Sur l\u2019international, le positionnement de la France insoumise fait (souvent) grincer des dents dans l\u2019hexagone. <a href=\"https:\/\/www.huffingtonpost.fr\/politique\/article\/les-propos-d-aurelien-tache-sur-la-chine-ne-vont-pas-arranger-la-reputation-de-lfi-sur-le-sujet_257663.html\" target=\"_blank\" rel=\"noopener\">Chine<\/a>, <a href=\"https:\/\/www.huffingtonpost.fr\/politique\/article\/trump-poutine-zelensky-comment-la-nouvelle-donne-internationale-oblige-lfi-a-revoir-son-logiciel_247047.html\" target=\"_blank\" rel=\"noopener\">Russie<\/a>, <a href=\"https:\/\/www.huffingtonpost.fr\/politique\/video\/attaques-contre-israel-ruffin-tres-critique-sur-la-position-de-lfi-et-melenchon-a-propos-du-hamas_224260.html\" target=\"_blank\" rel=\"noopener\">Isra\u00ebl<\/a>\u2026 Le mouvement m\u00e9lenchoniste revendique une lecture qui tranche souvent avec celle d\u2019une large partie de la classe politique. Dernier exemple en date\u00a0: les r\u00e9voltes qui <a href=\"https:\/\/www.huffingtonpost.fr\/international\/video\/que-se-passe-t-il-en-iran-secoue-par-une-revolte-depuis-quatre-jours_258752.html\" target=\"_blank\" rel=\"noopener\">secouent l\u2019Iran ces derniers jours<\/a>. Provoqu\u00e9 par une hausse de l\u2019inflation et des pertes cons\u00e9cutives de pouvoir d\u2019achat, le mouvement de protestation a pris de l\u2019ampleur, et agr\u00e8ge des revendications plus larges ciblant le r\u00e9gime des mollahs, \u00e0 l\u2019image de la mobilisation \u00ab\u00a0femme, vie, libert\u00e9\u00a0\u00bb.<\/p>\n<p class=\"asset asset-text\">Vus de France, les \u00e9v\u00e9nements sont largement per\u00e7us comme une remise en cause du pouvoir islamiste install\u00e9 \u00e0 T\u00e9h\u00e9ran depuis 1979. Plusieurs \u00e9lus, de gauche comme de droite, voient dans cette r\u00e9volte l\u2019\u00e9tincelle qui pourrait permettre aux Iraniens de se lib\u00e9rer du joug d\u2019une dictature qui opprime son peuple.<\/p>\n<p class=\"asset asset-text\">Une oppression notamment symbolis\u00e9e <a href=\"https:\/\/www.huffingtonpost.fr\/international\/article\/en-iran-ce-scandale-sur-des-participantes-non-voilees-a-un-marathon-illustre-un-phenomene-plus-large_257935.html\" target=\"_blank\" rel=\"noopener\">par le combat de ces femmes refusant l\u2019obligation du port du voile<\/a>. \u00ab\u00a0Un jour le peuple iranien aura raison de la dictature des mollahs. Ce sera un grand jour pour l\u2019Iran et pour tous les amoureux de la libert\u00e9. Solidarit\u00e9 totale avec les Iraniennes et les Iraniens qui bravent une nouvelle fois la r\u00e9pression\u00a0\u00bb, a notamment r\u00e9agi l\u2019eurod\u00e9put\u00e9 Place Publique Rapha\u00ebl Glucksmann, \u00e0 l\u2019unisson de plusieurs \u00e9lus fran\u00e7ais, de gauche comme de droite.<\/p>\n<p>    \u00ab\u00a0La vie ch\u00e8re\u00a0\u00bb    <\/p>\n<p class=\"asset asset-text\">Or, du c\u00f4t\u00e9 de la France insoumise, c\u2019est d\u2019abord l\u2019aspect \u00e9conomique de cette r\u00e9volte qui est soulign\u00e9e. \u00ab\u00a0Vive le courage du peuple iranien qui se mobilise contre la vie ch\u00e8re et pour ses droits\u00a0\u00bb, a comment\u00e9 ce jeudi 1er\u00a0janvier sur son compte X le coordinateur national de LFI, Manuel Bompard. \u00ab\u00a0Les manifestations populaires en Iran t\u00e9moignent de l\u2019impasse d\u2019un pouvoir religieux \u00e0 g\u00e9rer une soci\u00e9t\u00e9 d\u00e9velopp\u00e9e sans la b\u00e2illonner\u00a0\u00bb, a de son c\u00f4t\u00e9 estim\u00e9 Jean-Luc M\u00e9lenchon, affirmant regarder \u00ab\u00a0avec sympathie l\u2019insoumission populaire qui affirme le droit \u00e0 une vie digne\u00a0\u00bb.<\/p>\n<p class=\"asset asset-text\">Toutefois, le triple candidat \u00e0 l\u2019\u00e9lection pr\u00e9sidentielle accuse en creux Isra\u00ebl de souffler sur les braises, affirmant que \u00ab\u00a0le Mossad cherche \u00e0 exasp\u00e9rer les tensions entre Iraniens\u00a0\u00bb. Une r\u00e9f\u00e9rence \u00e0 des messages de soutien publi\u00e9s en perse par les services de renseignements isra\u00e9liens sur les r\u00e9seaux sociaux. Dans un long billet \u00e9galement publi\u00e9 sur X, le d\u00e9put\u00e9 LFI Hadrien Clouet analyse les \u00e9v\u00e9nements comme un soul\u00e8vement contre un syst\u00e8me n\u00e9olib\u00e9ral. Une lecture qui lui a valu une avalanche de r\u00e9ponses indign\u00e9es, auxquelles il a r\u00e9pondu en invoquant <a href=\"https:\/\/x.com\/HadrienClouet\/status\/2007014244596822306\" target=\"_blank\" rel=\"noopener\" title=\"Nouvelle fen\u00eatre\">plusieurs donn\u00e9es \u00e9conomiques<\/a>. Car \u00e0 travers ces prises de position, la France insoumise a \u00e9t\u00e9 accus\u00e9e de minorer la dimension politique de la r\u00e9volte, et la responsabilit\u00e9 de ce r\u00e9gime autoritaire, par ailleurs jamais qualifi\u00e9 d\u2019\u00ab\u00a0islamiste\u00a0\u00bb par les cadres insoumis.<\/p>\n<p class=\"asset asset-text\">\u00ab\u00a0Cette r\u00e9duction des causes de la r\u00e9volte est un crachat sur les tombes des centaines de jeunes filles et gar\u00e7ons, de militantes, pendus, viol\u00e9s, disparus dans les prisons de la dictature islamiste et des mollahs\u00a0\u00bb, a d\u00e9nonc\u00e9 sur le m\u00eame r\u00e9seau social la s\u00e9natrice socialiste Laurence Rossignol, en r\u00e9action \u00e0 la publication de Manuel Bompard. \u00ab\u00a0Rare image d\u2019une mobilisation \u201ccontre la vie ch\u00e8re\u201d en Iran\u2026 Rien \u00e0 voir avec la r\u00e9volte d\u2019un peuple contre l\u2019obscurantisme et l\u2019oppression d\u2019une th\u00e9ocratie islamiste. Honneur aux femmes et \u00e0 la jeunesse iraniennes qui r\u00e9sistent et, je l\u2019esp\u00e8re, ignorent ces mots de LFI\u00a0\u00bb, a rench\u00e9ri le d\u00e9put\u00e9 Place Publique Aur\u00e9lien Rousseau, en joignant \u00e0 sa publication une photo montrant une Iranienne manifestant sous le slogan \u00ab\u00a0femme, vie, libert\u00e9\u00a0\u00bb en 2023.<\/p>\n<p>    Vision g\u00e9opolitique    <\/p>\n<p class=\"asset asset-text\">En r\u00e9ponse \u00e0 l\u2019un de ses d\u00e9tracteurs, Manuel Bompard s\u2019\u00e9tait d\u00e9fendu en expliquant ne pas voir en quoi \u00ab\u00a0rappeler que la crise \u00e9conomique est la cause des derni\u00e8res mobilisations enl\u00e8ve quoi que ce soit \u00e0 la l\u00e9gitimit\u00e9 de la lutte contre le r\u00e9gime\u00a0\u00bb. Sauf que, ce n\u2019est pas vraiment ce qui est reproch\u00e9 \u00e0 LFI, mais plut\u00f4t la rel\u00e9gation au second plan de la dimension politique de cette r\u00e9volte. Comme s\u2019il \u00e9tait pertinent de r\u00e9sumer la R\u00e9volution fran\u00e7aise aux seules difficult\u00e9s \u00e9conomiques et financi\u00e8res de la monarchie sous Louis XVI. Comme si quarante ans de dictature et de r\u00e9pression ne pesaient pas un peu plus dans la col\u00e8re cri\u00e9e par le peuple iranien. Comme si le salut de la soci\u00e9t\u00e9 iranienne ne passait pas prioritairement par un changement de r\u00e9gime, lequel serait (forc\u00e9ment) align\u00e9 avec les int\u00e9r\u00eats am\u00e9ricains et isra\u00e9liens dans la r\u00e9gion.<\/p>\n<p class=\"asset asset-text\">En r\u00e9alit\u00e9, cette perception de la situation colle \u00e0 la vision g\u00e9opolitique de Jean-Luc M\u00e9lenchon qui, en 2017, proposait de rejoindre \u00ab\u00a0l\u2019alliance bolivarienne\u00a0\u00bb, une instance au sein de laquelle si\u00e9geait, aux c\u00f4t\u00e9s de la Russie et de la Chine, l\u2019Iran d\u2019Hassan Rohani. Soit un logiciel international syst\u00e9matiquement hostile \u00e0 tout ce qui fragiliserait le bloc oppos\u00e9 aux \u00c9tats-Unis, per\u00e7us comme \u00ab\u00a0imp\u00e9rialistes\u00a0\u00bb et exclusivement tourn\u00e9s vers la pr\u00e9dation et la confiscation de mati\u00e8res fossiles. Raison pour laquelle les \u00e9lus insoumis ont rarement \u00e9t\u00e9 les plus bruyants lorsqu\u2019il s\u2019agissait de condamner le r\u00e9gime pour ce qu\u2019il est. \u00ab\u00a0Ils n\u2019ont jamais soutenu les Iraniens contre leur r\u00e9gime pendant 47\u00a0ans, n\u2019ont jamais d\u00e9nonc\u00e9 ses crimes\u00a0\u00bb, estimait ainsi la politologue iranienne Mahnaz Shirali dans <a href=\"https:\/\/www.ladepeche.fr\/2025\/06\/18\/entretien-lfi-defend-liran-face-a-israel-cest-grotesque-une-sociologue-iranienne-accuse-les-insoumis-dinstrumentalisation-12770369.php\" target=\"_blank\" rel=\"noopener\" title=\"Nouvelle fen\u00eatre\">La D\u00e9p\u00eache<\/a>.<\/p>\n<p class=\"asset asset-text\">Cit\u00e9e cette fois par <a href=\"https:\/\/www.liberation.fr\/international\/en-iran-separer-leconomique-du-politique-est-une-erreur-les-coleres-sont-liees-20260101_YI3AAYOUN5GFXCAGDRAH2JBYLI\/\" target=\"_blank\" rel=\"noopener\" title=\"Nouvelle fen\u00eatre\">Lib\u00e9ration<\/a>, la sp\u00e9cialiste s\u2019oppose (sans le dire explicitement) aux conclusions que tire LFI de la situation sur place\u00a0: \u00ab\u00a0S\u00e9parer le politique de l\u2019\u00e9conomique est une erreur. Les grandes r\u00e9volutions, dans l\u2019histoire, ont toujours \u00e9clat\u00e9, au d\u00e9but, pour le pain, le bl\u00e9 ou la pomme de terre. Les gens ne sortent pas massivement dans la rue pour la d\u00e9mocratie et la libert\u00e9\u00bb. Et la m\u00eame d\u2019insister\u00a0: \u00ab\u00a0La contestation \u00e9conomique n\u2019est pas diff\u00e9rente de la contestation politique. Les causes sont li\u00e9es, les cibles de la col\u00e8re sont les m\u00eames\u00a0\u00bb.<\/p>\n","protected":false},"excerpt":{"rendered":"XOSE BOUZAS \/ Hans Lucas via AFP Cl\u00e9mence Guett\u00e9, Jean-Luc M\u00e9lenchon et Manuel Bompard photographi\u00e9s le 6\u00a0octobre \u00e0&hellip;\n","protected":false},"author":2,"featured_media":636336,"comment_status":"","ping_status":"","sticky":false,"template":"","format":"standard","meta":{"footnotes":""},"categories":[5],"tags":[11,1011,27,14,3019,3081,1023,17852,12,316,28],"class_list":{"0":"post-636335","1":"post","2":"type-post","3":"status-publish","4":"format-standard","5":"has-post-thumbnail","7":"category-international","8":"tag-actualites","9":"tag-fr","10":"tag-france","11":"tag-international","12":"tag-iran","13":"tag-jean-luc-melenchon","14":"tag-la-france-insoumise-lfi","15":"tag-manuel-bompard","16":"tag-news","17":"tag-politique","18":"tag-world"},"share_on_mastodon":{"url":"https:\/\/pubeurope.com\/@fr\/115825956923165013","error":""},"_links":{"self":[{"href":"https:\/\/www.europesays.com\/fr\/wp-json\/wp\/v2\/posts\/636335","targetHints":{"allow":["GET"]}}],"collection":[{"href":"https:\/\/www.europesays.com\/fr\/wp-json\/wp\/v2\/posts"}],"about":[{"href":"https:\/\/www.europesays.com\/fr\/wp-json\/wp\/v2\/types\/post"}],"author":[{"embeddable":true,"href":"https:\/\/www.europesays.com\/fr\/wp-json\/wp\/v2\/users\/2"}],"replies":[{"embeddable":true,"href":"https:\/\/www.europesays.com\/fr\/wp-json\/wp\/v2\/comments?post=636335"}],"version-history":[{"count":0,"href":"https:\/\/www.europesays.com\/fr\/wp-json\/wp\/v2\/posts\/636335\/revisions"}],"wp:featuredmedia":[{"embeddable":true,"href":"https:\/\/www.europesays.com\/fr\/wp-json\/wp\/v2\/media\/636336"}],"wp:attachment":[{"href":"https:\/\/www.europesays.com\/fr\/wp-json\/wp\/v2\/media?parent=636335"}],"wp:term":[{"taxonomy":"category","embeddable":true,"href":"https:\/\/www.europesays.com\/fr\/wp-json\/wp\/v2\/categories?post=636335"},{"taxonomy":"post_tag","embeddable":true,"href":"https:\/\/www.europesays.com\/fr\/wp-json\/wp\/v2\/tags?post=636335"}],"curies":[{"name":"wp","href":"https:\/\/api.w.org\/{rel}","templated":true}]}}