{"id":636339,"date":"2026-01-02T14:25:16","date_gmt":"2026-01-02T14:25:16","guid":{"rendered":"https:\/\/www.europesays.com\/fr\/636339\/"},"modified":"2026-01-02T14:25:16","modified_gmt":"2026-01-02T14:25:16","slug":"un-centre-de-formation-volkswagen-ouvrira-fin-janvier-2026-au-soleil","status":"publish","type":"post","link":"https:\/\/www.europesays.com\/fr\/636339\/","title":{"rendered":"un centre de formation Volkswagen ouvrira fin janvier 2026 au Soleil"},"content":{"rendered":"<p>Sur les quatre centres de formation qu\u2019il poss\u00e8de en France, Volkswagen a d\u00e9cid\u00e9 de fermer deux d\u2019entre eux, ceux de Saint-Priest (Rh\u00f4ne) et de Bordeaux, pour les r\u00e9unir en un seul. Et c\u2019est \u00e0 Saint-\u00c9tienne que le constructeur automobile a choisi de s\u2019implanter. Plus pr\u00e9cis\u00e9ment rue Tiblier-Verne, dans le quartier du Soleil.<\/p>\n<p><a href=\"https:\/\/www.leprogres.fr\/economie\/2025\/10\/23\/volkswagen-france-a-choisi-saint-etienne-pour-former-5-000-salaries-par-an\" target=\"_blank\" rel=\"noopener\">Ce nouveau centre de formation<\/a> , qui doit accueillir ses premiers stagiaires le 26\u00a0janvier, comprend 11 salles de formation, dont 7 salles de formation technique reproduisant de v\u00e9ritables ateliers automobiles.<\/p>\n<p>  5\u00a0000 salari\u00e9s form\u00e9s par an<\/p>\n<p>Ce centre Volkswagen devrait accueillir quelque 5\u00a0000 stagiaires par an, aussi bien des nouveaux embauch\u00e9s que des collaborateurs d\u00e9j\u00e0 en place. Pour les encadrer, une centaine de formateurs, dont une dizaine de permanents.<\/p>\n<p>\u00ab\u00a0On va former ici l\u2019ensemble des salari\u00e9s qui travaillent ou vont travailler dans les concessions de nos six marques\u00a0: Volkswagen, Volkswagen Utilitaires, Audi, Seat, Cupra et Skoda, explique M\u00e9lanie Fralin, de chez Volkswagen France. Ce peut \u00eatre des conseillers client, des responsables garantie, des techniciens experts, des magasiniers, des chefs d\u2019atelier, des secr\u00e9taires commerciales,\u00a0etc.\u00a0\u00bb<\/p>\n<p>Cette installation repr\u00e9sente pour le groupe automobile un investissement d\u2019environ 1\u00a0million d\u2019euros.<\/p>\n","protected":false},"excerpt":{"rendered":"Sur les quatre centres de formation qu\u2019il poss\u00e8de en France, Volkswagen a d\u00e9cid\u00e9 de fermer deux d\u2019entre eux,&hellip;\n","protected":false},"author":2,"featured_media":636340,"comment_status":"","ping_status":"","sticky":false,"template":"","format":"standard","meta":{"footnotes":""},"categories":[9653],"tags":[1111,11,646,2430,33,7539,1777,674,1011,27,3367,12,25,4001,7538,216],"class_list":{"0":"post-636339","1":"post","2":"type-post","3":"status-publish","4":"format-standard","5":"has-post-thumbnail","7":"category-saint-etienne","8":"tag-actu","9":"tag-actualites","10":"tag-automobile","11":"tag-auvergne-rhone-alpes","12":"tag-economie","13":"tag-edition-loire-sud","14":"tag-eu","15":"tag-europe","16":"tag-fr","17":"tag-france","18":"tag-loire","19":"tag-news","20":"tag-republique-francaise","21":"tag-saint-etienne","22":"tag-saint-etienne-ville","23":"tag-vie-des-entreprises"},"share_on_mastodon":{"url":"https:\/\/pubeurope.com\/@fr\/115825968629275695","error":""},"_links":{"self":[{"href":"https:\/\/www.europesays.com\/fr\/wp-json\/wp\/v2\/posts\/636339","targetHints":{"allow":["GET"]}}],"collection":[{"href":"https:\/\/www.europesays.com\/fr\/wp-json\/wp\/v2\/posts"}],"about":[{"href":"https:\/\/www.europesays.com\/fr\/wp-json\/wp\/v2\/types\/post"}],"author":[{"embeddable":true,"href":"https:\/\/www.europesays.com\/fr\/wp-json\/wp\/v2\/users\/2"}],"replies":[{"embeddable":true,"href":"https:\/\/www.europesays.com\/fr\/wp-json\/wp\/v2\/comments?post=636339"}],"version-history":[{"count":0,"href":"https:\/\/www.europesays.com\/fr\/wp-json\/wp\/v2\/posts\/636339\/revisions"}],"wp:featuredmedia":[{"embeddable":true,"href":"https:\/\/www.europesays.com\/fr\/wp-json\/wp\/v2\/media\/636340"}],"wp:attachment":[{"href":"https:\/\/www.europesays.com\/fr\/wp-json\/wp\/v2\/media?parent=636339"}],"wp:term":[{"taxonomy":"category","embeddable":true,"href":"https:\/\/www.europesays.com\/fr\/wp-json\/wp\/v2\/categories?post=636339"},{"taxonomy":"post_tag","embeddable":true,"href":"https:\/\/www.europesays.com\/fr\/wp-json\/wp\/v2\/tags?post=636339"}],"curies":[{"name":"wp","href":"https:\/\/api.w.org\/{rel}","templated":true}]}}