{"id":636349,"date":"2026-01-02T14:31:10","date_gmt":"2026-01-02T14:31:10","guid":{"rendered":"https:\/\/www.europesays.com\/fr\/636349\/"},"modified":"2026-01-02T14:31:10","modified_gmt":"2026-01-02T14:31:10","slug":"avis-aux-artistes-les-inscriptions-vont-ouvrir-pour-la-saison-dexpositions-2026-2027-a-lespace-saint-ravy","status":"publish","type":"post","link":"https:\/\/www.europesays.com\/fr\/636349\/","title":{"rendered":"Avis aux artistes\u00a0: les inscriptions vont ouvrir pour la saison d\u2019expositions 2026-2027 \u00e0 l\u2019espace Saint-Ravy"},"content":{"rendered":"<p>\n                                                                La Ville de Montpellier lancera lundi 5\u00a0janvier 2026 l\u2019appel \u00e0 projets pour l\u2019\u00e9laboration de la saison d\u2019expositions 2026-2027 de l\u2019espace Saint-Ravy. Douze propositions artistiques seront s\u00e9lectionn\u00e9es, en vue d\u2019un accueil en exposition pendant 21 jours environ, entre septembre\u00a02026 et ao\u00fbt\u00a02027.\n                            <\/p>\n<p>Comme chaque ann\u00e9e, cet appel \u00e0 candidatures sera ouvert aux artistes seuls ou en collectif, domicili\u00e9s \u00e0 Montpellier ou sur le territoire de l\u2019une des communes de Montpellier M\u00e9diterran\u00e9e M\u00e9tropole.<\/p>\n<p>La plateforme permettant de d\u00e9poser les candidatures sera disponible d\u00e8s ce lundi 5\u00a0janvier 2026 via le site internet de la Ville (<a href=\"https:\/\/www.montpellier.fr\/vie-quotidienne\/vivre-ici\/se-cultiver\/expositions-et-musees\/espace-saint-ravy#\/search@43.6091950,3.8769000,15.00\" target=\"_blank\" rel=\"noopener\">Espace Saint-Ravy \u2013 Ville de Montpellier<\/a>), jusqu\u2019au 8\u00a0f\u00e9vrier 2026. Elle indiquera tous les \u00e9l\u00e9ments n\u00e9cessaires \u00e0 la constitution du dossier \u00e0 d\u00e9poser.<\/p>\n<p>Les propositions seront soumises \u00e0 une commission d\u00e9sign\u00e9e par le maire, compos\u00e9e de professionnels du monde de l\u2019art et de repr\u00e9sentants de la municipalit\u00e9. Les r\u00e9sultats de cette s\u00e9lection seront communiqu\u00e9s par courrier \u00e0 l\u2019ensemble des participants.<\/p>\n<p>Diversit\u00e9 des expressions artistiques<\/p>\n<p><strong>Crit\u00e8res de s\u00e9lection<\/strong>\u00a0: l\u2019originalit\u00e9 de la d\u00e9marche\u00a0; la diversit\u00e9 des expressions artistiques\u00a0; le soin apport\u00e9 \u00e0 la construction du dossier (visuels, textes, l\u00e9gendes)\u00a0; l\u2019insertion du projet par rapport au lieu d\u2019exposition\u00a0; la pr\u00e9sence d\u2019une probl\u00e9matique de projet d\u2019exposition \/ la pr\u00e9sence d\u2019une note d\u2019intention d\u2019exposition<\/p>\n<p>Chaque ann\u00e9e, le jury a \u00e0 c\u0153ur de donner la priorit\u00e9 aux artistes ayant peu, voire jamais expos\u00e9, et d\u2019offrir au public la plus grande diversit\u00e9 possible en mati\u00e8re d\u2019expressions artistiques.<\/p>\n<p>Professionnalisation<\/p>\n<p>Ces derni\u00e8res ann\u00e9es, la Ville de Montpellier a fait \u00e9voluer le fonctionnement de l\u2019espace Saint-Ravy. Depuis la saison 2023-2024, les artistes s\u00e9lectionn\u00e9s sont r\u00e9mun\u00e9r\u00e9s pour la monstration de leurs \u0153uvres. Cela s\u2019accompagne \u00e9galement du d\u00e9ploiement d\u2019un effectif de surveillance municipal et donc de la fin de la mise \u00e0 disposition.<\/p>\n<p>Les artistes s\u00e9lectionn\u00e9s travaillent alors en collaboration avec la Ville, de la s\u00e9lection d\u2019\u0153uvres jusqu\u2019au d\u00e9montage de l\u2019exposition. La vis\u00e9e est de les professionnaliser en les confrontant \u00e0 l\u2019exercice de conditions r\u00e9elles d\u2019une exposition organis\u00e9e dans un cadre institutionnel \u00e0 petite \u00e9chelle.<\/p>\n<p>L\u2019espace Saint-Ravy<\/p>\n<p>\u00ab\u00a0Dans la volont\u00e9 permanente de diffuser l\u2019art dans la ville et de favoriser l\u2019acc\u00e8s \u00e0 la culture au plus grand nombre mais aussi de soutenir la jeune cr\u00e9ation\u00a0\u00bb, la Ville de Montpellier d\u00e9die l\u2019espace Saint-Ravy \u00e0 la pr\u00e9sentation du travail des artistes \u00e9mergents de Montpellier M\u00e9diterran\u00e9e M\u00e9tropole. Cette salle d\u2019exposition, situ\u00e9e en plein c\u0153ur de la ville et ouverte gratuitement \u00e0 tous les publics, accueille environ 25\u00a0000 visiteurs chaque ann\u00e9e.<\/p>\n<p>Pour tout renseignement suppl\u00e9mentaire\u00a0: contact.saintravy@ville-montpellier.fr.\u00a0Espace Saint-Ravy, place Saint-Ravy \u00e0 <a href=\"https:\/\/www.midilibre.fr\/herault\/montpellier\/\" target=\"_blank\" rel=\"noopener\">Montpellier\u00a0<\/a>: ouvert du mardi au dimanche de 10\u00a0h \u00e0 13\u00a0heures et de\u00a014\u00a0h \u00e0 18\u00a0h en p\u00e9riode hivernale\u00a0; de 11\u00a0h \u00e0 13\u00a0heures et de 14\u00a0h \u00e0 19\u00a0heures en p\u00e9riode estivale.<\/p>\n","protected":false},"excerpt":{"rendered":"La Ville de Montpellier lancera lundi 5\u00a0janvier 2026 l\u2019appel \u00e0 projets pour l\u2019\u00e9laboration de la saison d\u2019expositions 2026-2027&hellip;\n","protected":false},"author":2,"featured_media":636350,"comment_status":"","ping_status":"","sticky":false,"template":"","format":"standard","meta":{"footnotes":""},"categories":[9599],"tags":[1111,11,872,1777,674,1349,1011,27,7089,2208,12,2680,25],"class_list":{"0":"post-636349","1":"post","2":"type-post","3":"status-publish","4":"format-standard","5":"has-post-thumbnail","7":"category-montpellier","8":"tag-actu","9":"tag-actualites","10":"tag-culture-et-loisirs","11":"tag-eu","12":"tag-europe","13":"tag-expositions","14":"tag-fr","15":"tag-france","16":"tag-herault","17":"tag-montpellier","18":"tag-news","19":"tag-occitanie","20":"tag-republique-francaise"},"share_on_mastodon":{"url":"https:\/\/pubeurope.com\/@fr\/115825992301427737","error":""},"_links":{"self":[{"href":"https:\/\/www.europesays.com\/fr\/wp-json\/wp\/v2\/posts\/636349","targetHints":{"allow":["GET"]}}],"collection":[{"href":"https:\/\/www.europesays.com\/fr\/wp-json\/wp\/v2\/posts"}],"about":[{"href":"https:\/\/www.europesays.com\/fr\/wp-json\/wp\/v2\/types\/post"}],"author":[{"embeddable":true,"href":"https:\/\/www.europesays.com\/fr\/wp-json\/wp\/v2\/users\/2"}],"replies":[{"embeddable":true,"href":"https:\/\/www.europesays.com\/fr\/wp-json\/wp\/v2\/comments?post=636349"}],"version-history":[{"count":0,"href":"https:\/\/www.europesays.com\/fr\/wp-json\/wp\/v2\/posts\/636349\/revisions"}],"wp:featuredmedia":[{"embeddable":true,"href":"https:\/\/www.europesays.com\/fr\/wp-json\/wp\/v2\/media\/636350"}],"wp:attachment":[{"href":"https:\/\/www.europesays.com\/fr\/wp-json\/wp\/v2\/media?parent=636349"}],"wp:term":[{"taxonomy":"category","embeddable":true,"href":"https:\/\/www.europesays.com\/fr\/wp-json\/wp\/v2\/categories?post=636349"},{"taxonomy":"post_tag","embeddable":true,"href":"https:\/\/www.europesays.com\/fr\/wp-json\/wp\/v2\/tags?post=636349"}],"curies":[{"name":"wp","href":"https:\/\/api.w.org\/{rel}","templated":true}]}}